{"id":2407,"date":"2014-06-08T10:51:27","date_gmt":"2014-06-08T08:51:27","guid":{"rendered":"http:\/\/www.reunion68.se\/?p=2407"},"modified":"2014-06-08T10:55:19","modified_gmt":"2014-06-08T08:55:19","slug":"lekarze-getta-warszawskiego","status":"publish","type":"post","link":"https:\/\/www.reunion68.se\/?p=2407","title":{"rendered":"Lekarze getta warszawskiego"},"content":{"rendered":"<h3 style=\"text-align: center;\"><a href=\"http:\/\/swieccyzydzi.pl\/\" target=\"_blank\"><img decoding=\"async\" class=\"alignleft\" title=\"Strona g\u0142\u00f3wna\" src=\"http:\/\/swieccyzydzi.pl\/sites\/default\/files\/n2469\/sz_logo_3_180_shorter_z_napisem.png\" alt=\"\u015awieccy \u017bydzi\" width=\"400\" \/><\/a><span style=\"text-decoration: underline;\"><strong><span style=\"color: #000080; text-decoration: underline;\"><a href=\"http:\/\/swieccyzydzi.pl\/lekarze-getta-warszawskiego\" target=\"_blank\">Lekarze getta warszawskiego<\/a><\/span><\/strong><\/span><\/h3>\n<p style=\"text-align: center;\"><span style=\"color: #808080;\">Sobota, 7 czerwiec, 2014 &#8211; 08:20<\/span><br \/>\n<strong><span style=\"color: #808080;\"> Maria Ciesielska<\/span><\/strong><\/p>\n<p><span style=\"color: #000080;\">Wobec narastaj\u0105cej fali prze\u015bladowa\u0144 \u017byd\u00f3w w III Rzeszy, w 1933 roku lekarze Szpitala \u017bydowskiego na Czystem w Warszawie og\u0142osili oficjalny protest. Dyrektor szpitala, Antoni Goldman, poda\u0142 do prasy lekarskiej, \u017ce ordynatorzy i wszyscy pozostali lekarze szpitala zaprzestali stosowania \u015brodk\u00f3w farmaceutycznych produkcji niemieckiej, a tak\u017ce zaniechali kupna i prenumeraty ksi\u0105\u017cek i czasopism medycznych wydawanych w Rzeszy. Protest pozosta\u0142 niezauwa\u017cony.<img decoding=\"async\" loading=\"lazy\" class=\"imagecache imagecache-w400 alignright\" title=\"Lekarze getta warszawskiego\" src=\"http:\/\/swieccyzydzi.pl\/sites\/default\/files\/imagecache\/w400\/n2469\/formularzizbylekarskiej.jpg\" alt=\"Formularz Rejestracyjny Izby Lekarskiej Warszawsko-Bia\u0142ostockiej dr Arno Kleszczelskiego\" width=\"400\" height=\"585\" \/><\/span><\/p>\n<p><span style=\"color: #000080;\">W 1937 roku, niekt\u00f3re polskie uniwersytety przyj\u0119\u0142y limit 10 procent student\u00f3w \u017cydowskich, ograniczaj\u0105c tym samym dost\u0119p do nauki \u017bydom (numerus clausus). Oficjalnym powodem takiej polityki by\u0142a ch\u0119\u0107 wyr\u00f3wnania szans m\u0142odzie\u017cy polskiej. Przegl\u0105daj\u0105c od kilku lat teczki student\u00f3w Wydzia\u0142u Lekarskiego Uniwersytetu Warszawskiego nieustannie spotykam si\u0119 z powtarzaj\u0105cymi si\u0119 rokrocznie podaniami o przyj\u0119cie na pierwszy rok studi\u00f3w adept\u00f3w pochodzenia \u017cydowskiego. Zwykle mogli si\u0119 oni pochwali\u0107 bardzo dobrymi wynikami egzamin\u00f3w maturalnych, ale nie byli immatrykulowani w\u0142a\u015bnie z powodu swojego pochodzenia. Szcz\u0119\u015bliwcom wstemplowywano w indeks wpis nakazuj\u0105cy zajmowanie okre\u015blonych miejsc na sali. Na Wydziale Lekarskim Uniwersytetu Warszawskiego by\u0142y to \u0142awki z numerami nieparzystymi. Zosta\u0142o to wkr\u00f3tce nazwane gettem \u0142awkowym. Reakcje m\u0142odzie\u017cy jak i wyk\u0142adowc\u00f3w by\u0142y r\u00f3\u017cne, od aprobaty do ostentacyjnego stania podczas wyk\u0142ad\u00f3w, na znak niezgody i solidarno\u015bci z \u017cydowskimi kolegami.<\/span><\/p>\n<p><span style=\"color: #000080;\">Najbardziej presti\u017cowe towarzystwo medyczne w Warszawie &#8211; Towarzystwo Lekarskie Warszawskie (TLW), zaprzesta\u0142o przyjmowania w swoje szeregi lekarzy \u017byd\u00f3w w po\u0142owie lat trzydziestych. Na znak protestu, wybitny lekarz, publicysta i spo\u0142ecznik dr Zygmunt Kramsztyk wyst\u0105pi\u0142 z Towarzystwa Lekarskiego anga\u017cuj\u0105c sw\u00f3j czas w dzia\u0142alno\u015b\u0107 Towarzystwa Medycyny Spo\u0142ecznej. Dr Zofia Rozenblum-Szyma\u0144ska wspomina, \u017ce na nied\u0142ugo przed wybuchem wojny TLW w og\u00f3le skre\u015bli\u0142o nazwiska lekarzy \u017byd\u00f3w z listy swych cz\u0142onk\u00f3w.<\/span><\/p>\n<p><span style=\"color: #000080;\">Czytaj wiecej tu: <span style=\"text-decoration: underline;\"><strong><a href=\"http:\/\/swieccyzydzi.pl\/lekarze-getta-warszawskiego\" target=\"_blank\"><span style=\"color: #000080; text-decoration: underline;\">Lekarze getta warszawskiego<\/span><\/a><\/strong><\/span><\/span><\/p>\n<hr \/>\n","protected":false},"excerpt":{"rendered":"<p>Lekarze getta warszawskiego Sobota, 7 czerwiec, 2014 &#8211; 08:20 Maria Ciesielska Wobec narastaj\u0105cej fali prze\u015bladowa\u0144 \u017byd\u00f3w w III Rzeszy, w 1933 roku lekarze Szpitala \u017bydowskiego na Czystem w Warszawie og\u0142osili oficjalny protest. Dyrektor szpitala, Antoni Goldman, poda\u0142 do prasy lekarskiej, \u017ce ordynatorzy i wszyscy pozostali lekarze szpitala zaprzestali stosowania \u015brodk\u00f3w farmaceutycznych produkcji niemieckiej, a tak\u017ce [&hellip;]<\/p>\n","protected":false},"author":1,"featured_media":0,"comment_status":"closed","ping_status":"closed","sticky":false,"template":"","format":"standard","meta":[],"categories":[4],"tags":[24],"_links":{"self":[{"href":"https:\/\/www.reunion68.se\/index.php?rest_route=\/wp\/v2\/posts\/2407"}],"collection":[{"href":"https:\/\/www.reunion68.se\/index.php?rest_route=\/wp\/v2\/posts"}],"about":[{"href":"https:\/\/www.reunion68.se\/index.php?rest_route=\/wp\/v2\/types\/post"}],"author":[{"embeddable":true,"href":"https:\/\/www.reunion68.se\/index.php?rest_route=\/wp\/v2\/users\/1"}],"replies":[{"embeddable":true,"href":"https:\/\/www.reunion68.se\/index.php?rest_route=%2Fwp%2Fv2%2Fcomments&post=2407"}],"version-history":[{"count":13,"href":"https:\/\/www.reunion68.se\/index.php?rest_route=\/wp\/v2\/posts\/2407\/revisions"}],"predecessor-version":[{"id":2421,"href":"https:\/\/www.reunion68.se\/index.php?rest_route=\/wp\/v2\/posts\/2407\/revisions\/2421"}],"wp:attachment":[{"href":"https:\/\/www.reunion68.se\/index.php?rest_route=%2Fwp%2Fv2%2Fmedia&parent=2407"}],"wp:term":[{"taxonomy":"category","embeddable":true,"href":"https:\/\/www.reunion68.se\/index.php?rest_route=%2Fwp%2Fv2%2Fcategories&post=2407"},{"taxonomy":"post_tag","embeddable":true,"href":"https:\/\/www.reunion68.se\/index.php?rest_route=%2Fwp%2Fv2%2Ftags&post=2407"}],"curies":[{"name":"wp","href":"https:\/\/api.w.org\/{rel}","templated":true}]}}