{"id":24255,"date":"2015-08-02T18:05:21","date_gmt":"2015-08-02T16:05:21","guid":{"rendered":"http:\/\/www.reunion68.se\/?p=24255"},"modified":"2015-07-30T07:19:56","modified_gmt":"2015-07-30T05:19:56","slug":"24255","status":"publish","type":"post","link":"https:\/\/www.reunion68.se\/?p=24255","title":{"rendered":"Imigrant zmia\u017cd\u017cony przez ci\u0119\u017car\u00f3wk\u0119. Dziewi\u0105ta ofiara szturm\u00f3w Eurotunelu"},"content":{"rendered":"<h5 style=\"text-align: center;\"><a href=\"******* \" target=\"_blank\"><img decoding=\"async\" class=\"center alignleft\" src=\"http:\/\/www.reunion68.com\/Biuletyn\/img\/TVN24.jpg\" alt=\"\" \/><\/a><span style=\"text-decoration: underline; color: #000080;\"><strong><a style=\"color: #000080; text-decoration: underline;\" href=\"**************** \" target=\"_blank\">Imigrant zmia\u017cd\u017cony przez ci\u0119\u017car\u00f3wk\u0119. Dziewi\u0105ta ofiara szturm\u00f3w Eurotunelu<\/a><\/strong><\/span><\/h5>\n<hr style=\"height: 15px; background: #d0e6fa; width: 710px;\" \/>\n<p style=\"text-align: left;\"><img decoding=\"async\" loading=\"lazy\" class=\" alignright\" src=\"http:\/\/r-scale-0f.dcs.redcdn.pl\/scale\/o2\/tvn\/web-content\/m\/p1\/i\/cb8acb1dc9821bf74e6ca9068032d623\/334601bd-a937-4216-97f2-f612083dbe78.jpg?type=1&amp;srcmode=0&amp;srcx=1\/1&amp;srcy=0\/1&amp;srcw=1\/1&amp;srch=23\/25&amp;dstw=308&amp;dsth=172\" alt=\"\" width=\"308\" height=\"172\" \/><strong><span style=\"color: #333333;\">Niemal dwa tysi\u0105ce nielegalnych imigrant\u00f3w pr\u00f3bowa\u0142o we Francji w nocy z poniedzia\u0142ku na wtorek wedrze\u0107 si\u0119 na teren terminalu tunelu pod kana\u0142em La Manche. Jeden zgin\u0105\u0142 pod ko\u0142ami ci\u0119\u017car\u00f3wki.<\/span><\/strong><\/p>\n<p style=\"text-align: left;\"><span style=\"color: #000080;\">Rzecznik firmy zarz\u0105dzaj\u0105cej Eurotunelem przekaza\u0142 we wtorek, \u017ce imigranci pr\u00f3bowali sforsowa\u0107 ogrodzenie wok\u00f3\u0142 terminalu dla pasa\u017cer\u00f3w mi\u0119dzy p\u00f3\u0142noc\u0105 a godzin\u0105 sz\u00f3st\u0105 rano. Odpiera\u0142o ich oko\u0142o 200 stra\u017cnik\u00f3w i policjant\u00f3w.<\/span><\/p>\n<p style=\"text-align: left;\"><span style=\"color: #000080;\">Pocz\u0105tkowo poinformowano, \u017ce kilku imigrant\u00f3w zosta\u0142o rannych, ale rano okaza\u0142o si\u0119, \u017ce jeden zmar\u0142. Mia\u0142 dosta\u0107 si\u0119 pod ko\u0142a ci\u0119\u017car\u00f3wki i zosta\u0107 &#8220;zmia\u017cd\u017cony&#8221;. Nie wiadomo, jakie by\u0142y dok\u0142adne okoliczno\u015bci wypadku.<\/span><\/p>\n<p style=\"text-align: left;\"><span style=\"color: #333333;\"><strong>Chcieli jecha\u0107 kolej\u0105<\/strong><\/span><\/p>\n<p style=\"text-align: left;\"><span style=\"color: #000080;\">&#8211; To by\u0142a najwi\u0119ksza w swojej skali pr\u00f3ba wtargni\u0119cia od p\u00f3\u0142tora miesi\u0105ca &#8211; podkre\u015bli\u0142 rzecznik Eurotunelu. Wyja\u015bni\u0142, \u017ce imigranci pr\u00f3bowali wej\u015b\u0107 na pok\u0142ad wagon\u00f3w, kt\u00f3re sta\u0142y na bocznicy terminalu.<\/span><\/p>\n<p style=\"text-align: left;\"><span style=\"color: #000080;\">Do opanowania sytuacji firma zarz\u0105dzaj\u0105ca musia\u0142a zmobilizowa\u0107 wszystkich swoich ochroniarzy po francuskiej stronie, czyli niemal 200 os\u00f3b. W dodatku wezwa\u0142a na pomoc policj\u0119.<\/span><\/p>\n<p style=\"text-align: left;\"><span style=\"color: #000080;\">Poci\u0105g pasa\u017cerski jad\u0105cy tej nocy z Wielkiej Brytanii zosta\u0142 op\u00f3\u017aniony o godzin\u0119, a jad\u0105cy z Francji o p\u00f3\u0142 godziny.<\/span><\/p>\n<p style=\"text-align: left;\"><strong><span style=\"color: #333333;\">Bez zmian<\/span><\/strong><\/p>\n<p style=\"text-align: left;\"><span style=\"color: #000080;\">&#8211; Co\u015b takiego zdarza si\u0119 co noc &#8211; powiedzia\u0142 rzecznik, m\u00f3wi\u0105c o pr\u00f3bach wdarcia si\u0119 na teren terminalu przez imigrant\u00f3w.<\/span><\/p>\n<p style=\"text-align: left;\"><span style=\"color: #000080;\">Wed\u0142ug oficjalnych szacunk\u00f3w, oko\u0142o trzy tysi\u0105ce nielegalnych imigrant\u00f3w &#8211; g\u0142\u00f3wnie z Etiopii, Erytrei, Sudanu i Afganistanu &#8211; koczuje w okolicach Calais w nadziei, \u017ce uda im si\u0119 dosta\u0107 do Wielkiej Brytanii.<\/span><\/p>\n<p style=\"text-align: left;\"><span style=\"color: #000080;\">Tego lata o\u015bmiu z nich zgin\u0119\u0142o, pr\u00f3buj\u0105c pokona\u0107 kana\u0142 La Manche podmorskim tunelem. Nie dalej, jak w zesz\u0142ym tygodniu, na dachu poci\u0105gu, kt\u00f3ry jecha\u0142 z Calais do Wielkiej Brytanii, znaleziono cia\u0142o nastolatka, najprawdopodobniej nielegalnego imigranta. Najnowsza ofiara by\u0142a dziewi\u0105ta.<\/span><\/p>\n<hr style=\"height: 15px; background: #d0e6fa; width: 710px;\" \/>\n<div id=\"content\" class=\"  content-alignment&lt;br \/&gt;&lt;br \/&gt; \">\n<div id=\"watch-description\" class=\"yt-uix-button-panel\">\n<div id=\"watch-description-text\">\n<p style=\"text-align: center;\"><span style=\"color: #808080;\"> twoje uwagi, linki, wlasne artykuly, lub wiadomosci przeslij do: <strong><span style=\"text-decoration: underline;\"><span style=\"color: #808080; text-decoration: underline;\"><a href=\"mailto:webmaster@reunion68.com\">webmaster@reunion68.com<\/a><\/span><\/span><\/strong><\/span><\/p>\n<\/div>\n<\/div>\n<\/div>\n<p>&nbsp;<\/p>\n<hr style=\"width: 710px;\" \/>\n","protected":false},"excerpt":{"rendered":"<p>Imigrant zmia\u017cd\u017cony przez ci\u0119\u017car\u00f3wk\u0119. Dziewi\u0105ta ofiara szturm\u00f3w Eurotunelu Niemal dwa tysi\u0105ce nielegalnych imigrant\u00f3w pr\u00f3bowa\u0142o we Francji w nocy z poniedzia\u0142ku na wtorek wedrze\u0107 si\u0119 na teren terminalu tunelu pod kana\u0142em La Manche. Jeden zgin\u0105\u0142 pod ko\u0142ami ci\u0119\u017car\u00f3wki. Rzecznik firmy zarz\u0105dzaj\u0105cej Eurotunelem przekaza\u0142 we wtorek, \u017ce imigranci pr\u00f3bowali sforsowa\u0107 ogrodzenie wok\u00f3\u0142 terminalu dla pasa\u017cer\u00f3w mi\u0119dzy p\u00f3\u0142noc\u0105 [&hellip;]<\/p>\n","protected":false},"author":1,"featured_media":0,"comment_status":"closed","ping_status":"closed","sticky":false,"template":"","format":"standard","meta":[],"categories":[6],"tags":[26,24],"_links":{"self":[{"href":"https:\/\/www.reunion68.se\/index.php?rest_route=\/wp\/v2\/posts\/24255"}],"collection":[{"href":"https:\/\/www.reunion68.se\/index.php?rest_route=\/wp\/v2\/posts"}],"about":[{"href":"https:\/\/www.reunion68.se\/index.php?rest_route=\/wp\/v2\/types\/post"}],"author":[{"embeddable":true,"href":"https:\/\/www.reunion68.se\/index.php?rest_route=\/wp\/v2\/users\/1"}],"replies":[{"embeddable":true,"href":"https:\/\/www.reunion68.se\/index.php?rest_route=%2Fwp%2Fv2%2Fcomments&post=24255"}],"version-history":[{"count":13,"href":"https:\/\/www.reunion68.se\/index.php?rest_route=\/wp\/v2\/posts\/24255\/revisions"}],"predecessor-version":[{"id":24266,"href":"https:\/\/www.reunion68.se\/index.php?rest_route=\/wp\/v2\/posts\/24255\/revisions\/24266"}],"wp:attachment":[{"href":"https:\/\/www.reunion68.se\/index.php?rest_route=%2Fwp%2Fv2%2Fmedia&parent=24255"}],"wp:term":[{"taxonomy":"category","embeddable":true,"href":"https:\/\/www.reunion68.se\/index.php?rest_route=%2Fwp%2Fv2%2Fcategories&post=24255"},{"taxonomy":"post_tag","embeddable":true,"href":"https:\/\/www.reunion68.se\/index.php?rest_route=%2Fwp%2Fv2%2Ftags&post=24255"}],"curies":[{"name":"wp","href":"https:\/\/api.w.org\/{rel}","templated":true}]}}