{"id":24325,"date":"2015-08-06T18:09:28","date_gmt":"2015-08-06T16:09:28","guid":{"rendered":"http:\/\/www.reunion68.se\/?p=24325"},"modified":"2015-08-04T14:47:36","modified_gmt":"2015-08-04T12:47:36","slug":"24325","status":"publish","type":"post","link":"https:\/\/www.reunion68.se\/?p=24325","title":{"rendered":"Zburzy\u0107 dom \u017byd\u00f3w"},"content":{"rendered":"<h5 style=\"text-align: center;\"><a href=\"http:\/\/www.listyznaszegosadu.pl\/\" target=\"_blank\"><img decoding=\"async\" class=\"center alignleft\" src=\"http:\/\/www.reunion68.com\/Biuletyn\/img\/z-naszego.jpg\" alt=\"\" width=\"400\" \/><\/a><span style=\"text-decoration: underline; color: #000080;\"><strong><a style=\"color: #000080; text-decoration: underline;\" href=\"http:\/\/www.listyznaszegosadu.pl\/listy-do-pani-z\/zburzyc-dom-zydow\" target=\"_blank\">Zburzy\u0107 dom \u017byd\u00f3w<\/a><\/strong><\/span><\/h5>\n<p style=\"text-align: center;\"><span style=\"color: #333333;\"><strong>Andrzej Koraszewski<\/strong><\/span><\/p>\n<hr style=\"height: 15px; background: #d0e6fa; width: 710px;\" \/>\n<p style=\"text-align: left;\"><img decoding=\"async\" class=\" alignright\" src=\"http:\/\/www.listyznaszegosadu.pl\/upload\/article\/bild\/9443\/629674\/15950627-iran--circa-1991-a-stamp-printed-in-iran-devoted-to-world-child-day-circa-1991_s.jpg\" alt=\"\" border=\"0\" \/><strong><span style=\"color: #333333;\">Pisze Pani o zdj\u0119ciach oddzia\u0142ywuj\u0105cych na nasze emocje. Odczuwa Pani niepok\u00f3j z powodu tego polowania na nasze uczucia. Opisuje Pani konkretne zdj\u0119cie ofiar zamachu, dwie kobiety trzymaj\u0105 si\u0119 za r\u0119ce, le\u017c\u0105 martwe na chodniku, trzymaj\u0105ce si\u0119 za r\u0119ce postaci m\u0142odych kobiet. W czwartym akapicie pisze Pani, \u017ce chodzi o zamach w tureckim mie\u015bcie na granicy z Syri\u0105, \u017ce zgin\u0119\u0142y 32 osoby, \u017ce jedna z ofiar by\u0142a kurdyjsk\u0105 lekark\u0105. Nie pyta Pani co oznacza zamach terrorystyczny ISIS na terenie Turcji, nie pisze Pani, \u017ce miasto jest g\u0142\u00f3wnie kurdyjskie i zamach skierowany by\u0142 przeciwko Kurdom, \u017ce ofiarami byli uczestnicy spotkania Kurdyjskiej Federacji Socjalistycznej M\u0142odzie\u017cy.<\/span><\/strong><\/p>\n<p style=\"text-align: left;\"><span style=\"color: #000080;\">Ma Pani poczucie, \u017ce to zdj\u0119cie jest bezp\u0142atn\u0105 reklam\u0105, \u017ce daj\u0105 ISIS reklam\u0119 i s\u0142aw\u0119.<\/span><\/p>\n<p style=\"text-align: left;\"><span style=\"color: #000080;\">Powiedzenie, \u017ce jedno zdj\u0119cie jest warte wi\u0119cej ni\u017c tysi\u0105c s\u0142\u00f3w, jest od dawna bana\u0142em. Powtarzane jest w k\u00f3\u0142ko od 1911 roku. W miar\u0119 pojawiania si\u0119 coraz lepszego sprz\u0119tu fotograficznego i coraz lepszych technik druku, zdj\u0119cia wypycha\u0142y z gazet coraz wi\u0119cej tekstu. W dobie Internetu i fotografii cyfrowej przechodzimy do komunikacji obrazkowej.<\/span><\/p>\n<p style=\"text-align: left;\"><span style=\"color: #000080;\">Pani pytanie, czy powinni\u015bmy dokumentowa\u0107 zdj\u0119ciami ka\u017cd\u0105 kropl\u0119 przelanej krwi, jest zasadne. Wa\u017cna jest uczciwa pe\u0142na informacja. Informacja o faktach, kt\u00f3ra nie ma wy\u0142\u0105cznie na celu wywo\u0142ania w nas uczu\u0107 gniewu i oburzenia, kt\u00f3ra b\u0119dzie rzeteln\u0105 relacj\u0105 o tym, co si\u0119 sta\u0142o i pozwoli na samodzielne wyrobienie sobie opinii.<\/span><\/p>\n<p style=\"text-align: left;\"><span style=\"color: #000080;\">Nie jestem pewien, czy podzielam Pani zdanie, \u017ce to zdj\u0119cie jest reklam\u0105, lub chocia\u017cby kryptoreklam\u0105 ISIS. Oczywi\u015bcie nie mam poj\u0119cia jak takie zdj\u0119cie dzia\u0142a na ludzi z patologiczn\u0105 osobowo\u015bci\u0105.<\/span><\/p>\n<p style=\"text-align: left;\"><span style=\"color: #000080;\">Ogl\u0105da\u0142em niedawno zdj\u0119cia z nagranego przez ISIS wideo, na kt\u00f3rym dziesi\u0119ciolatek podrzyna gard\u0142o zwi\u0105zanemu m\u0119\u017cczy\u017anie. Sam fakt przekazania \u015bwiatu tej filmowej dokumentacji \u015bwiadczy, \u017ce s\u0105 dumni ze swojego barbarzy\u0144stwa i s\u0105 przekonani, \u017ce to bestialstwo mo\u017ce by\u0107 dla wielu atrakcj\u0105. Czy powinni\u015bmy widzie\u0107 te zdj\u0119cia, czy wystarczy ograniczy\u0107 si\u0119 do s\u0142\u00f3w? Nie wiem, nie bardzo rozumiem co mo\u017ce oznacza\u0107 w tym kontek\u015bcie s\u0142owo \u201epowinni\u015bmy\u201d?<\/span><\/p>\n<p style=\"text-align: left;\"><span style=\"color: #000080;\">Zamach w tureckim, kurdyjskim mie\u015bcie jest dla mnie powodem do pyta\u0144 powa\u017cniejszych. Wzburzona zdj\u0119ciem wspomina go Pani marginalnie, a przecie\u017c ten zamach by\u0142 atakiem na ide\u0119 budowania domu Kurd\u00f3w. Idea budowania domu Kurd\u00f3w jest bardziej znienawidzona przez Turk\u00f3w ni\u017c przez ISIS. Od stuleci morduje si\u0119 za sam\u0105 my\u015bl o domu Kurd\u00f3w. ISIS nienawidzi Kurd\u00f3w tylko za to, \u017ce si\u0119 broni\u0105. W\u0142a\u015bnie prezydent Obama wyda\u0142 przyzwolenie na ludob\u00f3jstwo Kurd\u00f3w przez Turcj\u0119. Turcja rozpocz\u0119\u0142a bombardowanie irackich Kurd\u00f3w. John Kerry nie pojedzie z misj\u0105 pokojow\u0105 do Istambu\u0142u. Europejskie media r\u00f3wnie\u017c nie okazuj\u0105 najmniejszego zaniepokojenia. Wszystko jest wspaniale.<\/span><\/p>\n<p style=\"text-align: left;\"><span style=\"color: #000080;\">Czy s\u0142ysza\u0142a Pani o stowarzyszeniach solidarno\u015bci z Kurdami? Ja nie spotka\u0142em takich stowarzysze\u0144. Nie widzia\u0142em r\u00f3wnie\u017c zdj\u0119\u0107 ludzi chodz\u0105cych na ulicy z plakatami \u201eJestem Kurdem\u201d. Nie by\u0142o takich demonstracji, kiedy Saddam Husajn u\u017cy\u0142 broni chemicznej morduj\u0105c ca\u0142e kurdyjskie wsie, nie by\u0142o ich, kiedy ISIS oblega\u0142 Kobane, ani kiedy w Turcji mordowano Kurd\u00f3w demonstruj\u0105cych na rzecz swoich rodak\u00f3w po drugiej stronie granicy. Teraz ISIS zaatakowa\u0142 Kurd\u00f3w na terenie Turcji. Turecki premier odrzuca oskar\u017cenia, \u017ce turecka policja co\u015b zaniedba\u0142a. A czy turecki wywiad m\u00f3g\u0142 ISIS w czym\u015b pom\u00f3c? Lepiej nie wkracza\u0107 na teren niebezpiecznych spekulacji. Wiemy z pewno\u015bci\u0105 (w oparciu o rzetelne badania), \u017ce w spo\u0142ecze\u0144stwie tureckim s\u0105 silne sympatie do ISIS i jeszcze silniejsza nienawi\u015b\u0107 do Kurd\u00f3w.<\/span><\/p>\n<p style=\"text-align: left;\"><span style=\"color: #000080;\">Czyta\u0142em niedawno artyku\u0142 wspania\u0142ej tureckiej dziennikarki, Uzay Bulut, kt\u00f3ra r\u00f3wnie\u017c wspomina ten zamach w Suru\u00e7 tylko marginalnie. Pani czytelnik zareagowa\u0142 na Pani artyku\u0142 atakiem na Ameryk\u0119 i inne kraje zachodnie, twierdzi, \u017ce wszystkie okropno\u015bci w muzu\u0142ma\u0144skim \u015bwiecie s\u0105 win\u0105 Zachodu. Mieszkaj\u0105ca w Ankarze Uzay Bulut ma na ten temat inne zdanie. Ta wychowana w muzu\u0142ma\u0144skiej rodzinie dziennikarka pisze mi\u0119dzy innymi:<\/span><\/p>\n<p style=\"text-align: left; padding-left: 90px;\"><span style=\"color: #333333;\"><em>\u201eZa ka\u017cdym razem kiedy ISIS, Boko Haram, Iran, lub jakakolwiek grupa terrorystyczna jest przedmiotem dyskusji, wielu ludzi uwa\u017ca, \u017ce winnym za dokonane przez nich zniszczenia i morderstwa jest Zach\u00f3d. Nic nie mog\u0142oby by\u0107 dalsze od prawdy. Obwinianie narod\u00f3w Zachodu za z\u0142e strony \u015bwiata muzu\u0142ma\u0144skiego jest po prostu odmian\u0105 ksenofobii i pr\u00f3b\u0105 zepchni\u0119cia winy, co nie pozwala nam zrozumie\u0107 prawdziwej przyczyny problemu.\u201d<\/em><\/span><\/p>\n<p style=\"text-align: left;\"><span style=\"color: #000080;\">Uzay Bulut przypomina, \u017ce we wszystkich miejscach na \u015bwiecie, kt\u00f3re s\u0105 zdominowane przez islam, obserwujemy dyskryminacj\u0119 mniejszo\u015bci religijnych, kobiet, libera\u0142\u00f3w, opozycji politycznej. W tej dyskryminacji bior\u0105 r\u00f3wnie\u017c udzia\u0142 muzu\u0142manie niemaj\u0105cy \u017cadnych zwi\u0105zk\u00f3w z grupami islamistycznymi. Pisze, \u017ce idea d\u017cihadu, czyli podporz\u0105dkowania nie-muzu\u0142man\u00f3w muzu\u0142manom (w\u0142asnej odmiany) jest g\u0142\u0119boko zakorzeniona w \u015bwi\u0119tych pismach, w historii islamu i w mentalno\u015bci muzu\u0142ma\u0144skich spo\u0142ecze\u0144stw.<\/span><\/p>\n<p style=\"text-align: left;\"><span style=\"color: #000080;\">Wychowana w religii muzu\u0142ma\u0144skiej turecka dziennikarka przypomina, \u017ce od si\u00f3dmego wieku armie muzu\u0142ma\u0144skie naje\u017cd\u017ca\u0142y i grabi\u0142y ziemie \u017cyd\u00f3w, chrze\u015bcijan, hindus\u00f3w, buddyst\u00f3w, zaratusztrian i innych. Muzu\u0142manie byli i nadal s\u0105 kolonialistami, kt\u00f3rzy przynosz\u0105 zacofanie i wojn\u0119 z wszelkim o\u015bwieceniem. Ona r\u00f3wnie\u017c jest krytyczna wobec Zachodu, jej krytyka ma jednak inny charakter ni\u017c krytyka formu\u0142owana przez Pani czytelnik\u00f3w. Jeden z wielu Pani czytelnik\u00f3w pisze:<\/span><\/p>\n<p style=\"text-align: left; padding-left: 90px;\"><em><span style=\"color: #333333;\">\u201eUSA (i niezapomnijmy tu o roli Izraela) zamieni\u0142a Bliski Wsch\u00f3d i p\u00f3\u0142nocn\u0105 Afryk\u0119 w morderczy koszmar, w wojenn\u0105 po\u017cog\u0119. Khadafi , kt\u00f3ry w Afryce by\u0142 przeszkod\u0105 dla AFRICOM zosta\u0142 usuni\u0119ty i wszelkiego rodzaju paramilitarne grupy szkolone i wyposa\u017cone przez US morduj\u0105 i pal\u0105 ca\u0142e regiony -The U.S. Military Swarms Over Africa.\u201d<\/span><\/em><\/p>\n<p style=\"text-align: left;\"><span style=\"color: #000080;\">Uzay Bulut widzi to troszk\u0119 inaczej:<\/span><\/p>\n<p style=\"text-align: left; padding-left: 90px;\"><span style=\"color: #333333;\"><em>\u201ePowinni\u015bmy tak\u017ce krytykowa\u0107 Zach\u00f3d \u2013 i innych, jak Organizacj\u0119 Narod\u00f3w Zjednoczonych i jej wypaczony raport z wojny w Gazie \u2013 za popieranie tych, kt\u00f3rzy dumnie dokonuj\u0105 atak\u00f3w terrorystycznych przeciwko cywilom izraelskim, i powinni\u015bmy krytykowa\u0107 Zach\u00f3d za nie stani\u0119cie po stronie pa\u0144stwa Izrael w obliczu ludob\u00f3jczej nienawi\u015bci do \u017byd\u00f3w. [&#8230;]Dzia\u0142acze praw cz\u0142owieka i akademicy na Zachodzie k\u0142ami\u0105 muzu\u0142manom o ich kulturze, jak te\u017c k\u0142ami\u0105, kiedy ostro krytykuj\u0105 i zwalaj\u0105 na Ameryk\u0119, Europ\u0119 lub \u201esyjonist\u00f3w\u201d win\u0119 za problemy muzu\u0142man\u00f3w; to nigdy nie mo\u017ce doprowadzi\u0107 do \u017cadnego pozytywnego rozwoju w \u015bwiecie muzu\u0142ma\u0144skim. Za te problemy odpowiedzialna jest kultura islamska i ideologia religijna.\u201d<\/em><\/span><\/p>\n<p style=\"text-align: left;\"><span style=\"color: #000080;\">Dla tych Pani czytelnik\u00f3w bohaterami a zarazem ofiarami Zachodu s\u0105 postaci takie jak Chomeini, Saddam Husajn, Muammar Kaddafi, Mursi czy przyw\u00f3dcy Hezbollahu i Hamasu. Turecka dziennikarka jest przekonana, \u017ce imperialne idee podparte nienawi\u015bci\u0105 do Zachodu, do wszelkiego humanizmu i wspieraj\u0105c\u0105 t\u0119 nienawi\u015b\u0107 anty\u017cydowsk\u0105 obsesj\u0105, to zagro\u017cenie dla muzu\u0142ma\u0144skiego \u015bwiata i dla wszystkich innych.<\/span><\/p>\n<p style=\"text-align: left;\"><span style=\"color: #000080;\">Zdaje si\u0119, \u017ce ju\u017c opowiada\u0142em Pani, \u017ce zajmowa\u0142em si\u0119 kiedy\u015b histori\u0105 gospodarki. Moim mistrzem by\u0142 jedyny czarny laureat nagrody Nobla w ekonomii, Arthur W. Lewis. Lewis po\u015bwi\u0119ci\u0142 swoje \u017cycie badaniom przyczyn niepowodze\u0144 reform gospodarczych w krajach trzeciego \u015bwiata. Nie by\u0142 specjalnie popularny, bo nie interesowa\u0142a go krytyka kolonializmu, ani Zachodu. Jego badania pokazywa\u0142y niedwuznacznie, \u017ce g\u0142\u00f3wny ci\u0119\u017car winy spoczywa\u0142 na rodzimych elitach, \u017ce w\u0142adze kolonialne nie zakazywa\u0142y o\u015bwiaty, ani reformy rolnej, \u017ce stare elity broni\u0142y feudalnego porz\u0105dku, a nowe karmi\u0142y si\u0119 niezadowoleniem mas, ale ani jedne, ani drugie nie troszczy\u0142y si\u0119 ani o uw\u0142aszczenie ludu, ani o wolny handel, ani o r\u00f3wno\u015b\u0107 wobec prawa. Koloniali\u015bci przynosili wi\u0119cej post\u0119pu ni\u017c chcia\u0142y na to pozwoli\u0107 miejscowe elity. Nie by\u0142a to w \u017caden spos\u00f3b pochwa\u0142a kolonializmu, prowadzi\u0142 drobiazgowe badania, kt\u00f3re pokazywa\u0142y, \u017ce w jednych krajach udawa\u0142o si\u0119 przerwa\u0107 obroty b\u0142\u0119dnego ko\u0142a, a w innych, przy podobnych lub nawet mniejszych przeciwno\u015bciach losu, widzieli\u015bmy pog\u0142\u0119biaj\u0105ce si\u0119 zacofanie.<\/span><\/p>\n<p style=\"text-align: left;\"><span style=\"color: #000080;\">Odnosi si\u0119 wra\u017cenie, \u017ce ci Pani czytelnicy doskonale czuliby si\u0119 w odurzonym zbiorow\u0105 nienawi\u015bci\u0105 t\u0142umie wrzeszcz\u0105cym \u201e\u015amier\u0107 Ameryce, \u015bmier\u0107 Izraelowi\u201d. Pojawia si\u0119 zasadne pytanie: jak osi\u0105ga si\u0119 ten stan zbiorowego odurzenia nienawi\u015bci\u0105?<\/span><\/p>\n<p style=\"text-align: left;\"><span style=\"color: #000080;\">Uczestnicy tych t\u0142um\u00f3w mog\u0105 by\u0107 w najwy\u017cszym stopniu oburzeni zdj\u0119ciow\u0105 dokumentacj\u0105 barbarzy\u0144stwa ISIS i r\u00f3wnocze\u015bnie patrze\u0107 oboj\u0119tnie na publiczne egzekucje w Iranie, a nawet \u017c\u0105da\u0107 kary \u015bmierci na tych, kt\u00f3rzy ujawniaj\u0105, co dzieje si\u0119 w ira\u0144skich wi\u0119zieniach. Problem publikacji zdj\u0119\u0107 dokumentuj\u0105cych zbrodnie jest bardzo powa\u017cny.<\/span><\/p>\n<p style=\"text-align: left;\"><span style=\"color: #000080;\">Czy zna Pani zdj\u0119cia Margaret Burke-White z Buchenwaldu zrobione w kwietniu 1945 roku? Czy pokazywanie tych zdj\u0119\u0107 kolejnym pokoleniom jest rzecz\u0105 niew\u0142a\u015bciw\u0105? By\u0107 mo\u017ce wa\u017cny jest kontekst i intencje?<\/span><\/p>\n<p style=\"text-align: left;\"><span style=\"color: #000080;\">Genera\u0142 Eisenhowernakaza\u0142 w\u00f3wczas sporz\u0105dzenie zdj\u0119ciowej i filmowej dokumentacji, by nikt nie m\u00f3g\u0142 powiedzie\u0107, \u017ce tego wszystkiego nie by\u0142o. Dzi\u015b te zdj\u0119cia pokazywane s\u0105 rzadko, pewnie ze wzgl\u0119du na ich drastyczno\u015b\u0107.<\/span><\/p>\n<p style=\"text-align: left;\"><span style=\"color: #000080;\">Obraz publikowany w gazecie, pokazywany w telewizji, w Internecie, przekazywany za po\u015brednictwem twittera nie zawsze jest dokumentacj\u0105, czasem jest fa\u0142szerstwem, mo\u017ce by\u0107 r\u00f3wnie\u017c prawd\u0105. Niemieccy nazi\u015bci og\u0142osili \u015bwiatu prawd\u0119 o zbrodni katy\u0144skiej. \u015awiat zachodni odm\u00f3wi\u0142 wiary, polscy politycy, badacze i dziennikarze mieli powa\u017cny problem. By\u0142o bardzo wiele poszlak by podejrzewa\u0107, \u017ce wiele tysi\u0119cy polskich oficer\u00f3w zosta\u0142o zlikwidowanych przez NKWD. Samo badanie niemieckiej dokumentacji wydawa\u0142o si\u0119 naszym zachodnim sojusznikom czym\u015b wielce niestosownym.<\/span><\/p>\n<p style=\"text-align: left;\"><span style=\"color: #000080;\">Rola obrazu w mediach i propagandzie to wielki problem. Czy zbiera\u0142a Pani kiedy\u015b znaczki pocztowe? Dzi\u015b to ju\u017c nie jest modne. Przekaz za po\u015brednictwem znaczka dociera\u0142 r\u00f3wnie\u017c do tych, kt\u00f3rzy nie szukaj\u0105 informacji. Chcia\u0142bym Pani opowiedzie\u0107 o dw\u00f3ch znaczkach pocztowych. Pierwszy z nich pochodzi z Iranu, puszczony w obieg w 1991 roku, by\u0142 wydany z okazji dnia Dziecka. Widzimy na nim kilkuletniego ch\u0142opca rzucaj\u0105cego kamieniem w szyb\u0119 z gwiazd\u0105 Dawida. Ten znaczek przypomnia\u0142 mi relacje jak pod koniec XIX wieku jeme\u0144scy \u017bydzi zwr\u00f3cili si\u0119 do w\u0142adz w Istambule ze skarg\u0105 na ci\u0105g\u0142e wybijanie szyb przez jeme\u0144skie dzieci. Nakazano w\u0142adzom jeme\u0144skim, \u017ceby co\u015b z tym zrobi\u0142y, odpowied\u017a brzmia\u0142a, \u017ce nie mo\u017cna tego zakaza\u0107, jest to trwaj\u0105ca od setek lat tradycja. By\u0107 mo\u017ce zapomnia\u0142bym o tej historii, gdyby nie opowie\u015b\u0107 brata mojej matki z Poznania, kt\u00f3ry zaraz po pierwszej wojnie \u015bwiatowej zosta\u0142 zapisany do polskiego harcerstwa, gdzie pod nadzorem zast\u0119powych bawiono si\u0119 w wybijanie szyb w \u017cydowskich domach. Ten znaczek pocztowy wydany z okazji Dnia Dziecka jest zaledwie uzupe\u0142nieniem setek przem\u00f3wie\u0144 polityk\u00f3w, miliard\u00f3w dolar\u00f3w przeznaczonych nie na rozw\u00f3j, a na zbrojenie ka\u017cdego, kto wyra\u017ca ochot\u0119 zabijania \u017byd\u00f3w, dorocznych obchod\u00f3w Al-Quds i militarnych plan\u00f3w wymordowania tak \u017cydowskich, jak i arabskich mieszka\u0144c\u00f3w Izraela.<\/span><\/p>\n<p><img decoding=\"async\" loading=\"lazy\" class=\" alignright\" src=\"http:\/\/www.listyznaszegosadu.pl\/upload\/article\/bild\/7346\/629676\/ad_iraq_s.png\" alt=\"\" width=\"468\" height=\"358\" border=\"0\" \/><\/p>\n<p style=\"text-align: left;\"><span style=\"color: #000080;\">Zastanawiam si\u0119, kt\u00f3ry obraz wywo\u0142uje m\u00f3j g\u0142\u0119bszy protest \u2013 zdj\u0119cie dw\u00f3ch ofiar zamachu na uczestnik\u00f3w spotkania kurdyjskiej socjalistycznej m\u0142odzie\u017cy w Turcji, czy ten ira\u0144ski znaczek pocztowy?<\/span><\/p>\n<p style=\"text-align: left;\"><span style=\"color: #000080;\">Drugi znaczek, o kt\u00f3rym chcia\u0142bym Pani opowiedzie\u0107 puszczono w obieg dziesi\u0119\u0107 lat p\u00f3\u017aniej w Iraku. Jego cel by\u0142 podobny, mia\u0142 wywo\u0142a\u0107 uczucia solidarno\u015bci z Palesty\u0144czykami i przekona\u0107 spo\u0142ecze\u0144stwo irackie, \u017ce Irak nienawidzi \u017byd\u00f3w porz\u0105dniej ni\u017c ci wstr\u0119tni Ira\u0144czycy. Symbolem jest oczywi\u015bcie sprawa al-Dury, prawdopodobnie jedno z najwi\u0119kszych k\u0142amstw w propagandzie arabskiej.<\/span><\/p>\n<hr style=\"height: 15px; background: #d0e6fa; width: 710px;\" \/>\n<div id=\"content\" class=\"  content-alignment&lt;br \/&gt;&lt;br \/&gt; \">\n<div id=\"watch-description\" class=\"yt-uix-button-panel\">\n<div id=\"watch-description-text\">\n<p style=\"text-align: center;\"><span style=\"color: #808080;\"> twoje uwagi, linki, wlasne artykuly, lub wiadomosci przeslij do: <strong><span style=\"text-decoration: underline;\"><span style=\"color: #808080; text-decoration: underline;\"><a href=\"mailto:webmaster@reunion68.com\">webmaster@reunion68.com<\/a><\/span><\/span><\/strong><\/span><\/p>\n<\/div>\n<\/div>\n<\/div>\n<p>&nbsp;<\/p>\n<hr style=\"width: 710px;\" \/>\n","protected":false},"excerpt":{"rendered":"<p>Zburzy\u0107 dom \u017byd\u00f3w Andrzej Koraszewski Pisze Pani o zdj\u0119ciach oddzia\u0142ywuj\u0105cych na nasze emocje. Odczuwa Pani niepok\u00f3j z powodu tego polowania na nasze uczucia. Opisuje Pani konkretne zdj\u0119cie ofiar zamachu, dwie kobiety trzymaj\u0105 si\u0119 za r\u0119ce, le\u017c\u0105 martwe na chodniku, trzymaj\u0105ce si\u0119 za r\u0119ce postaci m\u0142odych kobiet. W czwartym akapicie pisze Pani, \u017ce chodzi o zamach [&hellip;]<\/p>\n","protected":false},"author":1,"featured_media":0,"comment_status":"closed","ping_status":"closed","sticky":false,"template":"","format":"standard","meta":[],"categories":[6],"tags":[26,24],"_links":{"self":[{"href":"https:\/\/www.reunion68.se\/index.php?rest_route=\/wp\/v2\/posts\/24325"}],"collection":[{"href":"https:\/\/www.reunion68.se\/index.php?rest_route=\/wp\/v2\/posts"}],"about":[{"href":"https:\/\/www.reunion68.se\/index.php?rest_route=\/wp\/v2\/types\/post"}],"author":[{"embeddable":true,"href":"https:\/\/www.reunion68.se\/index.php?rest_route=\/wp\/v2\/users\/1"}],"replies":[{"embeddable":true,"href":"https:\/\/www.reunion68.se\/index.php?rest_route=%2Fwp%2Fv2%2Fcomments&post=24325"}],"version-history":[{"count":14,"href":"https:\/\/www.reunion68.se\/index.php?rest_route=\/wp\/v2\/posts\/24325\/revisions"}],"predecessor-version":[{"id":24339,"href":"https:\/\/www.reunion68.se\/index.php?rest_route=\/wp\/v2\/posts\/24325\/revisions\/24339"}],"wp:attachment":[{"href":"https:\/\/www.reunion68.se\/index.php?rest_route=%2Fwp%2Fv2%2Fmedia&parent=24325"}],"wp:term":[{"taxonomy":"category","embeddable":true,"href":"https:\/\/www.reunion68.se\/index.php?rest_route=%2Fwp%2Fv2%2Fcategories&post=24325"},{"taxonomy":"post_tag","embeddable":true,"href":"https:\/\/www.reunion68.se\/index.php?rest_route=%2Fwp%2Fv2%2Ftags&post=24325"}],"curies":[{"name":"wp","href":"https:\/\/api.w.org\/{rel}","templated":true}]}}