{"id":2446,"date":"2014-06-09T06:45:31","date_gmt":"2014-06-09T04:45:31","guid":{"rendered":"http:\/\/www.reunion68.se\/?p=2446"},"modified":"2014-06-09T07:13:34","modified_gmt":"2014-06-09T05:13:34","slug":"gdy-ukraina-byla-polska-kolonia","status":"publish","type":"post","link":"https:\/\/www.reunion68.se\/?p=2446","title":{"rendered":"Gdy Ukraina by\u0142a polsk\u0105 koloni\u0105&#8230;"},"content":{"rendered":"<table width=\"100%\">\n<tbody>\n<tr>\n<td style=\"align: left;\"><img decoding=\"async\" class=\"alignleft\" src=\"http:\/\/www.reunion68.com\/Biuletyn\/img\/newsweek.jpg\" alt=\"\" \/><\/td>\n<td style=\"text-align: right; align: center;\"><strong><span style=\"color: #000080; text-decoration: underline;\"><a href=\"http:\/\/historia.newsweek.pl\/ukraina-historia-polskiej-kolonizacji-newsweek-pl,artykuly,286899,1.html\" target=\"_blank\"><span style=\"color: #000080; text-decoration: underline;\">Gdy Ukraina by\u0142a polsk\u0105 koloni\u0105&#8230;<\/span><\/a><\/span><\/strong><span style=\"color: #808080;\"><em><span class=\"date\">26-05-2014 , ostatnia aktualizacja 26-05-2014 15:03<\/span><\/em><\/span><\/td>\n<\/tr>\n<\/tbody>\n<\/table>\n<p><span style=\"color: #000080;\"><strong>Ch\u0142op\u00f3w ukrai\u0144skich traktowano jak niewolnik\u00f3w jeszcze w XIX w. Niekt\u00f3rzy ziemianie byli przekonani, \u017ce ch\u0142op nie ma duszy.<\/strong><\/span><\/p>\n<p style=\"text-align: left;\"><span style=\"color: #000080;\">Newsweek Historia: &#8211; Jak pan ocenia postaw\u0119 polskich polityk\u00f3w wobec Majdanu?<\/span><\/p>\n<p style=\"text-align: left;\"><span style=\"color: #000080;\">Daniel Beauvois*: Entuzjastycznie. Podziwiam ich poparcie dla ukrai\u0144skich patriot\u00f3w. Gdyby \u017cy\u0142 Jerzy Giedroyc, ucieszy\u0142by si\u0119 niezmiernie.<\/span><\/p>\n<p style=\"text-align: left;\"><span style=\"color: #000080;\">Pozwalam sobie te\u017c my\u015ble\u0107, \u017ce i ja troch\u0119 si\u0119 przyczyni\u0142em do tej diametralnie nowej postawy. Dzi\u0119ki Bogu, Polska rezygnuje z dawnego kompleksu wy\u017cszo\u015bci w stosunku do Ukrai\u0144c\u00f3w. U\u015bwiadomiwszy sobie okropno\u015bci dawnych czas\u00f3w, mo\u017ce dzi\u015b odgrywa\u0107 ca\u0142kiem now\u0105 rol\u0119.<\/span><\/p>\n<p style=\"text-align: left;\"><span style=\"color: #000080;\">Newsweek Historia: W pa\u0144skiej ksi\u0105\u017cce \u201eTr\u00f3jk\u0105t ukrai\u0144ski\u201d jest przera\u017caj\u0105ca lista, ci\u0105gn\u0105ca si\u0119 przez dwie strony: pan zakatowa\u0142 ch\u0142opa na \u015bmier\u0107, co uznano \u201eza zgodne z wol\u0105 Bosk\u0105\u201d, ekonom zat\u0142uk\u0142 ci\u0119\u017carn\u0105 kobiet\u0119 \u2013 dosta\u0142 dwa tygodnie aresztu. Wszystko to dzieje si\u0119 nie w XV wieku, tylko w latach 30. XIX w. A jednak pisano, \u017ce pan przesadza, \u017ce okrutnicy zdarzaj\u0105 si\u0119 wsz\u0119dzie.<\/span><\/p>\n<p style=\"text-align: left;\"><span style=\"color: #000080;\">Daniel Beauvois: Przecie\u017c to s\u0105 fakty zapisane w trybuna\u0142ach polskich, przeniesione potem do archiw\u00f3w rosyjskich! Statut Litewski, kt\u00f3ry powsta\u0142 w XVI wie<img decoding=\"async\" class=\"articleImg alignright\" title=\"FOTOGRAFIA K.XIX WIEKU WYKONANA PRZEZ JULIUSZA DUTKIEWICZA W KO\u0141OMYI - PARA HUCULSKA NA WOZIE.\" src=\"http:\/\/www.newsweek.pl\/g\/i.aspx\/670\/0\/newsweek\/635367114115291352.jpg\" alt=\"EN_00206551_0031\" width=\"400\" border=\"0\" \/>ku, nadal wtedy obowi\u0105zywa\u0142. By\u0142 niezwykle okrutny, pozwala\u0142 ch\u0142op\u00f3w traktowa\u0107 jak niewolnik\u00f3w, jak byd\u0142o. Niekt\u00f3rzy ziemianie byli wr\u0119cz przekonani, \u017ce ch\u0142op nie ma duszy.<br \/>\n<\/span><\/p>\n<p style=\"text-align: left;\"><span style=\"color: #000080;\">Czy wszyscy ziemianie byli tacy? Oczywi\u015bcie bywali panowie, kt\u00f3rzy pomagali swoim ch\u0142opom w czasie powodzi, g\u0142odu czy zasuchy. Jednak z regu\u0142y do ludu jako takiego odnoszono si\u0119, m\u00f3wi\u0105c bardzo \u0142agodnie, z ogromn\u0105 pogard\u0105. A na Ukrainie pogarda by\u0142a jeszcze wi\u0119ksza. Bo prawos\u0142awnych uwa\u017cano za schizmatyk\u00f3w, czyli najgorszy gatunek ch\u0142opstwa.<\/span><\/p>\n<p style=\"text-align: left;\"><span style=\"color: #000080;\">Czytaj wiecej <strong><a href=\"http:\/\/historia.newsweek.pl\/ukraina-historia-polskiej-kolonizacji-newsweek-pl,artykuly,286899,1.html\" target=\"_blank\"><span style=\"color: #000080;\">TU<\/span><\/a><\/strong><\/span><\/p>\n<p style=\"text-align: right;\">[FOTOGRAFIA K.XIX WIEKU WYKONANA PRZEZ JULIUSZA<br \/>\nDUTKIEWICZA W KO\u0141OMYI &#8211; PARA HUCULSKA NA WOZIE.]<\/p>\n<hr \/>\n","protected":false},"excerpt":{"rendered":"<p>Gdy Ukraina by\u0142a polsk\u0105 koloni\u0105&#8230;26-05-2014 , ostatnia aktualizacja 26-05-2014 15:03 Ch\u0142op\u00f3w ukrai\u0144skich traktowano jak niewolnik\u00f3w jeszcze w XIX w. Niekt\u00f3rzy ziemianie byli przekonani, \u017ce ch\u0142op nie ma duszy. Newsweek Historia: &#8211; Jak pan ocenia postaw\u0119 polskich polityk\u00f3w wobec Majdanu? Daniel Beauvois*: Entuzjastycznie. Podziwiam ich poparcie dla ukrai\u0144skich patriot\u00f3w. Gdyby \u017cy\u0142 Jerzy Giedroyc, ucieszy\u0142by si\u0119 niezmiernie. [&hellip;]<\/p>\n","protected":false},"author":1,"featured_media":0,"comment_status":"closed","ping_status":"closed","sticky":false,"template":"","format":"standard","meta":[],"categories":[6],"tags":[24],"_links":{"self":[{"href":"https:\/\/www.reunion68.se\/index.php?rest_route=\/wp\/v2\/posts\/2446"}],"collection":[{"href":"https:\/\/www.reunion68.se\/index.php?rest_route=\/wp\/v2\/posts"}],"about":[{"href":"https:\/\/www.reunion68.se\/index.php?rest_route=\/wp\/v2\/types\/post"}],"author":[{"embeddable":true,"href":"https:\/\/www.reunion68.se\/index.php?rest_route=\/wp\/v2\/users\/1"}],"replies":[{"embeddable":true,"href":"https:\/\/www.reunion68.se\/index.php?rest_route=%2Fwp%2Fv2%2Fcomments&post=2446"}],"version-history":[{"count":36,"href":"https:\/\/www.reunion68.se\/index.php?rest_route=\/wp\/v2\/posts\/2446\/revisions"}],"predecessor-version":[{"id":2486,"href":"https:\/\/www.reunion68.se\/index.php?rest_route=\/wp\/v2\/posts\/2446\/revisions\/2486"}],"wp:attachment":[{"href":"https:\/\/www.reunion68.se\/index.php?rest_route=%2Fwp%2Fv2%2Fmedia&parent=2446"}],"wp:term":[{"taxonomy":"category","embeddable":true,"href":"https:\/\/www.reunion68.se\/index.php?rest_route=%2Fwp%2Fv2%2Fcategories&post=2446"},{"taxonomy":"post_tag","embeddable":true,"href":"https:\/\/www.reunion68.se\/index.php?rest_route=%2Fwp%2Fv2%2Ftags&post=2446"}],"curies":[{"name":"wp","href":"https:\/\/api.w.org\/{rel}","templated":true}]}}