{"id":24498,"date":"2015-08-09T18:09:29","date_gmt":"2015-08-09T16:09:29","guid":{"rendered":"http:\/\/www.reunion68.se\/?p=24498"},"modified":"2015-08-07T07:40:20","modified_gmt":"2015-08-07T05:40:20","slug":"24498","status":"publish","type":"post","link":"https:\/\/www.reunion68.se\/?p=24498","title":{"rendered":"G\u0119si\u00f3wka &#8211; wi\u0119zienie i ob\u00f3z przy ul. G\u0119siej"},"content":{"rendered":"<h5 style=\"text-align: center;\"><a href=\"http:\/\/www.sztetl.org.pl\" target=\"_blank\"><img decoding=\"async\" class=\"center alignleft\" src=\"http:\/\/www.reunion68.com\/Biuletyn\/img\/w-sz.jpg\" alt=\"\" \/><\/a><span style=\"text-decoration: underline; color: #000080;\"><strong><a style=\"color: #000080; text-decoration: underline;\" href=\"http:\/\/www.sztetl.org.pl\/pl\/article\/warszawa\/13,miejsca-martyrologii\/3549,gesiowka-wiezienie-i-oboz-przy-ul-gesiej\/?action=viewtable\" target=\"_blank\">G\u0119si\u00f3wka &#8211; wi\u0119zienie i ob\u00f3z przy ul. G\u0119siej<\/a><\/strong><\/span><\/h5>\n<p style=\"text-align: center;\"><span style=\"color: #333333;\">Autorzy:<strong> Krzysztof Bielawski, Gedeon, <span style=\"text-decoration: underline;\"><a style=\"color: #333333; text-decoration: underline;\" href=\"http:\/\/izrael.badacz.org\" target=\"_blank\">izrael.badacz.org<\/a> <\/span><\/strong><\/span><\/p>\n<hr style=\"height: 15px; background: #d0e6fa; width: 710px;\" \/>\n<div style=\"width: 410px\" class=\"wp-caption alignright\"><img decoding=\"async\" loading=\"lazy\" class=\"bigImage\" src=\"http:\/\/www.sztetl.org.pl\/getfile2.php?class=image&amp;m=&amp;x=400&amp;y=300&amp;id=4506\" alt=\"\" width=\"400\" height=\"300\" \/><p class=\"wp-caption-text\">Tablica pami\u0105tkowa (ul. Anielewicza 34)<\/p><\/div>\n<p style=\"text-align: left;\"><strong><span style=\"color: #333333;\">Podczas drugiej wojny \u015bwiatowej w dawnym wi\u0119zieniu wojskowym przy ul. G\u0119siej 24 nazi\u015bci utworzyli centralny areszt getta (Zentralarrest fuer juedischen Wohnbezirk), formalnie podporz\u0105dkowany warszawskiemu Judenratowi.<\/span><\/strong><\/p>\n<p style=\"text-align: left;\"><span style=\"color: #000080;\">Kompleks wi\u0119zienny sk\u0142ada\u0142 si\u0119 z kilku budynk\u00f3w, po\u0142o\u017conych pomi\u0119dzy ulicami: Zamenhofa, G\u0119si\u0105 (obecnie ul. M. Anielewicza) i Lubeckiego. Opr\u00f3cz \u017byd\u00f3w osadzano tu tak\u017ce osoby narodowo\u015bci romskiej. W celach mog\u0105cych pomie\u015bci\u0107 \u0142\u0105cznie oko\u0142o trzystu os\u00f3b, zamykano nawet powy\u017cej dw\u00f3ch tysi\u0119cy wi\u0119\u017ani\u00f3w. W wyniku przepe\u0142nienia cel, katastrofalnych warunk\u00f3w sanitarnych, g\u0142odu i chor\u00f3b wielu aresztant\u00f3w umiera\u0142o. Ludwik Hirszfeld w ksi\u0105\u017cce &#8220;Historia jednego \u017cycia&#8221; tak wspomina wi\u0119zienie: &#8220;Jako przewodnicz\u0105cy Rady Zdrowia chodzi\u0142em do wi\u0119zienia na G\u0119siej. Przeznaczone przed wojn\u0105 na 200-30 os\u00f3b mie\u015bci\u0142o 1.200. Z lewej strony mniejsze cele dla inteligencji po 8-10 os\u00f3b, maj\u0105 zakratowane okno. Cele dla proletariatu maj\u0105 tylko ma\u0142e okienka pod sufitem. T\u0142ok &#8211; nie ma miejsca by usi\u0105\u015b\u0107 ani tym bardziej po\u0142o\u017cy\u0107 si\u0119. Wi\u0119\u017aniowie dusz\u0105 si\u0119, umieraj\u0105 wskutek zatrucia dwutlenkiem w\u0119gla&#8221;.<\/span><\/p>\n<p style=\"text-align: left;\"><span style=\"color: #000080;\">Na terenie aresztu dokonywano egzekucji. Na jednym z trzech dziedzi\u0144c\u00f3w wi\u0119ziennych ofiary by\u0142y przywi\u0105zywane do s\u0142upk\u00f3w, a nast\u0119pnie rozstrzeliwane przez funkcjonariuszy policji granatowej. Przytoczmy tu fragment wydanej w 1942 r. ksi\u0105\u017cki &#8220;Likwidacja ghetta warszawskiego&#8221; autorstwa Antoniego Szymanowskiego: &#8220;\u015aroda, 5 VIII. Wi\u0119zienie \u017cydowskie przy ul. G\u0119siej zosta\u0142o opr\u00f3\u017cnione pierwszego bodaj\u017ce dnia &#8220;akcji&#8221;. Obecnie jest terenem codziennych masowych egzekucyj, masakry starc\u00f3w, chorych, u\u0142omnych kalek, jednym s\u0142owem &#8220;szmelcu&#8221;, kt\u00f3rego nawet wozi\u0107 do Treblinki nie warto. Codziennie ginie tam 50-80 os\u00f3b&#8221;. W lipcu 1942 r. Niemcy wywie\u017ali z aresztu grup\u0119 110 os\u00f3b i nast\u0119pnie zg\u0142adzili ich w Babicach.<\/span><\/p>\n<p style=\"text-align: left;\"><span style=\"color: #000080;\">Wi\u0119zienie zosta\u0142o oficjalnie zlikwidowane w dniu 19 kwietnia 1943 r.. Na terenach wzd\u0142u\u017c ul. G\u0119siej, od ul. Zamenhofa do ul. Okopowej Niemcy utworzyli fili\u0119 obozu na Majdanku. Osadzono w nim grup\u0119 \u017byd\u00f3w, w tym tak\u017ce przesiedle\u0144c\u00f3w z kraj\u00f3w Europy Zachodniej, mi\u0119dzy innymi z Belgii, Holandii, Niemiec, Austrii. Wi\u0119\u017aniowie byli wykorzystywani do prac na terenie zniszczonego getta &#8211; wyszukiwania w ruinach kosztowno\u015bci i rozbi\u00f3rki dom\u00f3w. W obozie od wiosny 1944 roku masowo rozstrzeliwano skaza\u0144c\u00f3w przywiezionych z pobliskiego wi\u0119zienia przy Pawiej, tak zwanego Pawiaka. Zw\u0142oki palono na miejscu.<\/span><\/p>\n<p style=\"text-align: left;\"><span style=\"color: #000080;\">Po wybuchu Powstania Warszawskiego, w dniu 5 sierpnia 1944 r. \u017co\u0142nierze kompanii AK &#8220;Giewont&#8221; z harcerskiego batalionu &#8220;Zo\u015bka&#8221; po trwaj\u0105cym p\u00f3\u0142torej godziny natarciu, opanowali ob\u00f3z i uwolnili 348 przetrzymywanych tam wi\u0119\u017ani\u00f3w. Cz\u0119\u015b\u0107 z nich &#8211; mi\u0119dzy innymi Henryk Lederman i Dawid Goldman ps. Gutek &#8211; przy\u0142\u0105czy\u0142a si\u0119 do powsta\u0144c\u00f3w i kontynuowa\u0142a walk\u0119 z okupantem.<\/span><\/p>\n<p style=\"text-align: left;\"><span style=\"color: #000080;\">Julian Grzesik w ksi\u0105\u017cce zatytu\u0142owanej &#8220;Zag\u0142ada \u017byd\u00f3w 1939-1945&#8221; tak opisa\u0142 wyzwolenie obozu: <span style=\"color: #333333;\"><em>&#8220;\u017bydowscy wi\u0119\u017aniowie us\u0142yszeli detonacje, a\u017c baraki zatrz\u0119s\u0142y si\u0119 w posadach. Zrobi\u0142o si\u0119 ca\u0142kiem ciemno i nast\u0105pi\u0142a przera\u017caj\u0105ca cisza przerwana nie niemieck\u0105, lecz polsk\u0105 mow\u0105. By\u0142o pytanie: &#8220;Ch\u0142opcy kim jeste\u015bcie?&#8221;. Odpowied\u017a brzmia\u0142a: &#8220;Jeste\u015bmy \u017bydami!&#8221;. Uwi\u0119zieni us\u0142yszeli: &#8220;Jeste\u015bcie wolni!&#8221;. Taboretami zacz\u0119to wybija\u0107 szyby okien i wydostawa\u0107 si\u0119 na zewn\u0105trz. Potem w euforii uwolnieni \u017bydzi zacz\u0119li biega\u0107 po placu i krzycze\u0107 a\u017c do ochrypni\u0119cia: &#8220;Niech \u017cyje Polska!&#8221;. (&#8230;.) Jakub Wi\u015bnia, osadzony na Pawiaku, w tak zwanej &#8220;\u00f3semce &#8211; \u017cydowskiej celi \u015bmierci&#8221;, potem w &#8220;G\u0119si\u00f3wce&#8221; zapisa\u0142 rozmow\u0119 z jednym oficerem &#8220;Zo\u015bki&#8221;. Ten zapyta\u0142 go: sk\u0105d pochodzi, czy ma rodzin\u0119 i co zamierza robi\u0107 dalej. Odpowied\u017a o rodzinie by\u0142a z g\u00f3ry do przewidzenia. Utraci\u0142 wszystkich, straci\u0142 nadziej\u0119, ale pragnie z ca\u0142ego serca wzi\u0105\u0107 udzia\u0142 w powstaniu. I w taki oto spos\u00f3b on, \u017byd Jakub Wi\u015bnia i jego towarzysze znale\u017ali si\u0119 w batalionie&#8221;.<\/em><\/span><\/span><\/p>\n<p style=\"text-align: left;\"><span style=\"color: #000080;\">Grupa oko\u0142o 50 by\u0142ych wi\u0119\u017ani\u00f3w G\u0119si\u00f3wki &#8211; \u017byd\u00f3w greckich, rumu\u0144skich i w\u0119gierskich &#8211; zgin\u0119\u0142a z r\u0105k Niemc\u00f3w oko\u0142o 6 sierpnia 1944 r. w sk\u0142adzie narz\u0119dzi rolniczych fabryki Kirchmayera i Marczewskiego przy ul. Wolskiej 79\/81[1.1].<\/span><\/p>\n<p style=\"text-align: left;\"><span style=\"color: #000080;\">Po wojnie na \u015bcianie bloku przy ul. Anielewicza 34 ods\u0142oni\u0119to tablic\u0119 pami\u0105tkow\u0105 z napisem o tre\u015bci: &#8220;5 sierpnia 1944 roku harcerski batalion &#8216;Zo\u015bka&#8217; zgrupowania &#8216;Rados\u0142aw&#8217; Armii Krajowej zdoby\u0142 niemiecki ob\u00f3z koncentracyjny &#8216;G\u0119si\u00f3wka&#8217; i uwolni\u0142 348 wi\u0119\u017ani\u00f3w \u017byd\u00f3w obywateli r\u00f3\u017cnych kraj\u00f3w Europy. Wielu z nich walczy\u0142o i poleg\u0142o w Powstaniu Warszawskim&#8221;.<\/span><\/p>\n<hr style=\"height: 15px; background: #d0e6fa; width: 710px;\" \/>\n<div id=\"content\" class=\"  content-alignment&lt;br \/&gt;&lt;br \/&gt; \">\n<div id=\"watch-description\" class=\"yt-uix-button-panel\">\n<div id=\"watch-description-text\">\n<p style=\"text-align: center;\"><span style=\"color: #808080;\"> twoje uwagi, linki, wlasne artykuly, lub wiadomosci przeslij do: <strong><span style=\"text-decoration: underline;\"><span style=\"color: #808080; text-decoration: underline;\"><a href=\"mailto:webmaster@reunion68.com\">webmaster@reunion68.com<\/a><\/span><\/span><\/strong><\/span><\/p>\n<\/div>\n<\/div>\n<\/div>\n<p>&nbsp;<\/p>\n<hr style=\"width: 710px;\" \/>\n","protected":false},"excerpt":{"rendered":"<p>G\u0119si\u00f3wka &#8211; wi\u0119zienie i ob\u00f3z przy ul. G\u0119siej Autorzy: Krzysztof Bielawski, Gedeon, izrael.badacz.org Podczas drugiej wojny \u015bwiatowej w dawnym wi\u0119zieniu wojskowym przy ul. G\u0119siej 24 nazi\u015bci utworzyli centralny areszt getta (Zentralarrest fuer juedischen Wohnbezirk), formalnie podporz\u0105dkowany warszawskiemu Judenratowi. Kompleks wi\u0119zienny sk\u0142ada\u0142 si\u0119 z kilku budynk\u00f3w, po\u0142o\u017conych pomi\u0119dzy ulicami: Zamenhofa, G\u0119si\u0105 (obecnie ul. M. Anielewicza) i [&hellip;]<\/p>\n","protected":false},"author":1,"featured_media":0,"comment_status":"closed","ping_status":"closed","sticky":false,"template":"","format":"standard","meta":[],"categories":[4],"tags":[26,24],"_links":{"self":[{"href":"https:\/\/www.reunion68.se\/index.php?rest_route=\/wp\/v2\/posts\/24498"}],"collection":[{"href":"https:\/\/www.reunion68.se\/index.php?rest_route=\/wp\/v2\/posts"}],"about":[{"href":"https:\/\/www.reunion68.se\/index.php?rest_route=\/wp\/v2\/types\/post"}],"author":[{"embeddable":true,"href":"https:\/\/www.reunion68.se\/index.php?rest_route=\/wp\/v2\/users\/1"}],"replies":[{"embeddable":true,"href":"https:\/\/www.reunion68.se\/index.php?rest_route=%2Fwp%2Fv2%2Fcomments&post=24498"}],"version-history":[{"count":14,"href":"https:\/\/www.reunion68.se\/index.php?rest_route=\/wp\/v2\/posts\/24498\/revisions"}],"predecessor-version":[{"id":24503,"href":"https:\/\/www.reunion68.se\/index.php?rest_route=\/wp\/v2\/posts\/24498\/revisions\/24503"}],"wp:attachment":[{"href":"https:\/\/www.reunion68.se\/index.php?rest_route=%2Fwp%2Fv2%2Fmedia&parent=24498"}],"wp:term":[{"taxonomy":"category","embeddable":true,"href":"https:\/\/www.reunion68.se\/index.php?rest_route=%2Fwp%2Fv2%2Fcategories&post=24498"},{"taxonomy":"post_tag","embeddable":true,"href":"https:\/\/www.reunion68.se\/index.php?rest_route=%2Fwp%2Fv2%2Ftags&post=24498"}],"curies":[{"name":"wp","href":"https:\/\/api.w.org\/{rel}","templated":true}]}}