{"id":24762,"date":"2015-08-10T18:09:03","date_gmt":"2015-08-10T16:09:03","guid":{"rendered":"http:\/\/www.reunion68.se\/?p=24762"},"modified":"2015-08-10T07:02:52","modified_gmt":"2015-08-10T05:02:52","slug":"24762","status":"publish","type":"post","link":"https:\/\/www.reunion68.se\/?p=24762","title":{"rendered":"Otwieramy rekrutacj\u0119 na kurs przewodnicki po wystawie sta\u0142ej Muzeum POLIN"},"content":{"rendered":"<h5 style=\"text-align: center;\"><a href=\"http:\/\/www.polin.pl\/\" target=\"_blank\"><img decoding=\"async\" class=\"center alignleft\" src=\"http:\/\/www.reunion68.com\/Biuletyn\/img\/MHZP.jpg\" alt=\"\" \/><\/a><span style=\"text-decoration: underline; color: #000080;\"><strong><a style=\"color: #000080; text-decoration: underline;\" href=\"http:\/\/www.polin.pl\/pl\/aktualnosci\/2015\/08\/06\/otwieramy-rekrutacje-na-kurs-przewodnicki-po-wystawie-stalej\" target=\"_blank\">Otwieramy rekrutacj\u0119 na kurs przewodnicki po wystawie sta\u0142ej Muzeum POLIN<\/a><\/strong><\/span><\/h5>\n<hr style=\"height: 15px; background: #d0e6fa; width: 710px;\" \/>\n<p style=\"text-align: left;\"><img decoding=\"async\" id=\"fileid-6515\" class=\"cell-img isocell-8_2 aligncenter\" title=\"\" src=\"http:\/\/www.polin.pl\/sites\/default\/files\/styles\/isocell_8_2\/public\/pictures\/10679882_869237806434434_655169139924820499_o.jpg?itok=qEDWetpW\" alt=\"\" width=\"710\" \/><br \/>\n<strong><span style=\"color: #333333;\">Chcesz zosta\u0107 przewodnikiem\/przewodniczk\u0105 po pierwszej na \u015bwiecie wystawie, pokazuj\u0105cej 1000 lat historii \u017byd\u00f3w w Polsce? Chcesz zwi\u0105za\u0107 si\u0119 z najnowocze\u015bniejszym muzeum w kraju, odwiedzanym przez go\u015bci z ca\u0142ego \u015bwiata? Zosta\u0144 przewodnikiem w Muzeum Historii \u017byd\u00f3w Polskich POLIN.<\/span><\/strong><\/p>\n<p style=\"text-align: left;\"><span style=\"color: #000080;\">Ju\u017c we wrze\u015bniu rusza kolejna edycja kursu szkoleniowego 1000 lat historii \u017byd\u00f3w Polskich \u2013 wystawa sta\u0142a organizowanego przez Muzeum Historii \u017byd\u00f3w Polskich POLIN i we wsp\u00f3\u0142pracy z Biurem Podr\u00f3\u017cy \u201eGuide Service\u201d.<\/span><\/p>\n<p style=\"text-align: left;\"><span style=\"color: #000080;\">Zapraszamy na cykl szkoleniowy, przygotowuj\u0105cy do oprowadzania po ekspozycji sta\u0142ej Muzeum POLIN. Szczeg\u00f3lnie zach\u0119camy osoby studiuj\u0105ce, osoby maj\u0105ce do\u015bwiadczenie w edukacji nieformalnej, nauczycielki i nauczycieli, i wszystkich tych, kt\u00f3rzy chcieliby zmierzy\u0107 si\u0119 z wymagaj\u0105cym, ale fascynuj\u0105cym zawodem przewodniczki\/przewodnika Muzeum POLIN! Osoby, kt\u00f3re uko\u0144cz\u0105 szkolenie i zdadz\u0105 wymagane egzaminy, otrzymaj\u0105 certyfikat przewodnika\/przewodniczki Muzeum POLIN, upowa\u017cniaj\u0105cy do oprowadzania po wystawie sta\u0142ej.<\/span><\/p>\n<p style=\"text-align: left;\"><strong><span style=\"color: #000080;\">Termin i miejsce kursu<\/span><\/strong><\/p>\n<p style=\"text-align: left;\"><span style=\"color: #000080;\">Kurs rozpocznie si\u0119 we wrze\u015bniu 2015, przewidywane zako\u0144czenie egzamin\u00f3w to luty 2016. Zaj\u0119cia odbywa\u0107 si\u0119 b\u0119d\u0105 w Warszawie w budynku Muzeum Historii \u017byd\u00f3w Polskich POLIN, przy ul. Anielewicza 6. Termin sk\u0142adania zg\u0142osze\u0144 up\u0142ywa 23 sierpnia 2015.<\/span><\/p>\n<p style=\"text-align: left;\"><strong><span style=\"color: #000080;\">Procedura kwalifikacji na szkolenie<\/span><\/strong><\/p>\n<p style=\"text-align: left;\"><span style=\"color: #000080;\">Kurs realizowany jest zgodnie z regulaminem dla przewodnik\u00f3w wsp\u00f3\u0142pracuj\u0105cych z Muzeum POLIN. Osoby zainteresowane udzia\u0142em w szkoleniu prosimy o wype\u0142nienie formularza aplikacyjnego dost\u0119pnego tutaj. Prosimy o nadsy\u0142anie wype\u0142nionych formularzy aplikacyjnych drog\u0105 mailow\u0105 na adres: akademiapolin@polin.pl.<\/span><\/p>\n<p style=\"text-align: left;\"><span style=\"color: #000080;\">Wys\u0142anie wype\u0142nionego formularza zg\u0142oszeniowego oznacza zgod\u0119 na udzia\u0142 w rekrutacji, kursie i egzaminach zgodnie z zapisami w Regulaminie.<\/span><\/p>\n<p style=\"text-align: left;\"><strong><span style=\"color: #000080;\">Profil kandydata na przewodnika<\/span><\/strong><br \/>\n<span style=\"color: #000080;\"> \u25fewykszta\u0142cenie<\/span><\/p>\n<p style=\"text-align: left;\"><span style=\"color: #000080;\">Mile widziani b\u0119d\u0105 kandydatki i kandydaci maj\u0105cy wykszta\u0142cenie wy\u017csze oraz studentki i studenci kierunk\u00f3w: hebraistyka, judaistyka, historia, historia sztuki, kulturoznawstwo, etnologia\/antropologia kulturowa, socjologia.<\/span><br \/>\n<span style=\"color: #000080;\"> \u25fedo\u015bwiadczenie zawodowe<\/span><\/p>\n<p style=\"text-align: left;\"><span style=\"color: #000080;\">Mile widziane b\u0119dzie do\u015bwiadczenie m.in.: w: realizacji projekt\u00f3w zwi\u0105zanych z tematyk\u0105 \u017cydowsk\u0105, pracy w charakterze edukatora\/edukatorki, nauczycielki\/nauczyciela (szkolnego lub akademickiego), pracy w charakterze przewodnika\/przewodniczki.<\/span><br \/>\n<span style=\"color: #000080;\"> \u25feznajomo\u015b\u0107 j\u0119zyk\u00f3w obcych<\/span><\/p>\n<p style=\"text-align: left;\"><span style=\"color: #000080;\">Mile widziana b\u0119dzie bieg\u0142a znajomo\u015b\u0107 j\u0119zyk\u00f3w obcych, pozwalaj\u0105ca na oprowadzanie po wystawie w danym j\u0119zyku. Szczeg\u00f3lnie poszukiwane s\u0105 osoby znaj\u0105ce j\u0119zyk hebrajski oraz j\u0119zyki niemiecki i francuski.<\/span><br \/>\n<span style=\"color: #000080;\"> \u25feuko\u0144czone kursy\/szkolenia<\/span><\/p>\n<p style=\"text-align: left;\"><span style=\"color: #000080;\">Mile widziane b\u0119d\u0105 kursy z zakresu edukacji, umiej\u0119tno\u015bci trenerskich i interpersonalnych, zarz\u0105dzania projektami kulturalnymi, tradycji i kultury \u017cydowskiej.<\/span><\/p>\n<p style=\"text-align: left;\"><strong><span style=\"color: #000080;\">Proces rekrutacji<\/span><\/strong><\/p>\n<p style=\"text-align: left;\"><span style=\"color: #000080;\">Komisja dokona wyboru kandydatek i kandydat\u00f3w na podstawie informacji zawartych w formularzu rekrutacyjnym. Osoby zakwalifikowane do szkolenia zostan\u0105 poinformowane drog\u0105 mailow\u0105 do 7 wrze\u015bnia 2015. Warunkiem przyst\u0105pienia do szkolenia b\u0119dzie podpisanie umowy oraz wniesienie op\u0142aty. Umowa zostanie przekazana osobom zakwalifikowanym do szkolenia.<\/span><\/p>\n<p style=\"text-align: left;\"><strong><span style=\"color: #000080;\">Przebieg szkolenia<\/span><\/strong><\/p>\n<p style=\"text-align: left;\"><span style=\"color: #000080;\">Szkolenie b\u0119dzie realizowane w 3 etapach.<\/span><\/p>\n<p style=\"text-align: left;\"><span style=\"color: #000080;\"><strong>Etap 1:<\/strong> przygotowanie do egzaminu teoretycznego z wiedzy historycznej oraz wiedzy dotycz\u0105cej kultury, tradycji i religii \u017cydowskiej<\/span><br \/>\n<span style=\"color: #000080;\"> Wrzesie\u0144 2015 \u2013 27 pa\u017adziernika 2015<\/span><\/p>\n<p style=\"text-align: left;\"><span style=\"color: #000080;\">Celem tego etapu szkolenia jest samodzielne przygotowanie si\u0119 os\u00f3b uczestnicz\u0105cych w szkoleniu do testu sprawdzaj\u0105cego wiedz\u0119 historyczn\u0105 i og\u00f3ln\u0105 znajomo\u015b\u0107 kultury, tradycji i religii \u017cydowskiej. Uczestnicy i uczestniczki kursu b\u0119d\u0105 korzysta\u0142y z materia\u0142\u00f3w szkoleniowych przygotowanych przez Muzeum. Dodatkowo, rekomendowane jest samodzielne eksplorowanie przestrzeni wystawy sta\u0142ej, w celu dog\u0142\u0119bnego zapoznania si\u0119 z jej tematyk\u0105 i form\u0105 prowadzonej narracji. Test sprawdzaj\u0105cy wiedz\u0119 oparty b\u0119dzie o pozycje bibliograficzne przygotowane przez ekspert\u00f3w.<\/span><\/p>\n<p style=\"text-align: left;\"><span style=\"color: #000080;\">W tym etapie uczestnicy otrzymaj\u0105 materia\u0142y szkoleniowe:<\/span><\/p>\n<p style=\"text-align: left; padding-left: 60px;\"><span style=\"color: #000080;\">\u25feCD ze skanami lektur. Lista lektur dost\u0119pna jest tutaj<\/span><br \/>\n<span style=\"color: #000080;\"> \u25fenagrania wyk\u0142ad\u00f3w historycznych dotycz\u0105cych okres\u00f3w omawianych w poszczeg\u00f3lnych galeriach wystawy sta\u0142ej<\/span><br \/>\n<span style=\"color: #000080;\"> \u25feimienn\u0105 kart\u0119 \u201ewolnego wst\u0119pu\u201d do muzeum na czas trwania kursu (pozwalaj\u0105c\u0105 na poznawanie wystawy sta\u0142ej)<\/span><\/p>\n<p style=\"padding-left: 60px; text-align: center;\"><strong><span style=\"color: #000080;\">Termin egzaminu pisemnego (test): 27 pa\u017adziernika 2015<\/span><\/strong><\/p>\n<p style=\"text-align: left;\"><span style=\"color: #000080;\">Szczeg\u00f3\u0142owe informacje o terminie i przebiegu testu zostan\u0105 przekazane osobom zakwalifikowanym na kurs. Do zaliczenia testu potrzebne jest uzyskanie 70% poprawnych odpowiedzi. Zaliczenie testu jest warunkiem przyst\u0105pienia do drugiego etapu szkolenia.<\/span><\/p>\n<p style=\"text-align: left;\"><span style=\"color: #000080;\"><strong>Etap 2:<\/strong> konsultacje i przygotowanie do egzaminu praktycznego<\/span><br \/>\n<span style=\"color: #000080;\"> 4 listopada \u2013 22 listopada 2015<\/span><\/p>\n<p style=\"text-align: left;\"><span style=\"color: #000080;\">Na tym etapie szkolenia zorganizowane zostan\u0105 zaj\u0119cia z metodyki pracy (teoretyczne i praktyczne) oraz spotkania konsultacyjne z kuratorami i kuratorkami poszczeg\u00f3lnych galerii oraz etatowymi przewodniczkami i przewodnikami Muzeum POLIN. Ich celem b\u0119dzie ugruntowanie wiedzy i nauka prezentowania ekspozycji zgodnie z intencjami autor\u00f3w galerii Muzeum POLIN. Na tym etapie szkolenia uczestnicy przygotowuj\u0105 si\u0119 do egzamin\u00f3w praktycznych, korzystaj\u0105c z mo\u017cliwo\u015bci udzia\u0142u w spotkaniach konsultacyjnych.<\/span><\/p>\n<p style=\"text-align: left;\"><span style=\"color: #000080;\">Ramowy plan kursu dost\u0119pny jest tutaj.<\/span><\/p>\n<p style=\"text-align: left;\"><span style=\"color: #000080;\"><strong>Etap 3:<\/strong> egzaminy praktyczne w przestrzeni wystawy sta\u0142ej<\/span><\/p>\n<p style=\"text-align: left;\"><span style=\"color: #000080;\">Egzaminy praktyczne rozpoczn\u0105 si\u0119 w po\u0142owie grudnia 2015. Dok\u0142adne terminy zostan\u0105 ustalone po og\u0142oszeniu wynik\u00f3w egzaminu testowego.<\/span><\/p>\n<p style=\"text-align: left;\"><strong><span style=\"color: #000080;\">Egzaminy praktyczne, cz\u0119\u015b\u0107 I<\/span><\/strong><\/p>\n<p style=\"text-align: left;\"><span style=\"color: #000080;\">Egzamin odb\u0119dzie si\u0119 w przestrzeni wystawy sta\u0142ej, w trzech losowo wybranych galeriach. Zostanie on przeprowadzony z udzia\u0142em kurator\u00f3w i kuratorek, opiekun\u00f3w i opiekunek naukowych oraz merytorycznych pracownik\u00f3w i pracowniczek dzia\u0142u edukacji. Jego celem b\u0119dzie:<\/span><\/p>\n<p style=\"text-align: left; padding-left: 60px;\"><span style=\"color: #000080;\">\u25fesprawdzenie wiedzy historycznej<\/span><br \/>\n<span style=\"color: #000080;\"> \u25feznajomo\u015bci tradycji, kultury i obyczaj\u00f3w \u017cydowskich w odniesieniu do tre\u015bci znajduj\u0105cych si\u0119 na wystawie<\/span><br \/>\n<span style=\"color: #000080;\"> \u25fepraktycznych umiej\u0119tno\u015bci przewodnickich \u2013 tj. prezentacji poszczeg\u00f3lnych galerii zwiedzaj\u0105cym z uwzgl\u0119dnieniem specyfiki r\u00f3\u017cnych grup odbiorc\u00f3w, techniki pracy i przekazu oraz umiej\u0119tno\u015bci interpersonalnych<\/span><\/p>\n<p style=\"text-align: left;\"><strong><span style=\"color: #000080;\">Egzamin praktyczny, cz\u0119\u015b\u0107 II<\/span><\/strong><\/p>\n<p style=\"text-align: left;\"><span style=\"color: #000080;\">Egzamin odb\u0119dzie si\u0119 w przestrzeni wystawy sta\u0142ej. Zadaniem kandydata\/kandydatki na przewodnika b\u0119dzie oprowadzanie po ca\u0142o\u015bci wystawy sta\u0142ej. Podczas tego egzaminu Komisja mo\u017ce r\u00f3wnie\u017c sprawdzi\u0107 umiej\u0119tno\u015b\u0107 oprowadzania we wskazanych przez kandydatki i kandydat\u00f3w j\u0119zykach obcych.<\/span><\/p>\n<p style=\"text-align: left;\"><span style=\"color: #000080;\">Zdanie egzaminu umo\u017cliwi otrzymanie certyfikatu przewodnika Muzeum POLIN, upowa\u017cniaj\u0105cego do oprowadzania po wystawie sta\u0142ej (grup zorganizowanych oraz turyst\u00f3w indywidualnych, w\u0142asnych i zleconych przez muzeum).<\/span><\/p>\n<p style=\"text-align: left;\"><span style=\"color: #000080;\">Koszt szkolenia<\/span><\/p>\n<p style=\"text-align: left;\"><span style=\"color: #000080;\">Pe\u0142en koszt szkolenia wynosi 400 z\u0142. Numer konta zostanie podany osobom zakwalifikowanym do szkolenia. Op\u0142ata za szkolenie b\u0119dzie p\u0142atna w dw\u00f3ch ratach.<\/span><\/p>\n<p style=\"text-align: left;\"><span style=\"color: #000080;\"><strong>Rata 1:<\/strong> 150 z\u0142<\/span><\/p>\n<p style=\"text-align: left;\"><span style=\"color: #000080;\">Osoby zakwalifikowane do uczestnictwa w szkoleniu. Przelew musi zosta\u0107 zrealizowany do 10 wrze\u015bnia 2015.<\/span><\/p>\n<p style=\"text-align: left;\"><span style=\"color: #000080;\"><strong>Rata 2:<\/strong> 250 z\u0142<\/span><\/p>\n<p style=\"text-align: left;\"><span style=\"color: #000080;\">Osoby, kt\u00f3re zdadz\u0105 egzamin pisemny i zostan\u0105 zakwalifikowane do uczestnictwa w drugiej cz\u0119\u015bci szkolenia (zaj\u0119cia i egzaminy praktyczne). Przelew musi zosta\u0107 zrealizowany w ci\u0105gu 7 dni po og\u0142oszeniu wynik\u00f3w testu.<\/span><\/p>\n<p style=\"text-align: left;\"><strong><span style=\"color: #000080;\">Kontakt:<\/span><\/strong><\/p>\n<p style=\"text-align: left;\"><span style=\"color: #000080;\">Wszelkie pytania prosimy kierowa\u0107 na adres <strong><a style=\"color: #000080;\" href=\"mailto:akademiapolin@polin.pl\">akademiapolin@polin.pl<\/a><\/strong><\/span><\/p>\n<p style=\"text-align: left;\"><span style=\"color: #000080;\">Partner projektu: <img decoding=\"async\" style=\"width: 150px; height: 56px;\" src=\"http:\/\/www.polin.pl\/sites\/default\/files\/guide_service.jpg\" alt=\"\" \/><\/span><\/p>\n<hr style=\"height: 15px; background: #d0e6fa; width: 710px;\" \/>\n<div id=\"content\" class=\"  content-alignment&lt;br \/&gt;&lt;br \/&gt; \">\n<div id=\"watch-description\" class=\"yt-uix-button-panel\">\n<div id=\"watch-description-text\">\n<p style=\"text-align: center;\"><span style=\"color: #808080;\"> twoje uwagi, linki, wlasne artykuly, lub wiadomosci przeslij do: <strong><span style=\"text-decoration: underline;\"><span style=\"color: #808080; text-decoration: underline;\"><a href=\"mailto:webmaster@reunion68.com\">webmaster@reunion68.com<\/a><\/span><\/span><\/strong><\/span><\/p>\n<\/div>\n<\/div>\n<\/div>\n<p>&nbsp;<\/p>\n<hr style=\"width: 710px;\" \/>\n","protected":false},"excerpt":{"rendered":"<p>Otwieramy rekrutacj\u0119 na kurs przewodnicki po wystawie sta\u0142ej Muzeum POLIN Chcesz zosta\u0107 przewodnikiem\/przewodniczk\u0105 po pierwszej na \u015bwiecie wystawie, pokazuj\u0105cej 1000 lat historii \u017byd\u00f3w w Polsce? Chcesz zwi\u0105za\u0107 si\u0119 z najnowocze\u015bniejszym muzeum w kraju, odwiedzanym przez go\u015bci z ca\u0142ego \u015bwiata? Zosta\u0144 przewodnikiem w Muzeum Historii \u017byd\u00f3w Polskich POLIN. Ju\u017c we wrze\u015bniu rusza kolejna edycja kursu szkoleniowego [&hellip;]<\/p>\n","protected":false},"author":1,"featured_media":0,"comment_status":"closed","ping_status":"closed","sticky":false,"template":"","format":"standard","meta":[],"categories":[6],"tags":[26,24],"_links":{"self":[{"href":"https:\/\/www.reunion68.se\/index.php?rest_route=\/wp\/v2\/posts\/24762"}],"collection":[{"href":"https:\/\/www.reunion68.se\/index.php?rest_route=\/wp\/v2\/posts"}],"about":[{"href":"https:\/\/www.reunion68.se\/index.php?rest_route=\/wp\/v2\/types\/post"}],"author":[{"embeddable":true,"href":"https:\/\/www.reunion68.se\/index.php?rest_route=\/wp\/v2\/users\/1"}],"replies":[{"embeddable":true,"href":"https:\/\/www.reunion68.se\/index.php?rest_route=%2Fwp%2Fv2%2Fcomments&post=24762"}],"version-history":[{"count":21,"href":"https:\/\/www.reunion68.se\/index.php?rest_route=\/wp\/v2\/posts\/24762\/revisions"}],"predecessor-version":[{"id":24767,"href":"https:\/\/www.reunion68.se\/index.php?rest_route=\/wp\/v2\/posts\/24762\/revisions\/24767"}],"wp:attachment":[{"href":"https:\/\/www.reunion68.se\/index.php?rest_route=%2Fwp%2Fv2%2Fmedia&parent=24762"}],"wp:term":[{"taxonomy":"category","embeddable":true,"href":"https:\/\/www.reunion68.se\/index.php?rest_route=%2Fwp%2Fv2%2Fcategories&post=24762"},{"taxonomy":"post_tag","embeddable":true,"href":"https:\/\/www.reunion68.se\/index.php?rest_route=%2Fwp%2Fv2%2Ftags&post=24762"}],"curies":[{"name":"wp","href":"https:\/\/api.w.org\/{rel}","templated":true}]}}