{"id":2490,"date":"2014-06-09T20:00:58","date_gmt":"2014-06-09T18:00:58","guid":{"rendered":"http:\/\/www.reunion68.se\/?p=2490"},"modified":"2014-06-09T20:40:37","modified_gmt":"2014-06-09T18:40:37","slug":"polscy-zydzi-w-lagrach-sowieckich-2","status":"publish","type":"post","link":"https:\/\/www.reunion68.se\/?p=2490","title":{"rendered":"Polscy \u017bydzi w \u0142agrach sowieckich"},"content":{"rendered":"<h3 style=\"text-align: center;\"><img decoding=\"async\" class=\"alignleft\" title=\"Strona g\u0142\u00f3wna\" src=\"http:\/\/swieccyzydzi.pl\/sites\/default\/files\/n2469\/sz_logo_3_180_shorter_z_napisem.png\" alt=\"\u015awieccy \u017bydzi\" width=\"400\" \/><span style=\"color: #000080; text-decoration: underline;\"><strong><a href=\"http:\/\/swieccyzydzi.pl\/polscy-zydzi-w-sowieckich-lagrach\" target=\"_blank\">Polscy \u017bydzi w \u0142agrach sowieckich<\/a><\/strong><\/span><\/h3>\n<p style=\"text-align: center;\"><span style=\"color: #808080;\"><span class=\"submitted\">wtorek, 6 maj, 2014 &#8211; 22:28<br \/>\n<\/span><strong>Agata Sagan<\/strong><\/span><\/p>\n<p style=\"text-align: left;\"><img decoding=\"async\" class=\"imagecache imagecache-w540 alignright\" title=\"Polscy \u017bydzi w \u0142agrach sowieckich\" src=\"http:\/\/swieccyzydzi.pl\/sites\/default\/files\/imagecache\/w540\/n2469\/workuta-gulag.jpg\" alt=\"P\u0142ot ograniczaj\u0105cy ob\u00f3z w Workucie\" width=\"450\" \/><span style=\"color: #000080;\">Przegl\u0105dam listy os\u00f3b wi\u0119zionych w republice Komi sporz\u0105dzone przez Fundacj\u0119<\/span> \u201e\u041f\u043e\u043a\u0430\u044f\u043d\u0438\u0435\u201d:<\/p>\n<p style=\"text-align: left;\">\u0411\u041b\u042f\u0419\u0425\u041c\u0410\u041d \u0413\u0415\u0420\u041c\u0410\u041d \u0425\u0418\u041b\u0415\u0412\u0418\u0427, 1920 \u0433.\u0440., \u0435\u0432\u0440\u0435\u0439, \u043c.\u0440. \u0433. \u0412\u0430\u0440\u0448\u0430\u0432\u0430&#8230;<br \/>\n\u0413\u0420\u042e\u041d\u041c\u0410\u041d \u042e\u041b\u0418\u0419 \u0418\u041e\u0421\u0418\u0424\u041e\u0412\u0418\u0427, 1907 \u0433.\u0440., \u0435\u0432\u0440\u0435\u0439, \u043c.\u0440. \u0433. \u0412\u0430\u0440\u0448\u0430\u0432\u0430&#8230;<br \/>\n\u0414\u0410\u041d\u0426\u0418\u0413\u0415\u0420 \u0410\u0414\u0415\u041b\u042f \u0412\u041e\u041b\u042c\u0424\u041e\u0412\u041d\u0410, 1897 \u0433.\u0440., \u0435\u0432\u0440\u0435\u0439\u043a\u0430, \u043c.\u0440. \u0433. \u0412\u0430\u0440\u0448\u0430\u0432\u0430\u2026<br \/>\n\u0417\u0418\u041b\u042c\u0411\u0415\u0420\u0428\u0422\u0415\u0419\u041d \u0428\u041c\u0423\u041b\u042f \u0421\u0420\u0423\u041b\u0415\u0412\u0418\u0427, 1904 \u0433.\u0440., \u0435\u0432\u0440\u0435\u0439, \u043c.\u0440. \u0433. \u0412\u0430\u0440\u0448\u0430\u0432\u0430\u2026<\/p>\n<p style=\"text-align: left;\"><span style=\"color: #000080;\">S\u0105 i polscy \u017bydzi z innych miast: z Bielska, Brod, Kocka, Lublina, \u0141odzi, Pu\u0142tuska, Radomia, Tomaszowa Mazowieckiego, Wilna i najprzer\u00f3\u017cniejszych wsi \u2013 niekt\u00f3rych przyznam, \u017ce nie rozpoznaj\u0119 z nazwy lub nie mog\u0119 znale\u017a\u0107 na mapie. By\u0107 mo\u017ce ju\u017c ich nie ma, jak na przyk\u0142ad ma to miejsce na terenie dzisiejszej zachodniej Bia\u0142orusi. Czasem te\u017c nie s\u0105 po prostu wymienione z nazwy. Z danych zebranych przez O\u015brodek \u201eKarta\u201d dla Workuty i okolic (najbardziej znanych \u0142agr\u00f3w Komi i jednych z najbardziej znanych w ca\u0142ym Zwi\u0105zku Radzieckim) wynika, \u017ce prawie 18% Polak\u00f3w, kt\u00f3rzy trafili do tamtejszych \u0142agr\u00f3w w latach 1939\u20131944 by\u0142o pochodzenia \u017cydowskiego. To dwa razy wi\u0119cej ni\u017c by\u0142o ich w przedwojennej populacji Polski. Po 1944 roku z oczywistych wzgl\u0119d\u00f3w by\u0142 to znacznie mniejszy procent, ale poniewa\u017c Polak\u00f3w trafia\u0142o kilkakrotnie wi\u0119cej, liczbowo by\u0142o to wci\u0105\u017c do\u015b\u0107 du\u017co os\u00f3b. Workuckie \u0142agry nie by\u0142y jakim\u015b wyj\u0105tkiem. W innych miejscach, a przynajmniej w wielu z nich, by\u0142o podobnie.<\/span><\/p>\n<p><span style=\"color: #000080;\">Wi\u0119kszo\u015b\u0107 aresztowanych na pocz\u0105tku wojny wysz\u0142o z \u0142agr\u00f3w na bazie amnestii, po podpisaniu uk\u0142adu Sikorski-Majski 30 lipca 1941 roku. Jednak ci aresztowani p\u00f3\u017aniej \u2013 nie. Do aresztowa\u0144 dochodzi\u0142o cz\u0119sto po prostu dlatego, \u017ce jako uciekinierzy znajdowali si\u0119 na obcym terytorium bez dokument\u00f3w, czy mieli je podrobione \u2013 st\u0105d ju\u017c prosta droga do zostania uznanym za szpiega. Pow\u00f3d zreszt\u0105 zawsze si\u0119 znalaz\u0142: pewien m\u0142ody \u017byd z Warszawy, aresztowany w 1943 roku w Kirowie, zosta\u0142 skazany na kilka lat \u0142agr\u00f3w, bo znale\u017ali si\u0119 \u015bwiadkowie, kt\u00f3rzy potwierdzili, \u017ce wychwala\u0142 \u017cycie w Polsce, co oznacza, \u017ce popiera\u0142 bur\u017cuazyjny ustr\u00f3j i tym samym by\u0142 wrogiem ludu. Reszta aresztowanych, kt\u00f3rych nie uwolniono, pozosta\u0142a w \u0142agrach i zazwyczaj odsiadywa\u0142a swoje wyroki do ko\u0144ca. Dopiero po \u015bmierci Stalina zacz\u0119\u0142y si\u0119 zwolnienia, o ile oczywi\u015bcie dana osoba dotrwa\u0142a do tego czasu.<\/span><\/p>\n<p style=\"text-align: left;\"><span style=\"color: #000080;\">Ciag dalszy ..<\/span><span style=\"text-decoration: underline;\"><strong><span style=\"color: #000080; text-decoration: underline;\"> <a href=\"http:\/\/swieccyzydzi.pl\/polscy-zydzi-w-sowieckich-lagrach\" target=\"_blank\"><span style=\"color: #000080; text-decoration: underline;\">Polscy \u017bydzi w \u0142agrach sowieckich<\/span><\/a><\/span><\/strong><\/span><\/p>\n<hr \/>\n","protected":false},"excerpt":{"rendered":"<p>Polscy \u017bydzi w \u0142agrach sowieckich wtorek, 6 maj, 2014 &#8211; 22:28 Agata Sagan Przegl\u0105dam listy os\u00f3b wi\u0119zionych w republice Komi sporz\u0105dzone przez Fundacj\u0119 \u201e\u041f\u043e\u043a\u0430\u044f\u043d\u0438\u0435\u201d: \u0411\u041b\u042f\u0419\u0425\u041c\u0410\u041d \u0413\u0415\u0420\u041c\u0410\u041d \u0425\u0418\u041b\u0415\u0412\u0418\u0427, 1920 \u0433.\u0440., \u0435\u0432\u0440\u0435\u0439, \u043c.\u0440. \u0433. \u0412\u0430\u0440\u0448\u0430\u0432\u0430&#8230; \u0413\u0420\u042e\u041d\u041c\u0410\u041d \u042e\u041b\u0418\u0419 \u0418\u041e\u0421\u0418\u0424\u041e\u0412\u0418\u0427, 1907 \u0433.\u0440., \u0435\u0432\u0440\u0435\u0439, \u043c.\u0440. \u0433. \u0412\u0430\u0440\u0448\u0430\u0432\u0430&#8230; \u0414\u0410\u041d\u0426\u0418\u0413\u0415\u0420 \u0410\u0414\u0415\u041b\u042f \u0412\u041e\u041b\u042c\u0424\u041e\u0412\u041d\u0410, 1897 \u0433.\u0440., \u0435\u0432\u0440\u0435\u0439\u043a\u0430, \u043c.\u0440. \u0433. \u0412\u0430\u0440\u0448\u0430\u0432\u0430\u2026 \u0417\u0418\u041b\u042c\u0411\u0415\u0420\u0428\u0422\u0415\u0419\u041d \u0428\u041c\u0423\u041b\u042f \u0421\u0420\u0423\u041b\u0415\u0412\u0418\u0427, 1904 [&hellip;]<\/p>\n","protected":false},"author":1,"featured_media":0,"comment_status":"closed","ping_status":"closed","sticky":false,"template":"","format":"standard","meta":[],"categories":[4],"tags":[24],"_links":{"self":[{"href":"https:\/\/www.reunion68.se\/index.php?rest_route=\/wp\/v2\/posts\/2490"}],"collection":[{"href":"https:\/\/www.reunion68.se\/index.php?rest_route=\/wp\/v2\/posts"}],"about":[{"href":"https:\/\/www.reunion68.se\/index.php?rest_route=\/wp\/v2\/types\/post"}],"author":[{"embeddable":true,"href":"https:\/\/www.reunion68.se\/index.php?rest_route=\/wp\/v2\/users\/1"}],"replies":[{"embeddable":true,"href":"https:\/\/www.reunion68.se\/index.php?rest_route=%2Fwp%2Fv2%2Fcomments&post=2490"}],"version-history":[{"count":17,"href":"https:\/\/www.reunion68.se\/index.php?rest_route=\/wp\/v2\/posts\/2490\/revisions"}],"predecessor-version":[{"id":2532,"href":"https:\/\/www.reunion68.se\/index.php?rest_route=\/wp\/v2\/posts\/2490\/revisions\/2532"}],"wp:attachment":[{"href":"https:\/\/www.reunion68.se\/index.php?rest_route=%2Fwp%2Fv2%2Fmedia&parent=2490"}],"wp:term":[{"taxonomy":"category","embeddable":true,"href":"https:\/\/www.reunion68.se\/index.php?rest_route=%2Fwp%2Fv2%2Fcategories&post=2490"},{"taxonomy":"post_tag","embeddable":true,"href":"https:\/\/www.reunion68.se\/index.php?rest_route=%2Fwp%2Fv2%2Ftags&post=2490"}],"curies":[{"name":"wp","href":"https:\/\/api.w.org\/{rel}","templated":true}]}}