{"id":2507,"date":"2014-06-09T20:03:23","date_gmt":"2014-06-09T18:03:23","guid":{"rendered":"http:\/\/www.reunion68.se\/?p=2507"},"modified":"2014-06-09T20:41:09","modified_gmt":"2014-06-09T18:41:09","slug":"spacer-sladami-polskiej-anny-frank","status":"publish","type":"post","link":"https:\/\/www.reunion68.se\/?p=2507","title":{"rendered":"Spacer \u015bladami \u201epolskiej Anny Frank\u201d"},"content":{"rendered":"<p><img decoding=\"async\" class=\"alignleft\" src=\"http:\/\/www.reunion68.com\/Biuletyn\/img\/w-sz.jpg\" alt=\"\" \/><\/p>\n<h3 style=\"text-align: center;\"><span style=\"color: #000080; text-decoration: underline;\"><strong><a href=\"http:\/\/www.sztetl.org.pl\/pl\/cms\/aktualnosci\/4165,spacer-sladami-polskiej-anny-frank-\/\" target=\"_blank\">Spacer \u015bladami \u201epolskiej Anny Frank\u201d<\/a><\/strong><\/span><\/h3>\n<p><img decoding=\"async\" class=\"ilustracja alignright\" src=\"http:\/\/www.sztetl.org.pl\/getimage.php?c=OBRAZY&amp;x=440&amp;y=440&amp;file=obraz_5377.jpg\" alt=\"Ilustracja\" \/><\/p>\n<p style=\"text-align: left;\"><span style=\"color: #000080;\">Kim by\u0142a Rutka Laskier? Jak widzia\u0142a B\u0119dzin? Jak wygl\u0105da\u0142o codzienne \u017cycie b\u0119dzi\u0144skich \u017byd\u00f3w? Jaka jest historia<\/span><\/p>\n<p style=\"text-align: left;\"><span style=\"color: #000080;\"> pami\u0119tnika Rutki? Na te i inne pytania postara si\u0119 odpowiedzie\u0107 Andrzej Ciepia\u0142 podczas spaceru, kt\u00f3ry odb\u0119dzie si\u0119 w najbli\u017csz\u0105 sobot\u0119, 14 czerwca 2014 r., w 85. rocznic\u0119 urodzin Rutki Laskier.<\/span><br \/>\n<span style=\"color: #000080;\"> Rutka Laskier do 1943 r. mieszka\u0142a w B\u0119dzinie. Zosta\u0142a zamordowana w KL Auschwitz-Birkenau. Na kilka miesi\u0119cy przed \u015bmierci\u0105 zacz\u0119\u0142a pisa\u0107 pami\u0119tnik, kt\u00f3ry podczas likwidacji getta ukry\u0142a pod schodami domu. P\u00f3\u017aniej kilkudziesi\u0119ciokartkowy zeszyt trafi\u0142 do r\u0105k polskiej s\u0105siadki, kt\u00f3ra zapiski Rutki Laskier ujawni\u0142a dopiero w 2006 r. Sprawa nabra\u0142a rozg\u0142osu, a pami\u0119tnik \u201epolskiej Anny Frank\u201d doczeka\u0142 si\u0119 wielu wyda\u0144 w j\u0119zykach angielskim, francuskim, hebrajskim, hiszpa\u0144skim, holenderskim, polskim, portugalskim i w\u0142oskim.<\/span><\/p>\n<p style=\"text-align: left;\"><span style=\"color: #000080;\">Organizatorem spaceru jest Fundacja \u201eBrama Cukermana\u201d. Wycieczka rozpocznie si\u0119 o godz. 10.00, przy pomniku na Placu 3 Maja. W programie przewidziano r\u00f3wnie\u017c wizyt\u0119 w dawnym domu modlitwy Cukermana.<\/span><\/p>\n<p style=\"text-align: left;\"><span style=\"color: #808080;\">Autor: Krzysztof Bielawski<\/span><br \/>\n<span style=\"color: #808080;\"> \u0179r\u00f3d\u0142o: materia\u0142y informacyjne Fundacji \u201eBrama Cukermana\u201d<\/span><\/p>\n<p style=\"text-align: left;\"><span style=\"color: #000080; text-decoration: underline;\"><strong><a href=\"http:\/\/www.sztetl.org.pl\/pl\/cms\/aktualnosci\/4165,spacer-sladami-polskiej-anny-frank-\/\" target=\"_blank\"><span style=\"color: #000080; text-decoration: underline;\">Spacer \u015bladami \u201epolskiej Anny Frank\u201d<\/span><\/a><\/strong><\/span><\/p>\n<hr \/>\n","protected":false},"excerpt":{"rendered":"<p>Spacer \u015bladami \u201epolskiej Anny Frank\u201d Kim by\u0142a Rutka Laskier? Jak widzia\u0142a B\u0119dzin? Jak wygl\u0105da\u0142o codzienne \u017cycie b\u0119dzi\u0144skich \u017byd\u00f3w? Jaka jest historia pami\u0119tnika Rutki? Na te i inne pytania postara si\u0119 odpowiedzie\u0107 Andrzej Ciepia\u0142 podczas spaceru, kt\u00f3ry odb\u0119dzie si\u0119 w najbli\u017csz\u0105 sobot\u0119, 14 czerwca 2014 r., w 85. rocznic\u0119 urodzin Rutki Laskier. Rutka Laskier do 1943 [&hellip;]<\/p>\n","protected":false},"author":1,"featured_media":0,"comment_status":"closed","ping_status":"closed","sticky":false,"template":"","format":"standard","meta":[],"categories":[4],"tags":[24],"_links":{"self":[{"href":"https:\/\/www.reunion68.se\/index.php?rest_route=\/wp\/v2\/posts\/2507"}],"collection":[{"href":"https:\/\/www.reunion68.se\/index.php?rest_route=\/wp\/v2\/posts"}],"about":[{"href":"https:\/\/www.reunion68.se\/index.php?rest_route=\/wp\/v2\/types\/post"}],"author":[{"embeddable":true,"href":"https:\/\/www.reunion68.se\/index.php?rest_route=\/wp\/v2\/users\/1"}],"replies":[{"embeddable":true,"href":"https:\/\/www.reunion68.se\/index.php?rest_route=%2Fwp%2Fv2%2Fcomments&post=2507"}],"version-history":[{"count":9,"href":"https:\/\/www.reunion68.se\/index.php?rest_route=\/wp\/v2\/posts\/2507\/revisions"}],"predecessor-version":[{"id":2517,"href":"https:\/\/www.reunion68.se\/index.php?rest_route=\/wp\/v2\/posts\/2507\/revisions\/2517"}],"wp:attachment":[{"href":"https:\/\/www.reunion68.se\/index.php?rest_route=%2Fwp%2Fv2%2Fmedia&parent=2507"}],"wp:term":[{"taxonomy":"category","embeddable":true,"href":"https:\/\/www.reunion68.se\/index.php?rest_route=%2Fwp%2Fv2%2Fcategories&post=2507"},{"taxonomy":"post_tag","embeddable":true,"href":"https:\/\/www.reunion68.se\/index.php?rest_route=%2Fwp%2Fv2%2Ftags&post=2507"}],"curies":[{"name":"wp","href":"https:\/\/api.w.org\/{rel}","templated":true}]}}