{"id":2575,"date":"2014-06-10T20:10:32","date_gmt":"2014-06-10T18:10:32","guid":{"rendered":"http:\/\/www.reunion68.se\/?p=2575"},"modified":"2014-06-10T20:47:19","modified_gmt":"2014-06-10T18:47:19","slug":"izrael-ma-nowego-prezydenta-kneset-wybral-nastepce-szimona-peresa","status":"publish","type":"post","link":"https:\/\/www.reunion68.se\/?p=2575","title":{"rendered":"Izrael ma nowego prezydenta. Kneset wybra\u0142 nast\u0119pc\u0119 Szimona Peresa"},"content":{"rendered":"<p>&nbsp;<\/p>\n<h3 style=\"text-align: center;\"><img decoding=\"async\" class=\"alignleft\" src=\"http:\/\/s2.tvn24.cdntvn.pl\/apple-touch-icon-57x57.png\" alt=\"\" \/><strong><span style=\"text-decoration: underline;\"><span style=\"color: #000080; text-decoration: underline;\"><a href=\"http:\/\/www.tvn24.pl\/wiadomosci-ze-swiata,2\/izrael-ma-nowego-prezydenta-kneset-wybral-nastepce-szimona-peresa,437911.html\" target=\"_blank\"><span style=\"color: #000080; text-decoration: underline;\">Izrael ma nowego prezydenta. Kneset wybra\u0142 nast\u0119pc\u0119<br \/>\nSzimona Peresa<\/span><\/a><\/span><\/span><\/strong><\/h3>\n<p><img decoding=\"async\" class=\"hideable alignright\" src=\"http:\/\/r-scale-b0.dcs.redcdn.pl\/scale\/o2\/tvn\/web-content\/m\/p1\/i\/489d0396e6826eb0c1e611d82ca8b215\/46269862-f0a4-11e3-8212-0025b511229e.jpg?type=1&amp;srcmode=4&amp;srcx=0\/1&amp;srcy=0\/1&amp;srcw=640&amp;srch=2000&amp;dstw=640&amp;dsth=2000\" alt=\"Izrael ma nowego prezydenta. Kneset wybra\u0142 nast\u0119pc\u0119 Szimona Peresa\" width=\"450\" \/><span style=\"color: #000080;\">Reuwen Riwlin, by\u0142y szef Knesetu i cz\u0142onek rz\u0105dz\u0105cego prawicowego ugrupowania Likud, podczas wtorkowego g\u0142osowania w parlamencie zosta\u0142 wybrany na dziesi\u0105tego prezydenta Izraela. Zast\u0105pi on ust\u0119puj\u0105cego w lipcu 90-letniego Szimona Peresa.<\/span><\/p>\n<p><span style=\"color: #000080;\">74-letni Riwlin, ciesz\u0105cy si\u0119 poparciem Izraelczyk\u00f3w, ale nielubiany przez premiera Benjamina Netanjahu, zosta\u0142 wybrany w drugiej turze tajnego g\u0142osowania, w kt\u00f3rej rywalizowa\u0142 z przedstawicielem partii liberalnej Hatnuah (Ruch) Meirem Szeetritem. Riwlin otrzyma\u0142 63 g\u0142osy, a Szeetrit &#8211; 53.<\/span><\/p>\n<p><span style=\"color: #000080;\">Wybierany na siedmioletni\u0105 kadencj\u0119 prezydent Izraela pe\u0142ni g\u0142\u00f3wnie funkcje honorowe i reprezentacyjne. To premier kieruje rz\u0105dem i pa\u0144stwem.<\/span><br \/>\n<span style=\"color: #000080;\"> Chce by\u0107 inny ni\u017c poprzednik<\/span><\/p>\n<p><span style=\"color: #000080;\">W ostatnich tygodniach Riwlin zapowiada\u0142, \u017ce w przeciwie\u0144stwie do wyje\u017cd\u017caj\u0105cego cz\u0119sto za granic\u0119 Peresa b\u0119dzie skupia\u0142 si\u0119 na sprawach wewn\u0119trznych. Jednak wed\u0142ug agencji AP jego radykalne pogl\u0105dy na temat konfliktu z Palesty\u0144czykami mog\u0105 by\u0107 dla niego obci\u0105\u017ceniem. Riwlin sprzeciwia si\u0119 powstaniu pa\u0144stwa palesty\u0144skiego, za czym opowiada si\u0119 wsp\u00f3lnota mi\u0119dzynarodowa, a nawet premier i szef Likudu Benjamin Netanjahu.<\/span><\/p>\n<p><span style=\"color: #000080;\">Agencja AP odnotowuje, \u017ce dzia\u0142aj\u0105cy od siedmiu dekad w izraelskiej polityce Peres b\u0119dzie trudny do zast\u0105pienia ze wzgl\u0119du na swoj\u0105 pozycj\u0119 na arenie mi\u0119dzynarodowej. Peres przywr\u00f3ci\u0142 urz\u0119dowi prezydenta Izraela presti\u017c, zast\u0119puj\u0105c skompromitowanego skandalem obyczajowym Mosze Kacawa.<\/span><\/p>\n<p><span style=\"color: #808080;\">Autor: k\u0142o\/\/gak \/ \u0179r\u00f3d\u0142o: PAP<\/span><\/p>\n<p><span style=\"color: #000080;\">Czytaj wiecej z Izraela:\u00a0\u00a0 \u00a0<strong><a href=\"http:\/\/www.tvn24.pl\/wiadomosci-ze-swiata,2\/izrael-nie-bedzie-zwalnial-wiezniow-nowa-ustawa-utrudni-rozmowy-z-palestyna,437239.html\" target=\"_blank\"><span style=\"color: #000080;\">Izrael nie b\u0119dzie zwalnia\u0142 wi\u0119\u017ani\u00f3w? Nowa ustawa utrudni rozmowy z Palestyn\u0105<\/span><\/a><\/strong><\/span><\/p>\n<hr>\n","protected":false},"excerpt":{"rendered":"<p>&nbsp; Izrael ma nowego prezydenta. Kneset wybra\u0142 nast\u0119pc\u0119 Szimona Peresa Reuwen Riwlin, by\u0142y szef Knesetu i cz\u0142onek rz\u0105dz\u0105cego prawicowego ugrupowania Likud, podczas wtorkowego g\u0142osowania w parlamencie zosta\u0142 wybrany na dziesi\u0105tego prezydenta Izraela. Zast\u0105pi on ust\u0119puj\u0105cego w lipcu 90-letniego Szimona Peresa. 74-letni Riwlin, ciesz\u0105cy si\u0119 poparciem Izraelczyk\u00f3w, ale nielubiany przez premiera Benjamina Netanjahu, zosta\u0142 wybrany w [&hellip;]<\/p>\n","protected":false},"author":1,"featured_media":0,"comment_status":"closed","ping_status":"closed","sticky":false,"template":"","format":"standard","meta":[],"categories":[3],"tags":[24],"_links":{"self":[{"href":"https:\/\/www.reunion68.se\/index.php?rest_route=\/wp\/v2\/posts\/2575"}],"collection":[{"href":"https:\/\/www.reunion68.se\/index.php?rest_route=\/wp\/v2\/posts"}],"about":[{"href":"https:\/\/www.reunion68.se\/index.php?rest_route=\/wp\/v2\/types\/post"}],"author":[{"embeddable":true,"href":"https:\/\/www.reunion68.se\/index.php?rest_route=\/wp\/v2\/users\/1"}],"replies":[{"embeddable":true,"href":"https:\/\/www.reunion68.se\/index.php?rest_route=%2Fwp%2Fv2%2Fcomments&post=2575"}],"version-history":[{"count":15,"href":"https:\/\/www.reunion68.se\/index.php?rest_route=\/wp\/v2\/posts\/2575\/revisions"}],"predecessor-version":[{"id":2591,"href":"https:\/\/www.reunion68.se\/index.php?rest_route=\/wp\/v2\/posts\/2575\/revisions\/2591"}],"wp:attachment":[{"href":"https:\/\/www.reunion68.se\/index.php?rest_route=%2Fwp%2Fv2%2Fmedia&parent=2575"}],"wp:term":[{"taxonomy":"category","embeddable":true,"href":"https:\/\/www.reunion68.se\/index.php?rest_route=%2Fwp%2Fv2%2Fcategories&post=2575"},{"taxonomy":"post_tag","embeddable":true,"href":"https:\/\/www.reunion68.se\/index.php?rest_route=%2Fwp%2Fv2%2Ftags&post=2575"}],"curies":[{"name":"wp","href":"https:\/\/api.w.org\/{rel}","templated":true}]}}