{"id":2592,"date":"2014-06-11T20:12:47","date_gmt":"2014-06-11T18:12:47","guid":{"rendered":"http:\/\/www.reunion68.se\/?p=2592"},"modified":"2014-06-11T20:29:08","modified_gmt":"2014-06-11T18:29:08","slug":"izraelskie-gwiazdy-w-poslce-idan-raichel-asaf-avidan-kcdc","status":"publish","type":"post","link":"https:\/\/www.reunion68.se\/?p=2592","title":{"rendered":"(1) Izraelskie gwiazdy w Poslce: Idan Raichel, Asaf Avidan, KCDC"},"content":{"rendered":"<h3 style=\"text-align: center;\"><strong><span style=\"color: #000080; text-decoration: underline;\"><span style=\"text-decoration: underline;\">Izraelskie gwiazdy w Poslce: Idan Raichel, Asaf Avidan, K<\/span><span style=\"text-decoration: underline;\">CDC<\/span><\/span><\/strong><\/h3>\n<p><img decoding=\"async\" style=\"border-color: #ffffff;\" src=\"https:\/\/lh5.googleusercontent.com\/-7GcT0a-KcIY\/Sp0EDsNSdMI\/AAAAAAAABiA\/yPOyzXk_IdQ\/s912\/untitled.jpg\" alt=\"\" width=\"100%\" border=\"8\" \/><\/p>\n<p style=\"text-align: left;\"><span style=\"color: #000080;\"><strong>Izrael w programie Festiwalu Simcha, Wroc\u0142aw &#8211; 7 &#8211; 13 czerwca<\/strong><\/span><\/p>\n<p><img decoding=\"async\" id=\"_x0000_i1025\" class=\"alignleft\" style=\"border-color: #ffffff;\" src=\"https:\/\/lh3.googleusercontent.com\/-xICTJaZcJ9M\/U5cQi-Xed7I\/AAAAAAAAFNg\/6OZxyGwOs-0\/w150-h216-no\/2014-06_Simcha.jpg\" alt=\"\" border=\"8\" \/><span style=\"color: #000080;\">W tym roku tematem wroc\u0142awskiego festiwalu kultury \u017cydowskiej &#8220;Simcha&#8221; jest diaspora &#8211; rozproszona po \u015bwiecie spo\u0142eczno\u015b\u0107 \u017cydowska. Organizatorzy Festiwalu przygotowali bogaty i r\u00f3\u017cnorodny program wydarze\u0144 zwi\u0105zanych z histori\u0105 i kultur\u0105 \u017cydowsk\u0105, uwzgl\u0119dniaj\u0105c r\u00f3wnie\u017c tematy zwi\u0105zane ze wsp\u00f3\u0142czesn\u0105 ojczyzn\u0105 \u017byd\u00f3w Pa\u0144stwem Izrael.<\/span><br \/>\n<span style=\"color: #000080;\"> Izraelsk\u0105 muzyczn\u0105 gwiazd\u0105 tegorocznego Festiwalu Simcha b\u0119dzie Haya Samir, kt\u00f3ra wyst\u0105pi we Wroc\u0142awiu 11 czerwca w ramach projektu The Piece Makers.Przed wroc\u0142awsk\u0105 Synagog\u0105 zaprezentowana zostanie tak\u017ce wystawa &#8220;Nasi Izraelczycy. Losy polskich \u017byd\u00f3w w Izraelu&#8221; przygotowana przez Naczeln\u0105 Dyrekcj\u0119 Archiw\u00f3w Pa\u0144stwowych i Ambasad\u0119 Izraela.<\/span><\/p>\n<p style=\"text-align: right;\" align=\"right\"><strong><span style=\"text-decoration: underline;\"><span style=\"color: #000080; font-family: 'Arial','sans-serif'; font-size: 10pt; text-decoration: underline;\"><a href=\"http:\/\/maillist.tehila.gov.il\/t\/1185062\/1788515\/27708\/0\/\"><span style=\"color: #000080; text-decoration: underline;\">Czytaj dalej&#8230;<\/span><\/a><\/span><\/span><\/strong><\/p>\n<hr \/>\n<p style=\"text-align: left;\"><strong><span style=\"color: #000080;\">Wernisa\u017c wystawy malarstwa Diti Ravner, Warszawa &#8211; 12 czerwca, godz. 18:00<\/span><\/strong><\/p>\n<p class=\"MsoNormal\" style=\"text-align: left;\"><strong><span style=\"color: #000080; mso-fareast-font-family: 'Times New Roman';\"><img decoding=\"async\" id=\"_x0000_i1027\" class=\"alignleft\" style=\"border-color: #ffffff;\" src=\"https:\/\/lh4.googleusercontent.com\/-a3SDCPmb7Fg\/U5cQgYZ3AHI\/AAAAAAAAFOI\/M_2RfOA0maw\/w150-h214-no\/2014-06_Diti.jpg\" alt=\"\" border=\"8\" \/><\/span><\/strong><\/p>\n<p><span lang=\"PL\" style=\"color: #000080; font-family: 'Arial','sans-serif'; font-size: 10pt; mso-bidi-font-size: 11.0pt; mso-ansi-language: PL; mso-fareast-language: EN-US; mso-bidi-language: HE;\">12 czerwca w warszawskiej Galerii Kuratorium odb\u0119dzie wernisa\u017c wystawy &#8220;\u015awiaty Koegzystuj\u0105ce<br \/>\nizraelskiej artystki Diti Ravner. <\/span><\/p>\n<p><span style=\"color: #000080;\">Na wystawie zobaczymy niepokazywane dot\u0105d prace olejne, akryle i pastele autorstwa urodzonej w Tel Awiwie malarki. Abstrakcyjne obrazy odzwierciedlaj\u0105 liczne miejsca, w kt\u00f3rych \u017cy\u0142a artystka, jej do\u015bwiadczenia, poznanych ludzi i pozostawione historie.<\/span><\/p>\n<p class=\"MsoNormal\"><span style=\"color: #000080;\">Galeria Kuratorium<\/span><br \/>\n<span style=\"color: #000080;\">ul. Sienna 43a, Warszawa<\/span><\/p>\n<p style=\"text-align: right;\" align=\"right\"><span style=\"text-decoration: underline;\"><strong><span style=\"color: #000080; font-family: 'Arial','sans-serif'; font-size: 10pt; text-decoration: underline;\"><a href=\"http:\/\/maillist.tehila.gov.il\/t\/1185062\/1788515\/27709\/0\/\"><span style=\"color: #000080; text-decoration: underline;\">Czytaj dalej&#8230;<\/span><\/a><\/span><\/strong><\/span><\/p>\n<hr \/>\n<p style=\"text-align: left;\"><span style=\"color: #000080;\"><strong>Festiwal Kultury \u017bydowskiej Zachor, Bia\u0142ystok- 13 -15 czerwca<\/strong><\/span><\/p>\n<p><img decoding=\"async\" id=\"_x0000_i1029\" class=\"alignleft\" style=\"border-color: #ffffff;\" src=\"https:\/\/lh3.googleusercontent.com\/-KKwD6_rc__4\/U5cQkA5oLlI\/AAAAAAAAFN0\/3TJXfAumcq8\/w150-h213-no\/2014-06_Zachor.jpg\" alt=\"\" border=\"8\" \/> <span style=\"color: #000080;\">Centrum Edukacji Obywatelskiej Polska-Izrael zaprasza na VII Festiwal Kultury \u017bydowskiej &#8220;Zachor &#8211; Kolor i D\u017awi\u0119k&#8221;. Podczas Festiwalu b\u0119dzie mo\u017cna obejrze\u0107 filmy i wystawy zwi\u0105zane z Izraelem, pos\u0142ucha\u0107 \u017cydowskiej i Izraelskiej muzyki, \u00a0wzi\u0105\u0107 udzia\u0142 w wyk\u0142adach i dyskusjach.Festiwal realizowany ze wsparciem Ambasady Izraela.<\/span><\/p>\n<p>&nbsp;<\/p>\n<p>&nbsp;<\/p>\n<p style=\"text-align: right;\"><span style=\"text-decoration: underline;\"><span style=\"color: #000080; text-decoration: underline;\"><strong><a href=\"http:\/\/maillist.tehila.gov.il\/t\/1185062\/1788515\/27710\/0\/\"><span style=\"color: #000080; text-decoration: underline;\">Czytaj dalej&#8230;<\/span><\/a><\/strong><\/span><\/span><\/p>\n<hr \/>\n<p style=\"text-align: left;\"><span style=\"color: #000080;\"><strong>Izraelskie projekty na Festiwalu The Artists &#8211; 14 czerwca, godz. 17:00<\/strong><\/span><\/p>\n<p><img decoding=\"async\" id=\"_x0000_i1031\" class=\"alignleft\" style=\"border-color: #ffffff;\" src=\"https:\/\/lh4.googleusercontent.com\/-1wAZxQdM-gI\/U5cQj3MHh4I\/AAAAAAAAFNw\/I7JxcaM5CSU\/s150-no\/2014-06_THE-ARTISTS.jpg\" alt=\"\" border=\"8\" \/><span style=\"color: #000080;\">Udzia\u0142 izraelskich artystek Naamy Tsabar oraz Alony Rodeh w festiwalu organizowanym przez Galeri\u0119 Zach\u0119t\u0119. Festiwal THE ARTISTS to koncerty i projekty d\u017awi\u0119kowe artyst\u00f3w sztuk wizualnych<\/span>.<br \/>\n<span style=\"color: #000080;\">Muszla koncertowa w Parku Skaryszewskim oraz Dzik, ul. Belwederska 44A, Warszawa<\/span><\/p>\n<p>&nbsp;<\/p>\n<p style=\"text-align: right;\"><span style=\"color: #000080;\"><strong><a href=\"http:\/\/maillist.tehila.gov.il\/t\/1185062\/1788515\/27711\/0\/\"><span style=\"color: #000080;\">Czytaj dalej&#8230;<\/span><\/a><\/strong><\/span><\/p>\n<hr \/>\n<p><span style=\"color: #000080;\"><strong>Izrael na 10. Festiwalu Zawirowania, Warszawa &#8211; 25 &#8211; 29 czerwca<\/strong><\/span><br \/>\n<img decoding=\"async\" id=\"_x0000_i1033\" class=\"alignleft\" style=\"border-color: #ffffff;\" src=\"https:\/\/lh6.googleusercontent.com\/-I67jOQ-h04E\/U5cQlAnIgSI\/AAAAAAAAFOA\/qmLcQDkiZ8k\/w150-h100-no\/2014-06_Zawirowania.jpg\" alt=\"\" border=\"8\" \/><br \/>\n<span style=\"color: #000080;\">Izraelskie spektakle Kibbutz Contemporary Dance Company oraz Nadara Rosano w ramach X warszawskiego Festiwalu Teatr\u00f3w Ta\u0144ca Zawirowania.<\/span><br \/>\n<span style=\"color: #000080;\"> Festiwal realizowany ze wsparciem Ambasady Izraela.<\/span><\/p>\n<p style=\"text-align: right;\"><strong><span style=\"color: #000080;\"><a href=\"http:\/\/maillist.tehila.gov.il\/t\/1185062\/1788515\/27712\/0\/\"><span style=\"color: #000080;\">Czytaj dalej&#8230;<\/span><\/a><\/span><\/strong><\/p>\n<hr \/>\n<p style=\"text-align: left;\"><span style=\"color: #000080;\"><strong>Asaf Avidan na 3 koncertach w Polsce &#8211; 25 &#8211; 29 czerwca<\/strong><\/span><\/p>\n<p style=\"text-align: left;\"><img decoding=\"async\" id=\"_x0000_i1035\" class=\"alignleft\" style=\"border-color: #ffffff;\" src=\"https:\/\/lh3.googleusercontent.com\/-2idwcK6AJZs\/U5cQgFP83jI\/AAAAAAAAFM0\/3eXeXeIAkzM\/w150-h220-no\/2014-06_AsafAvidan.jpg\" alt=\"\" border=\"8\" \/><br \/>\n<span style=\"color: #000080;\">Asaf Avidan, izraelski gwiazdor rocka, znany m.in. dzi\u0119ki trzem albumom nagranym z zespo\u0142em Asaf<\/span><br \/>\n<span style=\"color: #000080;\"> Avidan &amp; the Mojos, wyst\u0105pi w czerwcu (24, 25, 27) podczas koncert\u00f3w w<\/span><br \/>\n<span style=\"color: #000080;\"> Szczecinie, Wroc\u0142awiu i Warszawie.<\/span><\/p>\n<p>&nbsp;<\/p>\n<ul>\n<ul>\n<ul>\n<ul>\n<ul>\n<li><span style=\"color: #000080;\">Szczecin, 24 czerwca 2014<\/span><\/li>\n<li><span style=\"color: #000080;\">Wroc\u0142aw 25 czerwca 2014<\/span><\/li>\n<li><span style=\"color: #000080;\">Warszawa 27 czerwca 2014<\/span><\/li>\n<\/ul>\n<\/ul>\n<\/ul>\n<\/ul>\n<\/ul>\n<p style=\"text-align: right;\">\u00a0<strong><a href=\"http:\/\/maillist.tehila.gov.il\/t\/1185062\/1788515\/27713\/0\/\">Czytaj dalej&#8230;<\/a><\/strong><\/p>\n<hr \/>\n<p style=\"text-align: center;\"><span style=\"color: #000080;\"><strong>AMBASADA IZRAELA W WARSZAWIE<\/strong><\/span><\/p>\n<p style=\"text-align: center;\"><span style=\"color: #000080;\">E-MAIL:<\/span> <span style=\"color: #000080; text-decoration: underline;\"><strong><a href=\"mailto:publicaffairs@warsaw.mfa.gov.il\"><span style=\"color: #000080; text-decoration: underline;\">publicaffairs@warsaw.mfa.gov.il<\/span><\/a><\/strong><\/span><\/p>\n<p style=\"text-align: center;\"><span style=\"color: #000080; text-decoration: underline;\"><strong><a href=\"http:\/\/www.israel.pl\"><span style=\"color: #000080; text-decoration: underline;\">www.israel.pl<\/span><\/a><\/strong><\/span><\/p>\n<p style=\"text-align: center;\"><a href=\"http:\/\/maillist.tehila.gov.il\/t\/1185062\/1788515\/20735\/0\/\" target=\"_blank\"><br \/>\n<img decoding=\"async\" id=\"_x0000_i1049\" style=\"border-color: #ffffff;\" src=\"https:\/\/lh3.googleusercontent.com\/-9v94JLKhmts\/TniJ1buI0PI\/AAAAAAAADgA\/UhOqvnn19DM\/s120\/banner_facebook_newsletter.jpg\" alt=\"\" border=\"8\" \/><br \/>\n<\/a><\/p>\n<p style=\"text-align: center;\"><span style=\"color: #000080;\">Informacje podane w powy\u017cszym zestawieniu oparte s\u0105 na danych pozyskanych od organizator\u00f3w, nie stanowi\u0105 one jednak oficjalnych materia\u0142\u00f3w informacyjnych. Ambasada Izraela nie ponosi odpowiedzialno\u015bci za jakiekolwiek zmiany wprowadzane przez organizator\u00f3w. W sprawie szczeg\u00f3\u0142\u00f3w zwi\u0105zanych z zaproszeniami, cenami bilet\u00f3w i in. prosimy kontaktowa\u0107 si\u0119 z w\u0142a\u015bciwymi instytucjami.<\/span><\/p>\n<p><img decoding=\"async\" id=\"_x0000_i1050\" class=\"aligncenter\" style=\"border-color: #ffffff;\" src=\"http:\/\/maillist.tehila.gov.il\/db\/1185062\/1788515\/1.gif\" alt=\"\" border=\"8\" \/><\/p>\n<hr \/>\n","protected":false},"excerpt":{"rendered":"<p>Izraelskie gwiazdy w Poslce: Idan Raichel, Asaf Avidan, KCDC Izrael w programie Festiwalu Simcha, Wroc\u0142aw &#8211; 7 &#8211; 13 czerwca W tym roku tematem wroc\u0142awskiego festiwalu kultury \u017cydowskiej &#8220;Simcha&#8221; jest diaspora &#8211; rozproszona po \u015bwiecie spo\u0142eczno\u015b\u0107 \u017cydowska. Organizatorzy Festiwalu przygotowali bogaty i r\u00f3\u017cnorodny program wydarze\u0144 zwi\u0105zanych z histori\u0105 i kultur\u0105 \u017cydowsk\u0105, uwzgl\u0119dniaj\u0105c r\u00f3wnie\u017c tematy zwi\u0105zane [&hellip;]<\/p>\n","protected":false},"author":1,"featured_media":0,"comment_status":"closed","ping_status":"closed","sticky":false,"template":"","format":"standard","meta":[],"categories":[3],"tags":[24],"_links":{"self":[{"href":"https:\/\/www.reunion68.se\/index.php?rest_route=\/wp\/v2\/posts\/2592"}],"collection":[{"href":"https:\/\/www.reunion68.se\/index.php?rest_route=\/wp\/v2\/posts"}],"about":[{"href":"https:\/\/www.reunion68.se\/index.php?rest_route=\/wp\/v2\/types\/post"}],"author":[{"embeddable":true,"href":"https:\/\/www.reunion68.se\/index.php?rest_route=\/wp\/v2\/users\/1"}],"replies":[{"embeddable":true,"href":"https:\/\/www.reunion68.se\/index.php?rest_route=%2Fwp%2Fv2%2Fcomments&post=2592"}],"version-history":[{"count":87,"href":"https:\/\/www.reunion68.se\/index.php?rest_route=\/wp\/v2\/posts\/2592\/revisions"}],"predecessor-version":[{"id":2693,"href":"https:\/\/www.reunion68.se\/index.php?rest_route=\/wp\/v2\/posts\/2592\/revisions\/2693"}],"wp:attachment":[{"href":"https:\/\/www.reunion68.se\/index.php?rest_route=%2Fwp%2Fv2%2Fmedia&parent=2592"}],"wp:term":[{"taxonomy":"category","embeddable":true,"href":"https:\/\/www.reunion68.se\/index.php?rest_route=%2Fwp%2Fv2%2Fcategories&post=2592"},{"taxonomy":"post_tag","embeddable":true,"href":"https:\/\/www.reunion68.se\/index.php?rest_route=%2Fwp%2Fv2%2Ftags&post=2592"}],"curies":[{"name":"wp","href":"https:\/\/api.w.org\/{rel}","templated":true}]}}