{"id":2660,"date":"2014-06-11T08:10:17","date_gmt":"2014-06-11T06:10:17","guid":{"rendered":"http:\/\/www.reunion68.se\/?p=2660"},"modified":"2014-06-11T08:11:19","modified_gmt":"2014-06-11T06:11:19","slug":"historyczne-spotkanie-z-organizacjami-zydowskimi","status":"publish","type":"post","link":"https:\/\/www.reunion68.se\/?p=2660","title":{"rendered":"Historyczne spotkanie z organizacjami \u017cydowskimi"},"content":{"rendered":"<p><img decoding=\"async\" class=\"alignleft\" src=\"http:\/\/www.reunion68.com\/Biuletyn\/img\/MHZP.jpg\" alt=\"\" \/><\/p>\n<h3 style=\"text-align: center;\"><span style=\"color: #000080; text-decoration: underline;\"><strong><a href=\"http:\/\/www.jewishmuseum.org.pl\/pl\/aktualnosci\/2014\/05\/30\/historyczne-spotkanie-z-organizacjami-zydowskimi\" target=\"_blank&quot;\"><span style=\"color: #000080; text-decoration: underline;\">Historyczne spotkanie z organizacjami \u017cydowskimi<\/span><\/a><\/strong><\/span><\/h3>\n<h3 style=\"text-align: center;\"><img decoding=\"async\" id=\"fileid-3757\" class=\"cell-img isohead-8\" style=\"width: 100%; max-width: 100%;\" title=\"\" src=\"http:\/\/www.jewishmuseum.org.pl\/sites\/default\/files\/styles\/isohead_8\/public\/pictures\/spotkanie_org.jpg?itok=CdIgo78R\" alt=\"\" \/><\/h3>\n<p><span style=\"color: #000080;\">28 maja w Muzeum Historii \u017byd\u00f3w Polskich odby\u0142o si\u0119 bardzo wa\u017cne spotkanie. Jeszcze nigdy w historii muzeum nie go\u015bcili\u015bmy jednocze\u015bnie lider\u00f3w tylu wiod\u0105cych organizacji zrzeszaj\u0105cych polskich \u017byd\u00f3w.<\/span><\/p>\n<p><span style=\"color: #000080;\">Na zaproszenie dyrektora prof. Dariusza Stoli do muzeum przybyli przedstawiciele: Gminy Wyznaniowej \u017bydowskiej w Warszawie, Centrum Spo\u0142eczno\u015bci Post\u0119powej Gminy Wyznaniowej \u017bydowskiej w Warszawie, Chabad Lubawicz Polska, Fundacji Beit Warszawa, Towarzystwa Spo\u0142eczno-Kulturalnego \u017byd\u00f3w w Polsce, Fundacji Shalom, Fundacji Ochrony Dziedzictwa \u017bydowskiego, B\u2019nai B\u2019rith Polska, \u017bydowskiej Og\u00f3lnopolskiej Organizacji M\u0142odzie\u017cowej, Stowarzyszenia Dzieci Holocaustu w Polsce, Stowarzyszenia \u017bydowski Instytut Historyczny w Polsce, Fundacji Pami\u0119\u0107 i Przysz\u0142o\u015b\u0107 Budowy Pomnika \u201eRatuj\u0105cym \u2013 Ocaleni\u201d, Polskiej Rady Chrze\u015bcijan i \u017byd\u00f3w, Fundacji Joint Distribution Committee Poland, Jewish Community Centre Warszawa, Fundacji Ronalda S. Laudera, Zespo\u0142u Szk\u00f3\u0142 Lauder-Morasha, Fundacji im. prof. Moj\u017cesza Schorra, Stowarzyszenia Drugie Pokolenie, Centrum Taubego i Fundacji Rodziny Nissenbaum\u00f3w.<\/span><\/p>\n<p><span style=\"color: #000080;\">Muzeum posta\u0142o, by przywracaj\u0105c i chroni\u0105c pami\u0119\u0107 tysi\u0105cletniej historii polskich \u017byd\u00f3w, przyczyni\u0107 si\u0119 do kszta\u0142towania wsp\u00f3lnej przysz\u0142o\u015bci, wzajemnego zrozumienia i szacunku w\u015br\u00f3d Polak\u00f3w i \u017byd\u00f3w, spo\u0142ecze\u0144stw Europy i \u015bwiata. Ta misja nie mo\u017ce by\u0107 jednak realizowana bez wsp\u00f3\u0142pracy z tymi, kt\u00f3rych histori\u0119 opowiada \u2013 polskich \u017byd\u00f3w.<\/span><\/p>\n<p><span style=\"color: #000080;\">St\u0105d potrzeba om\u00f3wienia dotychczasowej wsp\u00f3\u0142pracy muzeum z organizacjami \u017cydowskimi oraz zaplanowanie tych relacji w przysz\u0142o\u015bci. Go\u015bcie podkre\u015blali, \u017ce wsp\u00f3\u0142praca ich organizacji i przedstawicieli z muzeum w wielu przypadkach trwa od chwili narodzenia si\u0119 idei utworzenia tej plac\u00f3wki, a samo muzeum zawdzi\u0119cza swoje powstanie m.in. temu zaanga\u017cowaniu.<\/span><\/p>\n<p><span style=\"color: #000080;\">Uczestnicy spotkania om\u00f3wili z w\u0142adzami muzeum swoje oczekiwania i mo\u017cliwo\u015bci wsp\u00f3\u0142pracy przy organizacji r\u00f3\u017cnych wydarze\u0144 \u2013 zar\u00f3wno dla szerokiej publiczno\u015bci, jak i dla cz\u0142onk\u00f3w organizacji \u017cydowskich. Go\u015bcie zwiedzili tak\u017ce instalowan\u0105 w\u0142a\u015bnie wystaw\u0119 g\u0142\u00f3wn\u0105 Muzeum, kt\u00f3rej otwarcie dla publiczno\u015bci zaplanowano na 28 pa\u017adziernika.<\/span><\/p>\n<hr>\n","protected":false},"excerpt":{"rendered":"<p>Historyczne spotkanie z organizacjami \u017cydowskimi 28 maja w Muzeum Historii \u017byd\u00f3w Polskich odby\u0142o si\u0119 bardzo wa\u017cne spotkanie. Jeszcze nigdy w historii muzeum nie go\u015bcili\u015bmy jednocze\u015bnie lider\u00f3w tylu wiod\u0105cych organizacji zrzeszaj\u0105cych polskich \u017byd\u00f3w. Na zaproszenie dyrektora prof. Dariusza Stoli do muzeum przybyli przedstawiciele: Gminy Wyznaniowej \u017bydowskiej w Warszawie, Centrum Spo\u0142eczno\u015bci Post\u0119powej Gminy Wyznaniowej \u017bydowskiej w Warszawie, [&hellip;]<\/p>\n","protected":false},"author":1,"featured_media":0,"comment_status":"closed","ping_status":"closed","sticky":false,"template":"","format":"standard","meta":[],"categories":[4],"tags":[24],"_links":{"self":[{"href":"https:\/\/www.reunion68.se\/index.php?rest_route=\/wp\/v2\/posts\/2660"}],"collection":[{"href":"https:\/\/www.reunion68.se\/index.php?rest_route=\/wp\/v2\/posts"}],"about":[{"href":"https:\/\/www.reunion68.se\/index.php?rest_route=\/wp\/v2\/types\/post"}],"author":[{"embeddable":true,"href":"https:\/\/www.reunion68.se\/index.php?rest_route=\/wp\/v2\/users\/1"}],"replies":[{"embeddable":true,"href":"https:\/\/www.reunion68.se\/index.php?rest_route=%2Fwp%2Fv2%2Fcomments&post=2660"}],"version-history":[{"count":6,"href":"https:\/\/www.reunion68.se\/index.php?rest_route=\/wp\/v2\/posts\/2660\/revisions"}],"predecessor-version":[{"id":2666,"href":"https:\/\/www.reunion68.se\/index.php?rest_route=\/wp\/v2\/posts\/2660\/revisions\/2666"}],"wp:attachment":[{"href":"https:\/\/www.reunion68.se\/index.php?rest_route=%2Fwp%2Fv2%2Fmedia&parent=2660"}],"wp:term":[{"taxonomy":"category","embeddable":true,"href":"https:\/\/www.reunion68.se\/index.php?rest_route=%2Fwp%2Fv2%2Fcategories&post=2660"},{"taxonomy":"post_tag","embeddable":true,"href":"https:\/\/www.reunion68.se\/index.php?rest_route=%2Fwp%2Fv2%2Ftags&post=2660"}],"curies":[{"name":"wp","href":"https:\/\/api.w.org\/{rel}","templated":true}]}}