{"id":2689,"date":"2014-06-11T20:15:39","date_gmt":"2014-06-11T18:15:39","guid":{"rendered":"http:\/\/www.reunion68.se\/?p=2689"},"modified":"2014-06-11T20:29:38","modified_gmt":"2014-06-11T18:29:38","slug":"2-izraelskie-gwiazdy-w-poslce-idan-raichel-asaf-avidan-kcdc","status":"publish","type":"post","link":"https:\/\/www.reunion68.se\/?p=2689","title":{"rendered":"(2) Izraelskie gwiazdy w Poslce: Idan Raichel, Asaf Avidan, KCDC"},"content":{"rendered":"<h3 style=\"text-align: center;\"><strong><span style=\"color: #000080; text-decoration: underline;\"><span style=\"text-decoration: underline;\">Izraelskie gwiazdy w Poslce: Idan Raichel, Asaf Avidan, K<\/span><span style=\"text-decoration: underline;\">CDC<\/span><\/span><\/strong><\/h3>\n<p><img decoding=\"async\" style=\"border-color: #ffffff;\" src=\"https:\/\/lh5.googleusercontent.com\/-7GcT0a-KcIY\/Sp0EDsNSdMI\/AAAAAAAABiA\/yPOyzXk_IdQ\/s912\/untitled.jpg\" alt=\"\" width=\"100%\" border=\"8\" \/><\/p>\n<p><span style=\"color: #000080;\"><strong>Trasa koncertowa grupy Kerach 9 &#8211; 25 &#8211; 29 czerwca<\/strong><\/span><br \/>\n<span style=\"color: #000080;\"> <img decoding=\"async\" id=\"_x0000_i1037\" class=\"alignleft\" style=\"border-color: #ffffff;\" src=\"https:\/\/lh4.googleusercontent.com\/-tBWzL261hhA\/U5cQil1uGCI\/AAAAAAAAFOE\/Ad399DDyE4E\/w150-h100-no\/2014-06_Kerach9.jpg\" alt=\"\" border=\"8\" \/><\/span><\/p>\n<p><span style=\"color: #000080;\">Kerach Tejsza (ang. Ice Nine) to rockowo-popowy zesp\u00f3\u0142 izraelski, kt\u00f3ry istnia\u0142 w latach 1993-2000 i by\u0142 najbardziej uznanym zespo\u0142em tamtych czas\u00f3w. Swoj\u0105 popularno\u015b\u0107 zdoby\u0142 dzi\u0119ki nowym brzmieniom brytyjskim (ang. britpop), wprowadzaj\u0105c je jako pierwszy na izraelsk\u0105 scen\u0119 muzyczn\u0105.<\/span> <span style=\"color: #000080;\">Zesp\u00f3\u0142 reaktywowa\u0142 si\u0119 w 2013 roku nagrywaj\u0105c dwie nowe piosenki, kt\u00f3re od razu sta\u0142y si\u0119 przebojami w Izraelu.<\/span><\/p>\n<p><span style=\"color: #000080;\">Wokalist\u0105 zespo\u0142u jest Noam Rotem, kt\u00f3ry nagra\u0142 kilka album\u00f3w i sta\u0142 si\u0119 jednym z najbardziej uznanych artyst\u00f3w w Izraelu. W 2009 roku Rotem nagra\u0142 autorsk\u0105 wersj\u0119 &#8220;Naszej Klasy&#8221; Jacka Kaczmarskiego. <\/span><span style=\"color: #000080;\">Podczas zbli\u017caj\u0105cej si\u0119 trasy zesp\u00f3\u0142 wyst\u0105pi w Warszawie, \u0141odzi, Zdu\u0144skiej Woli, O\u015bwi\u0119cimiu i Krakowie. <\/span><span style=\"color: #000080;\">Projekt realizowany ze wsparciem Ambasady Izraela.<\/span><\/p>\n<p style=\"text-align: right;\"><strong><span style=\"color: #000080;\"><a href=\"http:\/\/maillist.tehila.gov.il\/t\/1185062\/1788515\/27714\/0\/\"><span style=\"color: #000080;\">Czytaj dalej&#8230;<\/span><\/a><\/span><\/strong><\/p>\n<hr \/>\n<p><strong><span style=\"color: #000080;\">Koncert Balkan Beat Box, O\u015bwi\u0119cim &#8211; 27 czerwca, godz. 19:45<\/span><\/strong><br \/>\n<span style=\"color: #000080;\"> <img decoding=\"async\" id=\"_x0000_i1039\" class=\"alignleft\" style=\"border-color: #ffffff;\" src=\"https:\/\/lh4.googleusercontent.com\/-WlAyzj6kOsU\/U5cQgDXxoNI\/AAAAAAAAFM8\/OIOkcQZlzh8\/w150-h101-no\/2014-06_BBB.jpg\" alt=\"\" border=\"8\" \/>Koncert Balkan Beat Box na Life Festival w O\u015bwi\u0119cimiu.<\/span><\/p>\n<p><span style=\"color: #000080;\">Balkan Beat Box to jedna z najwi\u0119kszych gwiazd nowoczesnej sceny world music. Prezentowali swoj\u0105 muzyk\u0119 na najwi\u0119kszych festiwalach na \u015bwiecie (m.in. Glastonbury czy Roskilde). Balkan Beat Box wnosi \u015bwie\u017ce spojrzenie na muzyk\u0119 postrzegan\u0105 jako ci\u0105g\u0142y dialog kultur. Ich muzyka to niewiarygodny konglomerat, obecne s\u0105 akcenty ba\u0142ka\u0144skie, bliskowschodnie, afryka\u0144skie, funk, hip-hop, elektronika i rock. Wszystko to w wi\u0119kszo\u015bci utwor\u00f3w okraszone beatem lub tanecznymi melodiami oraz zaanga\u017cowanymi spo\u0142ecznie tekstami.<\/span><\/p>\n<p><span style=\"color: #000080;\">ul. Legion\u00f3w 15, O\u015bwi\u0119cim<\/span><\/p>\n<p style=\"text-align: right;\" align=\"right\"><span style=\"color: #000080; text-decoration: underline;\"><strong><a href=\"http:\/\/maillist.tehila.gov.il\/t\/1185062\/1788515\/27715\/0\/\"><span style=\"color: #000080; text-decoration: underline;\">Czytaj dalej&#8230;<\/span><\/a><\/strong><\/span><\/p>\n<hr \/>\n<p style=\"text-align: left;\"><strong><span style=\"color: #000080;\">Izrael na 24. Festiwalu Kultury \u017bydowskiej, Krak\u00f3w &#8211; 27 czerwca &#8211; 6 lipca<\/span><\/strong><br \/>\n<img decoding=\"async\" id=\"_x0000_i1041\" class=\"alignleft\" style=\"border-color: #ffffff;\" src=\"https:\/\/lh4.googleusercontent.com\/-CSmEO5KvVVk\/U5cQhNQ_zgI\/AAAAAAAAFNE\/RHvEXDcwS8c\/w150-h244-no\/2014-06_FKZ-poster.jpg\" alt=\"\" border=\"8\" \/><br \/>\n<span style=\"color: #000080;\">Ju\u017c wkr\u00f3tce w Krakowie po raz 24. rozpocznie si\u0119 prawdziwie \u015bwi\u0119to kultury \u017cydowskiej. Izrael jest bez w\u0105tpienia jednym z wa\u017cnych o\u015brodk\u00f3w \u017cycia \u017cydowskiego, dlatego, jak co roku, podczas krakowskiego festiwalu publiczno\u015b\u0107 b\u0119dzie mia\u0142a okazj\u0119 spotka\u0107 si\u0119 z wieloma wybitnymi izraelskimi artystami. FK\u017b to przede wszystkim wielkie \u015bwi\u0119to muzyki. Nie inaczej b\u0119dzie w tym roku, a tw\u00f3rcy festiwalu proponuj\u0105 polskiej publiczno\u015bci wiele niezwyk\u0142ych spotka\u0144 z m\u0142od\u0105, progresywn\u0105 scen\u0105 muzyczn\u0105 Izraela. W programie Festiwalu znalaz\u0142y si\u0119 r\u00f3wnie\u017c interesuj\u0105ce wyk\u0142ady, warsztaty po\u015bwi\u0119cone kulturze \u017cydowskiej i izraelskiej i spotkania.<\/span><\/p>\n<p><span style=\"color: #000080;\">Festiwal realizowany ze wsparciem Ambasady Izraela.<\/span><\/p>\n<p style=\"text-align: right;\"><span style=\"color: #000080;\"><strong><a href=\"http:\/\/maillist.tehila.gov.il\/t\/1185062\/1788515\/27716\/0\/\"><span style=\"color: #000080;\">Czytaj dalej&#8230;<\/span><\/a><\/strong><\/span><\/p>\n<hr \/>\n<p>&nbsp;<\/p>\n<p style=\"text-align: left;\"><strong><span style=\"color: #000080;\">Wsp\u00f3lny koncert Idana Raichela i Kayah, Rzesz\u00f3w &#8211; 27 czerwca, godz. 20:00<\/span><\/strong><\/p>\n<p><img decoding=\"async\" id=\"_x0000_i1045\" class=\"alignleft\" style=\"border-color: #ffffff;\" src=\"https:\/\/lh5.googleusercontent.com\/-ia1lZtiiy9A\/U5cQh-117TI\/AAAAAAAAFNQ\/jtNfrwPLpvA\/w150-h95-no\/2014-06_IdanRaichel.jpg\" alt=\"\" border=\"8\" \/><br \/>\n<span style=\"color: #000080;\">Wsp\u00f3lny wyst\u0119p gwiazd muzycznych z Polski i Izraela. Podczas koncertu &#8220;Europejski Stadion Kultury&#8221; w Rzeszowie Kayah wyst\u0105pi wraz z Idanem Raichelem. Idan Raichel podj\u0105\u0142 wsp\u00f3\u0142prac\u0119 artystyczn\u0105 z polsk\u0105 piosenkark\u0105 w \u015blad za wydaniem przez Kayah przebojowego albumu Transoriental Orchestra. Na p\u0142ycie znalaz\u0142o si\u0119 wiele utwor\u00f3w inspirowanych muzyk\u0105 \u017cydowsk\u0105 i si\u0119gaj\u0105cych do tradycji muzyki bliskowschodniej. <\/span><span style=\"color: #000080;\">Podczas wsp\u00f3lnego wyst\u0119pu w Rzeszowie Kayah i Idan Raichel razem zaprezentuj\u0105 najpi\u0119kniejsze melodie orientalnych \u017byd\u00f3w.<\/span><br \/>\n<span style=\"color: #000080;\">Stadion Miejski<\/span><br \/>\n<span style=\"color: #000080;\"> ul. Hetma\u0144ska 69, Rzesz\u00f3w<\/span><\/p>\n<p style=\"text-align: right;\"><span style=\"color: #000080; text-decoration: underline;\"><strong><a href=\"http:\/\/maillist.tehila.gov.il\/t\/1185062\/1788515\/27718\/0\/\"><span style=\"color: #000080; text-decoration: underline;\">Czytaj dalej&#8230;<\/span><\/a><\/strong><\/span><\/p>\n<hr \/>\n<p><span style=\"color: #000080;\"><strong>Premiera powie\u015bci &#8220;Poza czasem&#8221; Dawida Grosmana<\/strong><\/span><\/p>\n<p><span style=\"color: #000080;\">Ksi\u0105\u017cka ju\u017c dost\u0119pna w sprzeda\u017cy<\/span><br \/>\n<img decoding=\"async\" id=\"_x0000_i1047\" class=\"alignleft\" style=\"border-color: #ffffff;\" src=\"https:\/\/lh4.googleusercontent.com\/-ofz6o0pwvJU\/U5cQi9PW2xI\/AAAAAAAAFNk\/kG5dvrciDhA\/w150-h239-no\/2014-06_Grosman.jpg\" alt=\"\" border=\"8\" \/><\/p>\n<p>&nbsp;<\/p>\n<p>&nbsp;<\/p>\n<p>&nbsp;<\/p>\n<p>&nbsp;<\/p>\n<p>&nbsp;<\/p>\n<p><span style=\"color: #000080;\">Premiera powie\u015bci Dawida Grosmana &#8220;Poza czasem&#8221; w t\u0142umaczeniu Reginy Gromackiej.<\/span><\/p>\n<p style=\"text-align: right;\"><span style=\"text-decoration: underline;\"><strong><a href=\"http:\/\/maillist.tehila.gov.il\/t\/1185062\/1788515\/27719\/0\/\">Czytaj dalej&#8230;<\/a><\/strong><\/span><\/p>\n<hr \/>\n<p style=\"text-align: center;\"><span style=\"color: #000080;\"><strong>AMBASADA IZRAELA W WARSZAWIE<\/strong><\/span><\/p>\n<p style=\"text-align: center;\"><span style=\"color: #000080;\">E-MAIL:<\/span> <span style=\"color: #000080; text-decoration: underline;\"><strong><a href=\"mailto:publicaffairs@warsaw.mfa.gov.il\"><span style=\"color: #000080; text-decoration: underline;\">publicaffairs@warsaw.mfa.gov.il<\/span><\/a><\/strong><\/span><\/p>\n<p style=\"text-align: center;\"><span style=\"color: #000080; text-decoration: underline;\"><strong><a href=\"http:\/\/www.israel.pl\"><span style=\"color: #000080; text-decoration: underline;\">www.israel.pl<\/span><\/a><\/strong><\/span><\/p>\n<p style=\"text-align: center;\"><a href=\"http:\/\/maillist.tehila.gov.il\/t\/1185062\/1788515\/20735\/0\/\" target=\"_blank\"><br \/>\n<img decoding=\"async\" id=\"_x0000_i1049\" style=\"border-color: #ffffff;\" src=\"https:\/\/lh3.googleusercontent.com\/-9v94JLKhmts\/TniJ1buI0PI\/AAAAAAAADgA\/UhOqvnn19DM\/s120\/banner_facebook_newsletter.jpg\" alt=\"\" border=\"8\" \/><br \/>\n<\/a><\/p>\n<p style=\"text-align: center;\"><span style=\"color: #000080;\">Informacje podane w powy\u017cszym zestawieniu oparte s\u0105 na danych pozyskanych od organizator\u00f3w, nie stanowi\u0105 one jednak oficjalnych materia\u0142\u00f3w informacyjnych. Ambasada Izraela nie ponosi odpowiedzialno\u015bci za jakiekolwiek zmiany wprowadzane przez organizator\u00f3w. W sprawie szczeg\u00f3\u0142\u00f3w zwi\u0105zanych z zaproszeniami, cenami bilet\u00f3w i in. prosimy kontaktowa\u0107 si\u0119 z w\u0142a\u015bciwymi instytucjami.<\/span><\/p>\n<p><img decoding=\"async\" id=\"_x0000_i1050\" class=\"aligncenter\" style=\"border-color: #ffffff;\" src=\"http:\/\/maillist.tehila.gov.il\/db\/1185062\/1788515\/1.gif\" alt=\"\" border=\"8\" \/><\/p>\n<hr \/>\n","protected":false},"excerpt":{"rendered":"<p>Izraelskie gwiazdy w Poslce: Idan Raichel, Asaf Avidan, KCDC Trasa koncertowa grupy Kerach 9 &#8211; 25 &#8211; 29 czerwca Kerach Tejsza (ang. Ice Nine) to rockowo-popowy zesp\u00f3\u0142 izraelski, kt\u00f3ry istnia\u0142 w latach 1993-2000 i by\u0142 najbardziej uznanym zespo\u0142em tamtych czas\u00f3w. Swoj\u0105 popularno\u015b\u0107 zdoby\u0142 dzi\u0119ki nowym brzmieniom brytyjskim (ang. britpop), wprowadzaj\u0105c je jako pierwszy na izraelsk\u0105 [&hellip;]<\/p>\n","protected":false},"author":1,"featured_media":0,"comment_status":"closed","ping_status":"closed","sticky":false,"template":"","format":"standard","meta":[],"categories":[3],"tags":[24],"_links":{"self":[{"href":"https:\/\/www.reunion68.se\/index.php?rest_route=\/wp\/v2\/posts\/2689"}],"collection":[{"href":"https:\/\/www.reunion68.se\/index.php?rest_route=\/wp\/v2\/posts"}],"about":[{"href":"https:\/\/www.reunion68.se\/index.php?rest_route=\/wp\/v2\/types\/post"}],"author":[{"embeddable":true,"href":"https:\/\/www.reunion68.se\/index.php?rest_route=\/wp\/v2\/users\/1"}],"replies":[{"embeddable":true,"href":"https:\/\/www.reunion68.se\/index.php?rest_route=%2Fwp%2Fv2%2Fcomments&post=2689"}],"version-history":[{"count":24,"href":"https:\/\/www.reunion68.se\/index.php?rest_route=\/wp\/v2\/posts\/2689\/revisions"}],"predecessor-version":[{"id":2717,"href":"https:\/\/www.reunion68.se\/index.php?rest_route=\/wp\/v2\/posts\/2689\/revisions\/2717"}],"wp:attachment":[{"href":"https:\/\/www.reunion68.se\/index.php?rest_route=%2Fwp%2Fv2%2Fmedia&parent=2689"}],"wp:term":[{"taxonomy":"category","embeddable":true,"href":"https:\/\/www.reunion68.se\/index.php?rest_route=%2Fwp%2Fv2%2Fcategories&post=2689"},{"taxonomy":"post_tag","embeddable":true,"href":"https:\/\/www.reunion68.se\/index.php?rest_route=%2Fwp%2Fv2%2Ftags&post=2689"}],"curies":[{"name":"wp","href":"https:\/\/api.w.org\/{rel}","templated":true}]}}