{"id":27348,"date":"2015-09-23T18:05:51","date_gmt":"2015-09-23T16:05:51","guid":{"rendered":"http:\/\/www.reunion68.se\/?p=27348"},"modified":"2015-09-22T06:30:26","modified_gmt":"2015-09-22T04:30:26","slug":"27348","status":"publish","type":"post","link":"https:\/\/www.reunion68.se\/?p=27348","title":{"rendered":"Irlandzki historyk: Polacy nie mog\u0105 zaprzeczy\u0107 swojej roli w Auschwitz"},"content":{"rendered":"<h5 style=\"text-align: center;\"><a href=\"http:\/\/wiadomosci.onet.pl\/\" target=\"_blank\"><img decoding=\"async\" class=\"center alignleft\" src=\"http:\/\/www.reunion68.com\/Biuletyn\/img\/onet-wiad.png\" alt=\"\" width=\"30%\" \/><\/a><span style=\"text-decoration: underline; color: #000080;\"><strong><a style=\"color: #000080; text-decoration: underline;\" href=\"http:\/\/wiadomosci.onet.pl\/wielka-brytania-i-irlandia\/irlandzki-historyk-polacy-nie-moga-zaprzeczyc-swojej-roli-w-auschwitz\/b3kgsy\" target=\"_blank\">Irlandzki historyk: Polacy nie mog\u0105 zaprzeczy\u0107 swojej roli w Auschwitz<\/a><\/strong><\/span><\/h5>\n<hr style=\"height: 15px; background: #d0e6fa; width: 710px;\" \/>\n<p style=\"text-align: left;\"><span style=\"color: #808080;\"><em>Foto: Shutterstock<\/em><\/span><br \/>\n<img decoding=\"async\" class=\"mainPhotoImg aligncenter\" src=\"http:\/\/ocdn.eu\/images\/pulscms\/ZGU7MDQsMCw4YSxmMjAsODgyOzA2LDMxNCwxYmM7MGMsMTQwYjFjZmU3ZjBhYzUyZWRjMDEwZDcwOTc4ZTg0YmUsMSwxLDYsMA__\/9dfb8137cd128a428830af5fc6527596.jpg\" alt=\"Belfast Telegraph: Polacy nie mog\u0105 zaprzeczy\u0107 swojej roli w Auschwitz\" width=\"100%\" data-item-uuid=\"5e165060-7e16-4ba5-8924-04127f5ce7c4\" \/><\/p>\n<p style=\"text-align: left;\"><span style=\"color: #333333;\"><strong>Na \u0142amach &#8220;Belfast Telegraph&#8221; ukaza\u0142 si\u0119 tekst, kt\u00f3rego autor twierdzi, \u017ce Polacy &#8220;nie mog\u0105 zaprzeczy\u0107, \u017ce odegrali swoj\u0105 rol\u0119 w tragedii Auschwitz&#8221;. &#8220;Polska, ze swoim g\u0142\u0119boko zakorzenionym antysemityzmem by\u0142a jedynym krajem pod kontrol\u0105 Niemiec, kt\u00f3ry zaakceptowa\u0142by zaistnienie takiego centrum eksterminacji&#8221; \u2013 pisze dr Kevin McCarthy w swoim tek\u015bcie.<\/strong><\/span><\/p>\n<p style=\"text-align: left;\"><span style=\"color: #000080;\">McCarthy wyk\u0142ada na irlandzkim uniwersytecie w Cork, jest te\u017c &#8220;okazjonalnym doradc\u0105&#8221; Muzeum \u017bydowskiego w Dublinie. Jego zainteresowania skupiaj\u0105 si\u0119 wok\u00f3\u0142 &#8220;irlandzko-\u017cydowskiej historii politycznej, syjonizmu irlandzkiego i do\u015bwiadczeniu irlandzkiego holocaustu&#8221; &#8211; mo\u017cemy przeczyta\u0107 w materia\u0142ach na temat autora dost\u0119pnych na stronie Irlandzkiego Stowarzyszenia Historyk\u00f3w.<\/span><\/p>\n<p style=\"text-align: left;\"><span style=\"color: #000080;\">Spraw\u0119 jako pierwszy opisa\u0142 portal &#8220;Polish Express&#8221;. W sieci ju\u017c wcze\u015bniej pojawia\u0142y si\u0119 informacje na temat szkaluj\u0105cych Polsk\u0119 wypowiedzi dokonywanych przez autora.<\/span><\/p>\n<p style=\"text-align: left;\"><span style=\"color: #000080;\">&#8220;Technicznie rzecz bior\u0105c Kaja Kazmierska m\u00f3wi prawd\u0119, kiedy stwierdza, \u017ce ob\u00f3z koncentracyjny Auschwitz-Birkenau znajdowa\u0142 si\u0119 na terenie okupowanej przez Niemc\u00f3w Polski i nie by\u0142 kontrolowany przez niezale\u017cny polski rz\u0105d. Ale pow\u00f3d ku temu jest prosty: Nazi\u015bci wiedzieli, \u017ce Polska, ze swoim g\u0142\u0119boko zakorzenionym antysemityzmem, by\u0142a najprawdopodobniej jedynym krajem pod kontrol\u0105 Niemiec, kt\u00f3ry zaakceptowa\u0142by zaistnienie takiego centrum eksterminacji&#8221; &#8211; pisze McCarthy.<\/span><\/p>\n<p style=\"text-align: left;\"><span style=\"color: #000080;\">Jego zdaniem &#8220;antysemityzm by\u0142 historycznie tak mocno wro\u015bni\u0119ty&#8221; w naszym kraju, \u017ce &#8220;4 lipca 1946 roku, zaledwie 16 miesi\u0119cy po wyzwoleniu obozu Auschwitz, rozw\u015bcieczona polska spo\u0142eczno\u015b\u0107 w Kielcach rozpocz\u0119\u0142a seri\u0119 brutalnych pogrom\u00f3w, w mie\u015bcie zamordowanych zosta\u0142o 50 os\u00f3b ocala\u0142ych z Holocaustu&#8221;.<\/span><\/p>\n<p style=\"text-align: left;\"><span style=\"color: #000080;\">McCarthy w swoim tek\u015bcie stwierdza te\u017c, \u017ce &#8220;to wrodzone antysemickie pogl\u0105dy na \u015bwiat by\u0142y powodem, dla kt\u00f3rego Nazi\u015bci zlokalizowali obozy koncentracyjne w Polsce&#8221;.<\/span><\/p>\n<p style=\"text-align: left;\"><span style=\"color: #000080;\">Jak donosi &#8220;Polish Express&#8221; Jan Niechwiadowicz \u2013 Polak wyr\u00f3\u017cniony przez polskie MSZ za walk\u0119 z k\u0142amliwym i krzywdz\u0105cym obrazem zachowa\u0144 Polak\u00f3w podczas II wojny \u015bwiatowej \u2013 koordynuje protest przeciwko autorowi oraz wydawcy tekstu w &#8220;Belfast Telegraph&#8221;.<\/span><\/p>\n<hr \/>\n<h5 style=\"text-align: center;\"><a href=\"http:\/\/www.belfasttelegraph.co.uk\/\" target=\"_blank\"><img decoding=\"async\" class=\"alignleft\" src=\"http:\/\/www.belfasttelegraph.co.uk\/img\/logo-belfast-b.png\" alt=\"Belfast Telegraph\" width=\"35%\" \/><\/a><span style=\"text-decoration: underline; color: #000080;\"><span style=\"text-decoration: underline;\"><strong><a style=\"color: #000080; text-decoration: underline;\" href=\"http:\/\/www.belfasttelegraph.co.uk\/opinion\/letters\/poles-cant-deny-role-in-auschwitz-31529293.html\" target=\"_blank\">Poles can&#8217;t deny role in Auschwitz<\/a><\/strong><\/span><\/span><\/h5>\n<p style=\"text-align: center;\"><span style=\"color: #333333;\"><strong>DR KEVIN McCARTHY Kinsale, Co Cork<\/strong><\/span><\/p>\n<hr style=\"height: 15px; background: #d0e6fa; width: 710px;\" \/>\n<p><span style=\"color: #333333;\"><em><strong>Kaja Kazmierska is technically correct when she says &#8220;Auschwitz-Birkenau concentration camp (was) in Nazi German-occupied Poland&#8221; and not under the control of a sovereign Polish government (Write Back, September 14).<\/strong><\/em><\/span><\/p>\n<p style=\"text-align: left;\"><span style=\"color: #000080;\">However, the reason is straightforward: the Nazis knew that Poland, with its deeply entrenched anti-Semitism, was arguably the only place under its control that would accept such an extermination centre.\u00a0Indeed, Polish historical anti-Semitism was so ingrained that on July 4, 1946 &#8211; barely 16 months after the liberation of Auschwitz &#8211; an enraged Polish community in Kielce initiated a pogrom of brutal proportions.\u00a0This small town murdered nearly 50 Holocaust survivors.\u00a0This innate anti-Semitic world view was ultimately why the Nazis located extermination centres in Poland.\u00a0And, although this might be unpalatable for modern-day Poles, it cannot be denied.<\/span><\/p>\n<hr style=\"height: 15px; background: #d0e6fa; width: 710px;\" \/>\n<div id=\"content\" class=\" content-alignment&lt;br \/&gt;&lt;br \/&gt; \">\n<div id=\"watch-description\" class=\"yt-uix-button-panel\">\n<div id=\"watch-description-text\">\n<p style=\"text-align: center;\"><span style=\"color: #808080;\"> twoje uwagi, linki, wlasne artykuly, lub wiadomosci przeslij do: <strong><span style=\"text-decoration: underline;\"><span style=\"color: #808080; text-decoration: underline;\"><a href=\"mailto:webmaster@reunion68.com\">webmaster@reunion68.com<\/a><\/span><\/span><\/strong><\/span><\/p>\n<\/div>\n<\/div>\n<\/div>\n<p>&nbsp;<\/p>\n<hr style=\"width: 710px;\" \/>\n","protected":false},"excerpt":{"rendered":"<p>Irlandzki historyk: Polacy nie mog\u0105 zaprzeczy\u0107 swojej roli w Auschwitz Foto: Shutterstock Na \u0142amach &#8220;Belfast Telegraph&#8221; ukaza\u0142 si\u0119 tekst, kt\u00f3rego autor twierdzi, \u017ce Polacy &#8220;nie mog\u0105 zaprzeczy\u0107, \u017ce odegrali swoj\u0105 rol\u0119 w tragedii Auschwitz&#8221;. &#8220;Polska, ze swoim g\u0142\u0119boko zakorzenionym antysemityzmem by\u0142a jedynym krajem pod kontrol\u0105 Niemiec, kt\u00f3ry zaakceptowa\u0142by zaistnienie takiego centrum eksterminacji&#8221; \u2013 pisze dr [&hellip;]<\/p>\n","protected":false},"author":1,"featured_media":0,"comment_status":"closed","ping_status":"closed","sticky":false,"template":"","format":"standard","meta":[],"categories":[6],"tags":[26,24],"_links":{"self":[{"href":"https:\/\/www.reunion68.se\/index.php?rest_route=\/wp\/v2\/posts\/27348"}],"collection":[{"href":"https:\/\/www.reunion68.se\/index.php?rest_route=\/wp\/v2\/posts"}],"about":[{"href":"https:\/\/www.reunion68.se\/index.php?rest_route=\/wp\/v2\/types\/post"}],"author":[{"embeddable":true,"href":"https:\/\/www.reunion68.se\/index.php?rest_route=\/wp\/v2\/users\/1"}],"replies":[{"embeddable":true,"href":"https:\/\/www.reunion68.se\/index.php?rest_route=%2Fwp%2Fv2%2Fcomments&post=27348"}],"version-history":[{"count":14,"href":"https:\/\/www.reunion68.se\/index.php?rest_route=\/wp\/v2\/posts\/27348\/revisions"}],"predecessor-version":[{"id":27382,"href":"https:\/\/www.reunion68.se\/index.php?rest_route=\/wp\/v2\/posts\/27348\/revisions\/27382"}],"wp:attachment":[{"href":"https:\/\/www.reunion68.se\/index.php?rest_route=%2Fwp%2Fv2%2Fmedia&parent=27348"}],"wp:term":[{"taxonomy":"category","embeddable":true,"href":"https:\/\/www.reunion68.se\/index.php?rest_route=%2Fwp%2Fv2%2Fcategories&post=27348"},{"taxonomy":"post_tag","embeddable":true,"href":"https:\/\/www.reunion68.se\/index.php?rest_route=%2Fwp%2Fv2%2Ftags&post=27348"}],"curies":[{"name":"wp","href":"https:\/\/api.w.org\/{rel}","templated":true}]}}