{"id":27351,"date":"2015-09-21T18:09:04","date_gmt":"2015-09-21T16:09:04","guid":{"rendered":"http:\/\/www.reunion68.se\/?p=27351"},"modified":"2015-09-20T08:54:38","modified_gmt":"2015-09-20T06:54:38","slug":"antysemityzm-ma-znow-swiatowego-przywodce","status":"publish","type":"post","link":"https:\/\/www.reunion68.se\/?p=27351","title":{"rendered":"Antysemityzm ma zn\u00f3w \u015bwiatowego przyw\u00f3dc\u0119"},"content":{"rendered":"<h5 style=\"text-align: center;\"><a href=\"http:\/\/www.listyznaszegosadu.pl\/\" target=\"_blank\"><img decoding=\"async\" class=\"center alignleft\" src=\"http:\/\/www.reunion68.com\/Biuletyn\/img\/z-naszego.jpg\" alt=\"\" width=\"35%\" \/><\/a><span style=\"text-decoration: underline; color: #000080;\"><strong><a style=\"color: #000080; text-decoration: underline;\" href=\"http:\/\/www.listyznaszegosadu.pl\/brunatna-fala\/antysemityzm-ma-znow-swiatowego-przywodce\" target=\"_blank\">Antysemityzm ma zn\u00f3w \u015bwiatowego przyw\u00f3dc\u0119<\/a><\/strong><\/span><\/h5>\n<p style=\"text-align: center;\"><span style=\"color: #333333;\"><strong>Andrzej Koraszewski<\/strong><\/span><\/p>\n<hr style=\"height: 15px; background: #d0e6fa; width: 710px;\" \/>\n<p style=\"text-align: right;\"><span style=\"color: #808080;\"><em>Demonstracja Brytyjczyk\u00f3w w Londynie, przy <\/em><\/span><br \/>\n<span style=\"color: #808080;\"><em>Downing Street, 9 wrze\u015bnia 2015. Zdj\u0119cie AFP<\/em><\/span><\/p>\n<p><img decoding=\"async\" class=\"alignright\" src=\"http:\/\/www.listyznaszegosadu.pl\/upload\/article\/bild\/7109\/633438\/9df74bb2-adff-4494-8ca8-d21f89f1c945_s.jpg\" alt=\"Demonstracja Brytyjczyk\u00f3w w Londynie, przy Downing Street, 9 wrze\u015bnia 2015. Zdj\u0119cie AFP\u00a0\" width=\"40%\" border=\"0\" \/><\/p>\n<p style=\"text-align: left;\"><strong><span style=\"color: #333333;\">Czternasta rocznica zamachu na WTC przesz\u0142a jakby niezauwa\u017cona. Wypada\u0142a w pi\u0105tek, wi\u0119c w dzie\u0144 \u015bwi\u0119ty. W Teheranie podczas kazania, ajatollah Mohammed Ali Mohavedi Kermani, wyrazi\u0142 rado\u015b\u0107 z powodu tego, \u017ce nienawi\u015b\u0107 do Izraela szerzy si\u0119 z Iranu na Zach\u00f3d.<\/span><\/strong><\/p>\n<p style=\"text-align: left;\"><span style=\"color: #000080;\">&#8220;Kampania nienawi\u015bci do syjonistycznego re\u017cimu, kt\u00f3ra zacz\u0119\u0142a si\u0119 w Iranie \u2013 m\u00f3wi\u0142 11 wrze\u015bnia 2015 jeden z czo\u0142owych ira\u0144skich duchownych &#8211; rozszerzy\u0142a si\u0119 na ca\u0142y \u015bwiat.\u201d<\/span><\/p>\n<p style=\"text-align: left;\"><span style=\"color: #000080;\">W Londynie, pod siedzib\u0105 premiera, ludzie demonstruj\u0105 w koszulkach z logo Hezbollahu, nad t\u0142umem powiewaj\u0105 \u017c\u00f3\u0142te flagi tej terrorystycznej organizacji. Czy wiedz\u0105, co deklaruje Hezbollah? Jak najbardziej, oni te\u017c to deklaruj\u0105. Chwilowo \u017c\u0105daj\u0105 aresztowania premiera Izraela. Deklaruj\u0105 r\u00f3wnie\u017c poparcie dla Hamasu, ale wida\u0107, \u017ce Hezbollah bardziej im si\u0119 podoba. Czy uznaj\u0105 Chameneiego za przyw\u00f3dc\u0119 \u015bwiatowego antysemityzmu? Pewnie tak by tego nie powiedzieli, pewnie poszliby \u015bwietlist\u0105 \u015bcie\u017ck\u0105 G\u00fcntera Grassa.<\/span><\/p>\n<p style=\"text-align: left;\"><span style=\"color: #000080;\">Nie mo\u017cemy wykluczy\u0107, \u017ce naprawd\u0119 nie znaj\u0105 deklaracji Najwy\u017cszego Przyw\u00f3dcy Islamskiej Republiki Iranu. Prasa o tych deklaracjach milczy, ale ta mi\u0142o\u015b\u0107 do Hezbollahu wskazuje na to, \u017ce maj\u0105 swoje \u017ar\u00f3d\u0142a, kt\u00f3re przekazuj\u0105 im ideologiczne przes\u0142anie Wodza. G\u00fcnter Grass doskonale wiedzia\u0142, kto i co m\u00f3wi w Iranie i nawet wspomina\u0142 o tym w swojej poezji.<\/span><\/p>\n<p style=\"text-align: left;\"><span style=\"color: #000080;\">W\u0142oska re\u017cyser, Samantha Comizzoli, pisze na swoim Facebooku: \u201eCzy my\u015bleli\u015bcie o aktywowaniu zapalnika bomby? \u017beby jako\u015b zareagowa\u0107 na potwora?\u201d Samantha Comizzoli jest autork\u0105 filmu \u201cIzrael \u2013 The Cancer\u201d. To okre\u015blenie Izraela jest systematycznie u\u017cywane przez Najwy\u017cszego Przyw\u00f3dc\u0119, kt\u00f3ry r\u00f3wnie\u017c obiecuje aktywowanie zapalnika bomby. Film Samanthy Comizzoli jest sponsorowany przez liczne NGO i wy\u015bwietlany w wielu miastach w\u0142oskich. Ali Chamenei jest dzi\u015b przyw\u00f3dc\u0105 \u015bwiatowego antysemityzmu.<\/span><\/p>\n<p style=\"text-align: left;\"><span style=\"color: #000080;\">Persja walczy o \u201enale\u017cne jej miejsce\u201d w polityce \u015bwiatowej. Najwy\u017cszy Przyw\u00f3dca nie kryje, \u017ce uwa\u017ca Ameryk\u0119 za \u201eWielkiego Szatana\u201d. Zabawny slogan, o kt\u00f3rym nikt nie b\u0119dzie powa\u017cnie dyskutowa\u0142. Przecie\u017c to jakie\u015b majaczenia oszala\u0142ego wiejskiego proboszcza. Jednak Ali Chamenei nie jest p\u00f3\u0142pi\u015bmiennym duchownym z zapad\u0142ej ira\u0144skiej wsi. Jest niekwestionowanym przyw\u00f3dc\u0105 islamskiej rewolucji.<\/span><\/p>\n<p style=\"text-align: left;\"><span style=\"color: #000080;\">Jest 9 wrze\u015bnia 2015 r. Wielki Przyw\u00f3dca Islamskiej Rewolucji wyst\u0119puje przy grobie swojego poprzednika, ajatollaha Ruhollaha Chomeiniego. M\u00f3wi, \u017ce Ameryka jest gorsza ni\u017c szatan, dodaje, \u017ce za 25 lat Izraela nie b\u0119dzie, a do tego czasu nie zazna ani jednego dnia spokoju. To nie s\u0105 czcze s\u0142owa, jak uspakaja\u0142 nas G\u00fcnter Grass i jak dzi\u015b zapewnia sfora dziennikarzy zachodnich, ale tylko tych, kt\u00f3rzy s\u0105 na tyle przyzwoici, \u017ceby nie twierdzi\u0107, \u017ce \u015bwiat si\u0119 przes\u0142ysza\u0142.<\/span><\/p>\n<p style=\"text-align: left; padding-left: 90px;\"><em><span style=\"color: #000080;\">\u201eAmerykanie stroj\u0105 si\u0119 w garnitur, krawat i perfumy i przedstawiaj\u0105 si\u0119 inaczej niewinnym ludziom. Wielki nar\u00f3d ira\u0144ski wygna\u0142 tego Wielkiego Szatana z Iranu. Nie wolno mu pozwoli\u0107 na powr\u00f3t. \u2013 m\u00f3wi\u0142 dalej Wielki Przyw\u00f3dca 9 wrze\u015bnia 2015 \u2013 Temu kto wychodzi drzwiami, nie wolno pozwoli\u0107 na powr\u00f3t oknem. Nie wolno pozwoli\u0107 USA na infiltracj\u0119 Iranu.\u201d<\/span><\/em><\/p>\n<p style=\"text-align: left;\"><span style=\"color: #000080;\">Podobnie jak ideologia Trzeciej Rzeszy, ideologia islamskiej rewolucji g\u0142osi w\u0142asn\u0105 wy\u017cszo\u015b\u0107 nad reszt\u0105 ludzko\u015bci, nienawi\u015b\u0107 do demokracji oraz praw cz\u0142owieka, a jej centralnym filarem ideologicznym jest nienawi\u015b\u0107 do \u017byd\u00f3w. W tym samym przem\u00f3wieniu Najwy\u017cszy Przyw\u00f3dca m\u00f3wi\u0142:<\/span><\/p>\n<p style=\"text-align: left; padding-left: 90px;\"><em><span style=\"color: #000080;\">\u201ePo zako\u0144czeniu rozm\u00f3w nuklearnych s\u0142ysza\u0142em, \u017ce syjoni\u015bci w okupowanej Palestynie powiedzieli: \u2018Tymczasem, dzi\u0119ki wynikom rozm\u00f3w, b\u0119dziemy mie\u0107 25 lat spokoju w sprawie problemu z Iranem. Po 25 latach co\u015b wymy\u015blimy\u2019. Odpowiedzia\u0142em im, m\u00f3wi\u0105c: \u2018Przede wszystkim, za 25 lat nie b\u0119dziecie \u017cywi\u2019\u201d.<\/span><\/em><\/p>\n<p style=\"text-align: left;\"><span style=\"color: #000080;\">Zapowied\u017a kolejnej zag\u0142ady jest tu otwarta, g\u0142oszona bez najmniejszych obaw czy skr\u0119powania i&#8230; ma poparcie demokratycznego \u015bwiata.<\/span><\/p>\n<p style=\"text-align: left;\"><span style=\"color: #000080;\">W samym \u015brodku \u201epokojowych\u201d negocjacji z Iranem ameryka\u0144ski sekretarz stanu zapewnia\u0142, \u017ce te powtarzaj\u0105ce si\u0119 okrzyki nienawi\u015bci pod adresem Ameryki i te zapowiedzi zag\u0142ady \u017byd\u00f3w to tylko retoryka na u\u017cytek wewn\u0119trzny. W wypowiedzi dla magazynu \u201eThe Atlantic\u201d John Kerry przyzna\u0142, \u017ce ira\u0144ska ideologia jest do szpiku anty\u017cydowska, i pe\u0142na otwartych zapowiedzi zag\u0142ady mieszka\u0144c\u00f3w Izraela. R\u00f3wnie\u017c prezydent Obama jest w pe\u0142ni \u015bwiadomy tego, \u017ce ta ideologia nosi wszelkie znamiona irracjonalnego ob\u0142\u0119du. Broni\u0105c jednak zasadno\u015bci umowy nuklearnej z Iranem powiedzia\u0142:<\/span><\/p>\n<p style=\"text-align: left; padding-left: 90px;\"><em><span style=\"color: #000080;\">\u201eAle jest mo\u017cliwe, \u017ce przyw\u00f3dcy czy rz\u0105dy s\u0105 okrutne, fanatyczne, maj\u0105 ob\u0142\u0105kany \u015bwiatopogl\u0105d, a jednak podejmuj\u0105 racjonalne kalkulacje bior\u0105ce pod uwag\u0119 ich ograniczone mo\u017cliwo\u015bci i instynkt samozachowawczy.\u201e<\/span><\/em><\/p>\n<p style=\"text-align: left;\"><span style=\"color: #000080;\">No c\u00f3\u017c, napad Japo\u0144czyk\u00f3w na Ameryk\u0119 nie by\u0142 racjonalny, napad Hitlera na ZSRR nie by\u0142 racjonalny, podobnie jak wyprawa na Moskw\u0119 Napoleona nie by\u0142a racjonalna. Najwyra\u017aniej ameryka\u0144ski prezydent nieuwa\u017cnie s\u0142ucha\u0142 na lekcjach historii. Irracjonalne decyzje niezwykle cz\u0119sto bra\u0142y g\u00f3r\u0119 nad rozs\u0105dkiem i nieodmiennie nios\u0142y ze sob\u0105 koszmar.<\/span><\/p>\n<p style=\"text-align: left;\"><span style=\"color: #000080;\">Czy umiemy w tej ideologii odr\u00f3\u017cni\u0107 racjonalno\u015b\u0107 i szale\u0144stwo? Jest to ideologia oparta na religii, a na polu religii racjonalne argumenty po prostu nie dzia\u0142aj\u0105. Najwy\u017cszy Przyw\u00f3dca jest r\u00f3wnocze\u015bnie najwy\u017cszym kap\u0142anem i przemawia w imieniu boga. Slogan, \u017ce Ameryka jest Wielkim Szatanem, to nie jest tylko wyzwisko, to jest podparte wersetami z Koranu i jest to stwierdzenie, \u017ce Ameryka jest wrogiem Allaha, a z wrogami Allaha nie prowadzi si\u0119 pertraktacji, a je\u015bli, to tylko po to, \u017ceby ich wyprowadzi\u0107 w pole.<\/span><\/p>\n<p style=\"text-align: left;\"><span style=\"color: #000080;\">Czy zapowiedzi podboju Europy i Ameryki to wy\u0142\u0105cznie puste slogany i czy maj\u0105 jakiekolwiek zaczepienie w racjonalno\u015bci? Przekonanie o s\u0142abo\u015bci zachodniego \u015bwiata ma podobne pod\u0142o\u017ce, jakie mia\u0142o przekonanie Japo\u0144czyk\u00f3w, \u017ce zdo\u0142aj\u0105 pokona\u0107 Ameryk\u0119. Wygrana wojna japo\u0144sko-rosyjska w 1905 roku zako\u0144czy\u0142a mit militarnej wy\u017cszo\u015bci bia\u0142ego cz\u0142owieka. Kolonialne podboje w Chinach i Korei da\u0142y Japonii poczucie mocy, ameryka\u0144ski izolacjonizm i brak reakcji na japo\u0144sk\u0105 ekspansj\u0119 prowadzi\u0142y do przekonania, \u017ce dekadencka Ameryka nie ma woli walki. We wsp\u00f3\u0142czesnych czasach mamy do\u015b\u0107 podobny cykl. Ameryka przegra\u0142a wojn\u0119 w Wietnamie, skompromitowa\u0142a si\u0119, pr\u00f3buj\u0105c odbi\u0107 swoich zak\u0142adnik\u00f3w w Iranie, skompromitowa\u0142a si\u0119 w Somalii, przegra\u0142a wojn\u0119 w Afganistanie, przegra\u0142a w Iraku. Ameryka nie jest niezwyci\u0119\u017cona, jest s\u0142aba i nie ma woli walki.<\/span><\/p>\n<p style=\"text-align: left;\"><span style=\"color: #000080;\">Widzimy tu elementy irracjonalne i racjonalne, ale w zupe\u0142nie innej kombinacji, ani\u017celi przedstawia to Barack Obama. M\u00f3g\u0142by kto\u015b powiedzie\u0107, \u017ce do\u015bwiadczenie Saddama Husajna w Iraku powinno by\u0107 nauczk\u0105. Oparta na podobnych przekonaniach inwazja na Kuwejt zako\u0144czy\u0142a si\u0119 b\u0142yskawiczn\u0105 kl\u0119sk\u0105 irackiej armii. Okazuje si\u0119, \u017ce tu logika nie dzia\u0142a. Po\u0142\u0105czenie wiary religijnej z przekonaniem o s\u0142abo\u015bci wroga, sk\u0142ania do ustawicznego testowania. Raz za razem ira\u0144skie w\u0142adze otrzymuj\u0105 potwierdzenie, \u017ce ich wizja s\u0142abej Ameryki jest racjonalna.<\/span><\/p>\n<p style=\"text-align: left;\"><span style=\"color: #000080;\">Jak\u0105 rol\u0119 w tej ideologii islamskiej supremacji pe\u0142ni antyjudaizm? Czy jest to rola podobna do nazistowskiego antysemityzmu? Hitler \u015bwi\u0119cie wierzy\u0142, \u017ce \u017bydzi s\u0105 jak\u0105\u015b demoniczn\u0105 ras\u0105, kt\u00f3ra zagra\u017ca \u015bwiatu, a w szczeg\u00f3lno\u015bci Niemcom. Ustawy Norymberskie nie m\u00f3wi\u0142y o religii, nie m\u00f3wi\u0142y o obywatelstwie, o \u015bwiatopogl\u0105dzie, te ustawy m\u00f3wi\u0142y o \u017cydowskiej krwi. Aryjsko\u015b\u0107 nale\u017ca\u0142o udowodni\u0107 do czwartego pokolenia wstecz. Dzisiejsi ira\u0144scy fanatycy religijni rzadko odwo\u0142uj\u0105 si\u0119 do swojej aryjsko\u015bci. Przyw\u00f3dca Hezbollahu cieszy si\u0119, \u017ce \u017bydzi przyje\u017cd\u017caj\u0105 do Izraela i dodaje, \u017ce dzi\u0119ki temu, nie trzeba b\u0119dzie \u015bciga\u0107 ich po ca\u0142ym \u015bwiecie. Nie m\u00f3wi o religii, ani obywatelstwie, m\u00f3wi o \u017bydach, a jego bojownicy pozdrawiaj\u0105 si\u0119 rzymskim salutem. (Antysemityzm nie jest rasizmem, zapewniaj\u0105 wdzi\u0119cznie zachodni libera\u0142owie.)<\/span><\/p>\n<p style=\"text-align: left;\"><span style=\"color: #000080;\">Ameryka\u0144ski historyk, Timothy Snyder wyda\u0142 w\u0142a\u015bnie ksi\u0105\u017ck\u0119 Black Earth: The Holocaust as History and Warning. Tytu\u0142 nawi\u0105zuje do ukrai\u0144skiego czarnoziemu, kt\u00f3ry mia\u0142 dostarczy\u0107 \u017cywno\u015bci Niemcom, Snyder pokazuje r\u00f3wnocze\u015bnie, jak wielk\u0105 rol\u0119 w ideologii nazistowskiej pe\u0142ni\u0142a ekologia, metafizycznie pojmowana czysto\u015b\u0107, w tym oczywi\u015bcie, czysto\u015b\u0107 rasy, kt\u00f3ra by\u0142a uwa\u017cana za \u015bwi\u0119to\u015b\u0107. Ci, kt\u00f3rzy twierdz\u0105, \u017ce antysemityzm nie jest rasizmem, po prostu nie odrobili lekcji.<\/span><\/p>\n<p style=\"text-align: left;\"><span style=\"color: #000080;\">W retoryce islamskiej rewolucji czysto\u015b\u0107 rasy nie powraca w tej samej formie, w jakiej widzieli\u015bmy j\u0105 w nazizmie. Islamski antyjudaizm czerpie swoje soki z zapis\u00f3w w Koranie, przy czym \u017bydzi (wierz\u0105cy lub nie) s\u0105 \u2018arcyniewiernym\u201d, s\u0105 demonicznym spiskowcem, knuj\u0105cym przeciwko Allahowi, s\u0105 wrogiem pierwszym, a zarazem ostatnim, kt\u00f3rego fizyczna eliminacja zapewni pok\u00f3j na Ziemi. Eliminacja Izraela i jego mieszka\u0144c\u00f3w jest celem; jest celem, kt\u00f3ry, jak powtarza Najwy\u017cszy Przyw\u00f3dca, nie podlega negocjacjom.<\/span><\/p>\n<p style=\"text-align: left; padding-left: 90px;\"><em><span style=\"color: #000080;\">\u201eNie powinni\u015bmy by\u0107 usatysfakcjonowani tym, co osi\u0105gn\u0119li\u015bmy w naszych granicach \u2013 m\u00f3wi\u0142 Chamenei podczas Dnia Quds (Jerozolimy) \u2013 jak d\u0142ugo cuchn\u0105ca rana i zainfekowany gruczo\u0142 nazywany \u2018rz\u0105dem Izraela\u2019, znajduje si\u0119 w samym sercu islamskich terytori\u00f3w, nie mo\u017cemy mie\u0107 poczucia zwyci\u0119stwa.\u201d<\/span><\/em><\/p>\n<p style=\"text-align: left;\"><span style=\"color: #000080;\">Od szeregu lat, najwy\u017cszy Przyw\u00f3dca Iranu konsekwentnie powtarza, \u017ce likwidacja Izraela jest g\u0142\u00f3wnym celem rewolucji islamskiej. W cytowanym wcze\u015bniej przem\u00f3wieniu nad grobem Chomeiniego (9 wrze\u015bnia 2015) Ali Chamenei m\u00f3wi\u0142:<\/span><\/p>\n<p style=\"text-align: left; padding-left: 90px;\"><em><span style=\"color: #000080;\">\u201ePalestyna jest najwa\u017cniejsz\u0105 kwesti\u0105 w islamskim \u015bwiecie.[&#8230;] Jest tak dlatego, \u017ce okupacja Palestyny i Jerozolimy, kt\u00f3re s\u0105 cz\u0119\u015bci\u0105 cia\u0142a islamu, jest \u017ar\u00f3d\u0142em ca\u0142ej s\u0142abo\u015bci i problem\u00f3w islamskiego \u015bwiata. Bolesna rana w ciele islamu niepokoi serce Proroka. Serce i dusza Proroka w raju s\u0105 przepe\u0142nione smutkiem. Jakie jest zatem rozwi\u0105zanie? D\u017cihad jest odpowiedzi\u0105.\u201d<\/span><\/em><\/p>\n<p style=\"text-align: left;\"><span style=\"color: #000080;\">W racjonalistycznym \u015bwiecie mo\u017cemy tu m\u00f3wi\u0107 o religijnym be\u0142kocie, o politycznej retoryce przeznaczonej wy\u0142\u0105cznie na u\u017cytek wewn\u0119trzny, ale nie mo\u017cemy zapomina\u0107 o miliardach \u0142o\u017conych na zbrojenia tak si\u0142 wewn\u0119trznych, jak i organizacji islamskiego terroru poza granicami Iranu, jak r\u00f3wnie\u017c o finansowaniu wojny psychologicznej prowadzonej w Europie i Ameryce. Jest pow\u00f3d, dla kt\u00f3rego cz\u0142onkowie r\u00f3\u017cnych organizacji \u201esolidarno\u015bci z Palestyn\u0105\u201d, chrze\u015bcija\u0144skie ko\u015bcio\u0142y, ale r\u00f3wnie\u017c politycy, powtarzaj\u0105 propagand\u0119 ira\u0144sk\u0105 w ca\u0142o\u015bci lub w cz\u0119\u015bci.<\/span><\/p>\n<p style=\"text-align: left;\"><span style=\"color: #000080;\">Jak pisze Ben Cohen w artykule pod tytu\u0142em \u201eGlobal Anti-Semitism Now Has a Leader\u201d:<\/span><\/p>\n<p style=\"text-align: left; padding-left: 90px;\"><em><span style=\"color: #000080;\">\u201cEcho nazizmu w be\u0142kotach Chameneiego nie jest czym\u015b przypadkowym. Jak wyja\u015bnia niemiecki badacz, Mattias Kuentzel w swojej znakomitej ksi\u0105\u017cce Germany and Iran: From the Aryan Axix to the Nuclear Threshold, odwieczna germanofilia w spo\u0142ecze\u0144stwie ira\u0144skim da\u0142a nazistom publiczno\u015b\u0107 przygotowan\u0105 na propagand\u0119, w kt\u00f3rej podkre\u015blano wsp\u00f3lne pochodzenie rasowe aryjczyk\u00f3w i wi\u0119kszo\u015bci mieszka\u0144c\u00f3w Iranu (kraju Arian). Najwyra\u017aniej by\u0142o to wida\u0107 w programach persko-j\u0119zycznego Radia Zeesen, nazwanego tak od ma\u0142ego miasteczka na po\u0142udnie od Berlina, gdzie znajdowa\u0142a si\u0119 siedziba tej rozg\u0142o\u015bni.\u201d<\/span><\/em><\/p>\n<p style=\"text-align: left;\"><span style=\"color: #000080;\">Ju\u017c podczas drugiej wojny \u015bwiatowej \u2013 pisze Cohen \u2013 t\u0119 aryjsk\u0105 wsp\u00f3lnot\u0119 rasow\u0105 \u0142\u0105czy\u0142 ob\u0142\u0105kany antysemityzm i antyamerykanizm. Niemiecki ambasador, kt\u00f3ry by\u0142 jednym z inicjator\u00f3w pogromu \u017byd\u00f3w w Teheranie w 1941 roku (znanego jako Farhud), Fritz Grobba, m\u00f3wi\u0142 w programie Radia Zeesen:<\/span><\/p>\n<p style=\"text-align: left; padding-left: 90px;\"><span style=\"color: #000080;\">\u201e\u017bydzi poci\u0105gaj\u0105 za sznurki w Ameryce. Ka\u017cdy Amerykanin, kt\u00f3ry przybywa do Orientu, robi to na polecenie \u017byd\u00f3w.\u201d<\/span><\/p>\n<p style=\"text-align: left;\"><span style=\"color: #000080;\">Trzy pokolenia p\u00f3\u017aniej te s\u0142owa s\u0105 sta\u0142\u0105 mantr\u0105 ira\u0144skiej ideologii. Ksi\u0105\u017cka Kuentzela dokumentuje, \u017ce antysemicka obsesja w pismach Chomeiniego datuje si\u0119 sprzed powstania Izraela i stanowi\u0142a centralny element jego \u015bwiatopogl\u0105du. Jest to kombinacja islamskiej teologii z ideologi\u0105 nazizmu i zar\u00f3wno paranoicznym, jak i instrumentalnym \u0142\u0105czeniem ka\u017cdego wroga z \u017bydami. \u017bydami lub krypto-\u017bydami byli dla niego zar\u00f3wno turecki Kamel Ataturk, jak i egipski Ali Pasza, szach by\u0142 oczywi\u015bcie \u201e\u017cydowskim agentem i ameryka\u0144skim w\u0119\u017cem\u201d.<\/span><\/p>\n<p style=\"text-align: left;\"><span style=\"color: #000080;\">Ben Cohen pisze, \u017ce ira\u0144skie elity nie mog\u0105 zmieni\u0107 kursu i wyrzec si\u0119 swojego antysemityzmu, gdy\u017c oznacza\u0142oby to rezygnacj\u0119 z islamskiej rewolucji. Ze strony Zachodu nie ma po temu \u017cadnych bod\u017ac\u00f3w, wr\u0119cz przeciwnie. R\u00f3wnocze\u015bnie politycy i analitycy zachodni b\u0142\u0119dnie s\u0105dz\u0105, \u017ce mamy do czynienia z konfliktem mi\u0119dzy dwoma pa\u0144stwami. Dla islamskich polityk\u00f3w, podobnie jak dla nazist\u00f3w, \u017bydzi prezentuj\u0105 ciemn\u0105, szata\u0144sk\u0105 stron\u0119 ludzko\u015bci w konflikcie datuj\u0105cym si\u0119 od czas\u00f3w Proroka Mahometa i w tym kontek\u015bcie oczekiwanie uznania prawa Izraela do istnienia jest r\u00f3wnie absurdalne, jak absurdalne by\u0142oby przekonywanie Hitlera, \u017ce ostateczne rozwi\u0105zanie kwestii \u017cydowskiej jest niehumanitarne i nieracjonalne, \u017ce wystarczy przecie\u017c da\u0107 im w\u0142asne pa\u0144stwo i wysiedli\u0107 z Europy.<\/span><\/p>\n<p style=\"text-align: left;\"><span style=\"color: #000080;\">Kiedy pod siedzib\u0105 brytyjskiego premiera s\u0142yszymy wezwania brytyjskich aktywist\u00f3w do likwidacji Izraela i jego mieszka\u0144c\u00f3w, kiedy w parlamentach otwarty antysemityzm przestaje by\u0107 wstydliwy &#8211; s\u0142yszymy g\u0142os Iranu i jego przyw\u00f3dcy. Zauwa\u017canie tego faktu jest coraz cz\u0119\u015bciej zar\u00f3wno towarzyskim, jak i politycznym nietaktem.<\/span><\/p>\n<p style=\"text-align: center;\"><span style=\"color: #808080;\"><em>P.S. Poni\u017csze wideo to tylko drobna ilustracja tego, co kryje si\u0119 za \u201epust\u0105 retoryk\u0105 na u\u017cytek wewn\u0119trzny\u201d.<\/em><\/span><\/p>\n<div id=\"content\" class=\" content-alignment&lt;br \/&gt;&lt;br \/&gt; \">\n<div id=\"watch-description\" class=\"yt-uix-button-panel\">\n<div id=\"watch-description-text\"><iframe loading=\"lazy\" src=\"https:\/\/www.youtube.com\/embed\/zFS2QVh56ng\" width=\"680\" height=\"400\" frameborder=\"0\" allowfullscreen=\"allowfullscreen\"><\/iframe><\/div>\n<\/div>\n<\/div>\n<p>&nbsp;<\/p>\n<hr style=\"height: 15px; background: #d0e6fa; width: 710px;\" \/>\n<div id=\"content\" class=\" content-alignment&lt;br \/&gt;&lt;br \/&gt; \">\n<div id=\"watch-description\" class=\"yt-uix-button-panel\">\n<div id=\"watch-description-text\">\n<p style=\"text-align: center;\"><span style=\"color: #808080;\"> twoje uwagi, linki, wlasne artykuly, lub wiadomosci przeslij do: <strong><span style=\"text-decoration: underline;\"><span style=\"color: #808080; text-decoration: underline;\"><a href=\"mailto:webmaster@reunion68.com\">webmaster@reunion68.com<\/a><\/span><\/span><\/strong><\/span><\/p>\n<\/div>\n<\/div>\n<\/div>\n<p>&nbsp;<\/p>\n<hr style=\"width: 710px;\" \/>\n","protected":false},"excerpt":{"rendered":"<p>Antysemityzm ma zn\u00f3w \u015bwiatowego przyw\u00f3dc\u0119 Andrzej Koraszewski Demonstracja Brytyjczyk\u00f3w w Londynie, przy Downing Street, 9 wrze\u015bnia 2015. Zdj\u0119cie AFP Czternasta rocznica zamachu na WTC przesz\u0142a jakby niezauwa\u017cona. Wypada\u0142a w pi\u0105tek, wi\u0119c w dzie\u0144 \u015bwi\u0119ty. W Teheranie podczas kazania, ajatollah Mohammed Ali Mohavedi Kermani, wyrazi\u0142 rado\u015b\u0107 z powodu tego, \u017ce nienawi\u015b\u0107 do Izraela szerzy si\u0119 z [&hellip;]<\/p>\n","protected":false},"author":1,"featured_media":0,"comment_status":"closed","ping_status":"closed","sticky":false,"template":"","format":"standard","meta":[],"categories":[6],"tags":[26,24],"_links":{"self":[{"href":"https:\/\/www.reunion68.se\/index.php?rest_route=\/wp\/v2\/posts\/27351"}],"collection":[{"href":"https:\/\/www.reunion68.se\/index.php?rest_route=\/wp\/v2\/posts"}],"about":[{"href":"https:\/\/www.reunion68.se\/index.php?rest_route=\/wp\/v2\/types\/post"}],"author":[{"embeddable":true,"href":"https:\/\/www.reunion68.se\/index.php?rest_route=\/wp\/v2\/users\/1"}],"replies":[{"embeddable":true,"href":"https:\/\/www.reunion68.se\/index.php?rest_route=%2Fwp%2Fv2%2Fcomments&post=27351"}],"version-history":[{"count":16,"href":"https:\/\/www.reunion68.se\/index.php?rest_route=\/wp\/v2\/posts\/27351\/revisions"}],"predecessor-version":[{"id":27368,"href":"https:\/\/www.reunion68.se\/index.php?rest_route=\/wp\/v2\/posts\/27351\/revisions\/27368"}],"wp:attachment":[{"href":"https:\/\/www.reunion68.se\/index.php?rest_route=%2Fwp%2Fv2%2Fmedia&parent=27351"}],"wp:term":[{"taxonomy":"category","embeddable":true,"href":"https:\/\/www.reunion68.se\/index.php?rest_route=%2Fwp%2Fv2%2Fcategories&post=27351"},{"taxonomy":"post_tag","embeddable":true,"href":"https:\/\/www.reunion68.se\/index.php?rest_route=%2Fwp%2Fv2%2Ftags&post=27351"}],"curies":[{"name":"wp","href":"https:\/\/api.w.org\/{rel}","templated":true}]}}