{"id":27392,"date":"2015-09-20T17:37:53","date_gmt":"2015-09-20T15:37:53","guid":{"rendered":"http:\/\/www.reunion68.se\/?p=27392"},"modified":"2015-09-20T17:37:13","modified_gmt":"2015-09-20T15:37:13","slug":"27392","status":"publish","type":"post","link":"https:\/\/www.reunion68.se\/?p=27392","title":{"rendered":"Gross donosi na Polak\u00f3w"},"content":{"rendered":"<h5 style=\"text-align: center;\"><a href=\"http:\/\/kulturaliberalna.pl\/\" target=\"_blank\"><img decoding=\"async\" class=\"center alignleft\" src=\"http:\/\/www.reunion68.com\/Biuletyn\/img\/k-liberalna.png\" alt=\"\" width=\"25%\" \/><\/a><span style=\"text-decoration: underline; color: #000080;\"><strong><a style=\"color: #000080; text-decoration: underline;\" href=\"http:\/\/kulturaliberalna.pl\/2015\/09\/18\/pawel-spiewak-gross-donosi-na-polakow\/\" target=\"_blank\">Gross donosi na Polak\u00f3w<\/a><\/strong><\/span><\/h5>\n<p style=\"text-align: center;\"><span style=\"color: #808080;\"><strong><span style=\"color: #333333;\">Pawe\u0142 \u015apiewak<\/span><br \/>\n<\/strong><em>(dyrektor \u017bydowskiego Instytutu Historycznego)<\/em><\/span><\/p>\n<hr style=\"height: 15px; background: #d0e6fa; width: 710px;\" \/>\n<p style=\"text-align: left;\"><span style=\"color: #808080;\"><em>[ Omawiany artykul Jana Grossa w <span style=\"text-decoration: underline; color: #000080;\"><strong><a style=\"color: #000080; text-decoration: underline;\" href=\"http:\/\/www.welt.de\/debatte\/kommentare\/article146355392\/Die-Osteuropaeer-haben-kein-Schamgefuehl.html\" target=\"_blank\">Die Osteurop\u00e4er haben kein Schamgef\u00fchl<\/a>\u00a0<\/strong><\/span>]<\/em><\/span><\/p>\n<p style=\"text-align: left;\"><span style=\"color: #333333;\"><strong><br \/>\nPubliku<img decoding=\"async\" id=\"irc_mi\" class=\"alignleft\" src=\"http:\/\/i.wp.pl\/a\/f\/jpeg\/28765\/pawel_spiewak_pap_arch_600.jpeg\" alt=\"\" width=\"30%\" \/>j\u0105c sw\u00f3j artyku\u0142 w niemieckiej prasie, Jan Tomasz Gross wys\u0142a\u0142 rodzaj \u201edonosu na Polak\u00f3w\u201d. Jakby rozgrzesza\u0142 Niemc\u00f3w, m\u00f3wi\u0105c: \u201eprzecie\u017c obok \u017cyj\u0105 Polacy \u2013 r\u00f3wnie zbrodniczy, a na dodatek swych zbrodni nie rozliczaj\u0105cy\u201d.<\/strong><\/span><\/p>\n<p style=\"text-align: left;\"><span style=\"color: #000080;\">Gross jest przede wszystkim moralist\u0105, nie historykiem, co wnioskuj\u0119 z ca\u0142o\u015bci jego dorobku literacko-naukowego. Najlepiej wida\u0107 to na przyk\u0142adzie \u201eStrachu\u201d, kt\u00f3ry jest oskar\u017ceniem Polak\u00f3w jako narodu przepe\u0142nionego antysemityzmem, nawet po II wojnie \u015bwiatowej. Oczywi\u015bcie ka\u017cdy ma prawo wyra\u017ca\u0107 s\u0105dy moralizatorskie, ale \u2013 jak to ma miejsce w przypadku \u201eStrachu\u201d \u2013 musz\u0105 by\u0107 one przekonuj\u0105ce i mie\u0107 ugruntowanie w faktach. Ostatni, przedziwny artyku\u0142 Grossa, opublikowany w \u201eDie Welt\u201d, tych standard\u00f3w nie spe\u0142nia.<\/span><\/p>\n<p style=\"text-align: left;\"><span style=\"color: #000080;\">Polskich odbiorc\u00f3w s\u0142usznie oburzy\u0142o twierdzenie autora, \u017ce podczas II wojny \u015bwiatowej z r\u0105k Polak\u00f3w zgin\u0119\u0142o wi\u0119cej \u017byd\u00f3w ni\u017c Niemc\u00f3w. Nie brakuje dowod\u00f3w na to, \u017ce Polacy zamordowali wielu \u017byd\u00f3w lub przyczynili si\u0119 do ich \u015bmierci. Niekt\u00f3rzy po prostu byli oboj\u0119tni na ich krzywd\u0119, inni czynnie donosili, zdarza\u0142y si\u0119 te\u017c napady i egzekucje. Nikt nie dokona\u0142 jednak powa\u017cnych szacunk\u00f3w co do ca\u0142kowitej skali tego zjawiska i by\u0107 mo\u017ce nigdy si\u0119 to nie uda. Wiemy mniej wi\u0119cej, ilu by\u0142o \u017byd\u00f3w w Polsce w czasie okupacji, ile os\u00f3b zgin\u0119\u0142o w poszczeg\u00f3lnych gettach z powodu chor\u00f3b czy g\u0142odu. Wiemy tak\u017ce, ilu mog\u0142o zgin\u0105\u0107 w wyniku terroru niemieckiego, a ilu w obozach \u015bmierci. Na tej podstawie mo\u017cemy oszacowa\u0107, \u017ce nie potrafimy powiedzie\u0107, co sta\u0142o si\u0119 z ok. 200 tys. \u017byd\u00f3w. Nale\u017cy pyta\u0107, jak zgin\u0119li, ale nie wolno z g\u00f3ry zak\u0142ada\u0107, \u017ce zabili ich Polacy. Tymczasem po przeczytaniu artyku\u0142u Grossa mamy wra\u017cenie, jakby Polacy prowadzili wojn\u0119 przeciw \u017bydom, a nie Niemcom. Niedopuszczalne jest formu\u0142owanie tak powa\u017cnych, a jednocze\u015bnie nieuzasadnionych merytorycznie oskar\u017ce\u0144.<\/span><\/p>\n<p style=\"text-align: left;\"><span style=\"color: #000080;\">Tym bardziej, \u017ce opublikowane one zosta\u0142y w prasie niemieckiej. W ten spos\u00f3b Gross mimowolnie wys\u0142a\u0142 rodzaj \u201edonosu na Polak\u00f3w\u201d. Jakby rozgrzesza\u0142 Niemc\u00f3w, m\u00f3wi\u0105c: \u201eprzecie\u017c obok \u017cyj\u0105 Polacy \u2013 r\u00f3wnie zbrodniczy, a na dodatek swych zbrodni nie rozliczaj\u0105cy\u201d. To ocena krzywdz\u0105ca, bowiem Polska jako jeden z niewielu kraj\u00f3w Europy \u015arodkowej i Wschodniej powa\u017cnie podchodzi do rozliczania si\u0119 z przesz\u0142o\u015bci\u0105. Przyk\u0142adem s\u0105 prace naukowe, filmy czy muzea po\u015bwi\u0119cone tej tematyce. Dzi\u0119ki nim zmienia si\u0119 stosunek do historii polsko-\u017cydowskiej i to nie tylko na poziomie elit, ale tak\u017ce na poziomie lokalnym. Nie dostrzegaj\u0105c tego i nie doceniaj\u0105c, Gross idzie na \u0142atwizn\u0119, a dodatkowo po raz kolejny daje dow\u00f3d na to, \u017ce wsp\u00f3\u0142czesn\u0105 Polsk\u0119 rozumie coraz s\u0142abiej.<\/span><\/p>\n<p style=\"text-align: left;\"><span style=\"color: #000080;\">Trudno r\u00f3wnie\u017c \u2013 jak czyni to Gross \u2013 odnale\u017a\u0107 rzekomy zwi\u0105zek mi\u0119dzy rozliczeniem si\u0119 z przesz\u0142o\u015bci\u0105 a obecnym stosunkiem do uchod\u017ac\u00f3w z Azji czy Afryki. Austria tak\u017ce nie rozliczy\u0142a swych historycznych win, a uchod\u017ac\u00f3w \u2013 jak dotychczas \u2013 przyjmuje. Niew\u0105tpliwie istnieje zwi\u0105zek mi\u0119dzy postaw\u0105 nacjonalistyczn\u0105 a niech\u0119ci\u0105 do Innego. Lecz i ona nie jest jednoznaczna, bo Polacy s\u0105 dosy\u0107 \u017cyczliwi wobec niekt\u00f3rych obcokrajowc\u00f3w, np. Czeczen\u00f3w czy Ukrai\u0144c\u00f3w. Nie odrzucamy po prostu ka\u017cdego obcego. Nawet je\u017celi w Polsce panuj\u0105 dzi\u015b do\u015b\u0107 silne nastroje nacjonalistyczne, nie ma \u017cadnego zwi\u0105zku mi\u0119dzy wojennym rozliczeniem a przyjmowaniem arabskich imigrant\u00f3w. Formu\u0142uj\u0105c tak bezpodstawne s\u0105dy, Gross zaszkodzi\u0142 przede wszystkim sobie. Nadgorliwo\u015b\u0107 i niewiedza o tym, co si\u0119 dzieje w Polsce, obni\u017cy\u0142y jego wiarygodno\u015b\u0107.<\/span><\/p>\n<p style=\"text-align: left;\"><img decoding=\"async\" class=\"alignright\" src=\"http:\/\/img.welt.de\/img\/kommentare\/crop146355383\/803660427-ci3x2s-w300-ai2x3l\/Jan-T-Gross-Historiker.jpg\" alt=\"\" width=\"35%\" \/><\/p>\n<p style=\"text-align: left;\"><span style=\"color: #000080;\">Najwi\u0119kszym dowodem tej niewiedzy jest za\u015b fakt, \u017ce autor ani s\u0142owem nie wspomnia\u0142 o rzeczywistych przyczynach obecnych polskich problem\u00f3w z imigrantami \u2013 s\u0142abym przyw\u00f3dztwie politycznym i trwaj\u0105cej kampanii wyborczej. Premier Ewa Kopacz pozwoli\u0142a sobie narzuci\u0107 kwesti\u0119 imigracji jako problem wyborczy, zreszt\u0105 wbrew opinii znacznej cz\u0119\u015bci Polak\u00f3w. Z niekt\u00f3rych bada\u0144 wynika bowiem, \u017ce przynajmniej po\u0142owa z nas nie ma nic przeciwko przyjmowaniu ludzi z zewn\u0105trz. Premier tymczasem z powodu strachliwo\u015bci i braku wyobra\u017ani da\u0142a si\u0119 zakrzycze\u0107 nacjonalistom. Tak oto przejawia si\u0119 marno\u015b\u0107 naszych polityk\u00f3w \u2013 pozbawionych odwagi, wyobra\u017ani i zdecydowania.<\/span><\/p>\n<p style=\"text-align: left;\"><span style=\"color: #000080;\">Za strachliwo\u015b\u0107 klasy politycznej zap\u0142acimy wysok\u0105 cen\u0119, bo Polska tak czy inaczej b\u0119dzie musia\u0142a w ko\u0144cu przyj\u0105\u0107 uchod\u017ac\u00f3w, po drodze trac\u0105c jednak dobr\u0105 opini\u0119. Nie op\u0142aca si\u0119 to wcale, w przysz\u0142o\u015bci mo\u017cemy bowiem zosta\u0107 sami wobec kryzysu ukrai\u0144skiego. Musimy si\u0119 z tym liczy\u0107. Polscy przyw\u00f3dcy polityczni wci\u0105\u017c jakby nie zrozumieli, \u017ce jeste\u015bmy cz\u0119\u015bci\u0105 Europy, a to poci\u0105ga za sob\u0105 zobowi\u0105zania. Ich s\u0142abo\u015b\u0107 nie ma jednak nic wsp\u00f3lnego z argumentami Grossa.<\/span><\/p>\n<hr \/>\n<p style=\"text-align: left;\"><img decoding=\"async\" class=\"center alignleft\" src=\"http:\/\/www.reunion68.com\/Biuletyn\/img\/IPN.png\" alt=\"\" width=\"40%\" \/><br \/>\n<strong><span style=\"color: #333333;\">W \u015brodowym wydaniu pisma \u201eDie Welt\u201d zosta\u0142 opublikowany list zast\u0119pcy prezesa Instytutu Pami\u0119ci Narodowej Paw\u0142a Ukielskiego. List jest odpowiedzi\u0105 na artyku\u0142 Jana T. Grossa \u201e\u017badnego poczucia wstydu\u201d, kt\u00f3ry ukaza\u0142 si\u0119 wcze\u015bniej na tych samych \u0142amach. [<span style=\"color: #808080;\"><em>zrodlo\u00a0<span style=\"text-decoration: underline; color: #000080;\"><a style=\"color: #000080; text-decoration: underline;\" href=\"http:\/\/wpolityce.pl\/polityka\/265485-ipn-reaguje-na-skandaliczny-tekst-grossa-w-die-welt-przeczytaj-list-wiceszefa-ipn-ktory-pojawil-sie-w-niemieckiej-prasie\" target=\"_blank\">wPolityce.pl<\/a><\/span><\/em><\/span>]<br \/>\n<\/span><\/strong><\/p>\n<p><span style=\"text-decoration: underline;\"><span style=\"color: #000080;\"><strong><a style=\"color: #000080; text-decoration: underline;\" href=\"http:\/\/www.welt.de\/debatte\/article146443861\/Welche-Schuld-koennte-die-Polen-treffen.html\" target=\"_blank\">link do internetowego wydania Die Welt<\/a><\/strong><\/span><\/span><br \/>\n<span style=\"color: #333333;\"><br \/>\nPoni\u017cej tekst listu po polsku:<\/span><em><strong><span style=\"color: #000080;\"><br \/>\n<\/span><\/strong><span style=\"color: #000080;\"><span style=\"color: #808080;\">Pawe\u0142 Ukielski ist Vizepr\u00e4sident des \u201eInstitutes f\u00fcr Nationales Gedenken\u201c<\/span><\/span><strong><span style=\"color: #000080;\"><br \/>\n<img decoding=\"async\" class=\"alignleft\" style=\"margin-right: 20px;\" src=\"http:\/\/img.welt.de\/img\/debatte\/crop146443860\/8086606670-ci3x2s-w300-ai2x3l\/Pawel-Ukielski-The-Warsaw-Rising-Museum.jpg\" alt=\"\" width=\"30%\" \/> 14 wrze\u015bnia 2015 r. Jan T. Gross opublikowa\u0142 tekst o domniemanej wsp\u00f3\u0142czesnej ksenofobii Polak\u00f3w w kontek\u015bcie win z okresu II wojny \u015bwiatowej.<\/span><\/strong><\/em><\/p>\n<p style=\"text-align: left;\"><em><strong><span style=\"color: #000080;\">Historyczne rozwa\u017cania zaczyna Gross tyle\u017c efektownym, co fa\u0142szywym twierdzeniem, \u017ce Polacy w czasie wojny zabili wi\u0119cej \u017byd\u00f3w ni\u017c Niemc\u00f3w. Pochylmy si\u0119 nad faktami. Polska by\u0142a pierwszym krajem napadni\u0119tym przez III Rzesz\u0119, kt\u00f3ry podj\u0105\u0142 walk\u0119. 17 wrze\u015bnia zosta\u0142a zaatakowana przez sojusznika Hitlera, Zwi\u0105zek Sowiecki, co uniemo\u017cliwi\u0142o dalszy op\u00f3r. Rz\u0105d ewakuowa\u0142 si\u0119 na Zach\u00f3d, a we Francji utworzono polsk\u0105 armi\u0119, kt\u00f3ra bra\u0142a udzia\u0142 w wojnie francusko-niemieckiej i w bitwie o Angli\u0119. Po wybuchu wojny niemiecko-sowieckiej utworzono dwie polskie armie na terenie ZSRR z Polak\u00f3w wywiezionych tam przez sowiecki re\u017cim. \u017bo\u0142nierze polscy walczyli w Afryce, we W\u0142oszech, wyzwalali Francj\u0119 i Holandi\u0119. W okupowanej Polsce utworzono Polskie Pa\u0144stwo Podziemne, dysponuj\u0105ce wojskiem, kt\u00f3re podj\u0119\u0142o otwart\u0105 walk\u0119 w czasie Powstania Warszawskiego. Straty wojenne Polski szacuje si\u0119 na 6 milion\u00f3w ofiar oraz gigantyczne zniszczenia materialne.<\/span><\/strong><\/em><\/p>\n<p style=\"text-align: left;\"><em><strong><span style=\"color: #000080;\">Wbrew twierdzeniom Grossa, dzia\u0142ania tysi\u0119cy ludzi ratuj\u0105cych \u017byd\u00f3w nie by\u0142y podejmowane tylko na w\u0142asn\u0105 r\u0119k\u0119. Polskie Pa\u0144stwo Podziemne jasno okre\u015bli\u0142o sw\u00f3j stosunek do ludob\u00f3jstwa na ludno\u015bci \u017cydowskiej, penalizuj\u0105c zbrodnie i denuncjacje. W jego ramach dzia\u0142a\u0142a Rada Pomocy \u017bydom \u201e\u017begota\u201d. Przedstawicielem Polski by\u0142 Jan Karski, kt\u00f3ry przewi\u00f3z\u0142 raport o Holocau\u015bcie dla w\u0142adz polskich i angielskich, nast\u0119pnie przedstawi\u0142 go prezydentowi Rooseveltowi. To m.in. za jego po\u015brednictwem Polska bezskutecznie domaga\u0142a si\u0119 pomocy dla \u017byd\u00f3w.<\/span><\/strong><\/em><\/p>\n<p style=\"text-align: left;\"><em><strong><span style=\"color: #000080;\">Nie oznacza to, \u017ce w\u015br\u00f3d Polak\u00f3w nie by\u0142o zbrodniarzy i jednostek zdegenerowanych przez wojn\u0119. Nie mo\u017cna jednak por\u00f3wnywa\u0107 zbrodni pope\u0142nianych we w\u0142asnym imieniu i wbrew pa\u0144stwu polskiemu z totalitarn\u0105 machin\u0105 ludob\u00f3jcz\u0105 z pa\u0144stwow\u0105 legitymizacj\u0105 III Rzeszy.<\/span><\/strong><\/em><\/p>\n<p style=\"text-align: left;\"><em><strong><span style=\"color: #000080;\">Dok\u0142adne liczby nie s\u0105 znane. Nie wiemy, ilu \u017byd\u00f3w zgin\u0119\u0142o z r\u0105k Polak\u00f3w a ilu zosta\u0142o zadenuncjowanych. Trudno te\u017c oszacowa\u0107 liczb\u0119 Niemc\u00f3w zabitych przez Polak\u00f3w na frontach II wojny \u015bwiatowej oraz w okupowanym kraju. Ca\u0142a nasza wiedza historyczna wskazuje jednak, \u017ce straty zadane przez Polak\u00f3w Niemcom s\u0105 zdecydowanie wy\u017csze ni\u017c ofiary zbrodni na \u017cydowskich wsp\u00f3\u0142obywatelach.<\/span><\/strong><\/em><\/p>\n<p style=\"text-align: left;\"><em><strong><span style=\"color: #000080;\">W Polsce panuje zgoda, \u017ce ka\u017cda zbrodnia zas\u0142uguje na pot\u0119pienie. Jednocze\u015bnie, podobna jednomy\u015blno\u015b\u0107 dotyczy niezgody na relatywizacj\u0119 historii, rozmywanie odpowiedzialno\u015bci oraz fa\u0142szowanie fakt\u00f3w.<\/span><\/strong><\/em><\/p>\n<p style=\"text-align: right;\"><span style=\"color: #000080;\"><strong><em>Pawe\u0142 Ukielski\u00a0Zast\u0119pca Prezesa\u00a0Instytutu Pami\u0119ci Narodowej<\/em><\/strong><\/span><\/p>\n<hr style=\"height: 15px; background: #d0e6fa; width: 710px;\" \/>\n<div id=\"content\" class=\" content-alignment&lt;br \/&gt;&lt;br \/&gt; \">\n<div id=\"watch-description\" class=\"yt-uix-button-panel\">\n<div id=\"watch-description-text\">\n<p style=\"text-align: center;\"><span style=\"color: #808080;\"> twoje uwagi, linki, wlasne artykuly, lub wiadomosci przeslij do: <strong><span style=\"text-decoration: underline;\"><span style=\"color: #808080; text-decoration: underline;\"><a href=\"mailto:webmaster@reunion68.com\">webmaster@reunion68.com<\/a><\/span><\/span><\/strong><\/span><\/p>\n<\/div>\n<\/div>\n<\/div>\n<p>&nbsp;<\/p>\n<hr style=\"width: 710px;\" \/>\n","protected":false},"excerpt":{"rendered":"<p>Gross donosi na Polak\u00f3w Pawe\u0142 \u015apiewak (dyrektor \u017bydowskiego Instytutu Historycznego) [ Omawiany artykul Jana Grossa w Die Osteurop\u00e4er haben kein Schamgef\u00fchl\u00a0] Publikuj\u0105c sw\u00f3j artyku\u0142 w niemieckiej prasie, Jan Tomasz Gross wys\u0142a\u0142 rodzaj \u201edonosu na Polak\u00f3w\u201d. Jakby rozgrzesza\u0142 Niemc\u00f3w, m\u00f3wi\u0105c: \u201eprzecie\u017c obok \u017cyj\u0105 Polacy \u2013 r\u00f3wnie zbrodniczy, a na dodatek swych zbrodni nie rozliczaj\u0105cy\u201d. Gross jest [&hellip;]<\/p>\n","protected":false},"author":1,"featured_media":0,"comment_status":"closed","ping_status":"closed","sticky":false,"template":"","format":"standard","meta":[],"categories":[6],"tags":[26,24],"_links":{"self":[{"href":"https:\/\/www.reunion68.se\/index.php?rest_route=\/wp\/v2\/posts\/27392"}],"collection":[{"href":"https:\/\/www.reunion68.se\/index.php?rest_route=\/wp\/v2\/posts"}],"about":[{"href":"https:\/\/www.reunion68.se\/index.php?rest_route=\/wp\/v2\/types\/post"}],"author":[{"embeddable":true,"href":"https:\/\/www.reunion68.se\/index.php?rest_route=\/wp\/v2\/users\/1"}],"replies":[{"embeddable":true,"href":"https:\/\/www.reunion68.se\/index.php?rest_route=%2Fwp%2Fv2%2Fcomments&post=27392"}],"version-history":[{"count":37,"href":"https:\/\/www.reunion68.se\/index.php?rest_route=\/wp\/v2\/posts\/27392\/revisions"}],"predecessor-version":[{"id":27431,"href":"https:\/\/www.reunion68.se\/index.php?rest_route=\/wp\/v2\/posts\/27392\/revisions\/27431"}],"wp:attachment":[{"href":"https:\/\/www.reunion68.se\/index.php?rest_route=%2Fwp%2Fv2%2Fmedia&parent=27392"}],"wp:term":[{"taxonomy":"category","embeddable":true,"href":"https:\/\/www.reunion68.se\/index.php?rest_route=%2Fwp%2Fv2%2Fcategories&post=27392"},{"taxonomy":"post_tag","embeddable":true,"href":"https:\/\/www.reunion68.se\/index.php?rest_route=%2Fwp%2Fv2%2Ftags&post=27392"}],"curies":[{"name":"wp","href":"https:\/\/api.w.org\/{rel}","templated":true}]}}