{"id":2740,"date":"2014-06-13T20:55:41","date_gmt":"2014-06-13T18:55:41","guid":{"rendered":"http:\/\/www.reunion68.se\/?p=2740"},"modified":"2014-06-13T20:55:42","modified_gmt":"2014-06-13T18:55:42","slug":"zegnamy-roberta-kuwalka","status":"publish","type":"post","link":"https:\/\/www.reunion68.se\/?p=2740","title":{"rendered":"\u017begnamy Roberta Kuwa\u0142ka"},"content":{"rendered":"<p><a href=\"http:\/\/www.jhi.pl\/blog\" target=\"_blank\"><br \/>\n<\/a><\/p>\n<h1 style=\"text-align: left;\"><img decoding=\"async\" loading=\"lazy\" class=\"alignleft\" src=\"http:\/\/www.reunion68.com\/Biuletyn\/img\/zih.png\" alt=\"\" width=\"50\" height=\"41\" \/><strong>\u017bydowski Instytut Historyczny<\/strong><\/h1>\n<h3 style=\"text-align: center;\"><span style=\"color: #000080; text-decoration: underline;\"><strong>\u017begnamy Roberta Kuwa\u0142ka<\/strong><\/span><\/h3>\n<p style=\"text-align: center;\"><span style=\"color: #808080;\">\u017bydowski Instytut Historyczny, 9 czerwca 2014<\/span><\/p>\n<p><img decoding=\"async\" class=\"alignright\" src=\"http:\/\/www.jhi.pl\/uploads\/image\/file\/4926\/thumb_1_uid_a5d30ea98bded7eff01d20136744ad691402218013005_width_736_play_0_pos_0_gs_0_height_450.jpg\" alt=\"Thumb_1_uid_a5d30ea98bded7eff01d20136744ad691402218013005_width_736_play_0_pos_0_gs_0_height_450\" width=\"450\" \/><\/p>\n<p><span style=\"color: #000080;\">Z wielkim \u017calem przyj\u0119li\u015bmy wiadomo\u015b\u0107 o \u015bmierci Roberta Kuwa\u0142ka, wybitnego historyka, pedagoga, pracownika Pa\u0144stwowego Muzeum na Majdanku. By\u0142 autorem i wsp\u00f3\u0142autorem wielu prac naukowych po\u015bwi\u0119conych spo\u0142eczno\u015bci \u017cydowskiej w Lublinie oraz zag\u0142adzie \u017byd\u00f3w na terenie Lubelszczyzny.<\/span><\/p>\n<p><span style=\"color: #000080;\">Robert Kuwa\u0142ek by\u0142 historykiem, absolwentem Katolickiego Uniwersytetu Lubelskiego. Tematyk\u0105 \u017cydowsk\u0105 zainteresowa\u0142 si\u0119 na studiach, napisa\u0142 prac\u0119 magistersk\u0105 pt. \u201eOrganizacja Og\u00f3lnych Syjonist\u00f3w w Lublinie w latach 1926\u20131939\u201d. Ostatnio zajmowa\u0142 si\u0119 zag\u0142ad\u0105 \u017byd\u00f3w na terenie Lubelszczyzny. Jego najwa\u017cniejsze publikacje to: \u201eLublin \u2014 Jerozolima Kr\u00f3lestwa Polskiego\u201d (2001), \u201eOb\u00f3z zag\u0142ady w Be\u0142\u017ccu\u201d (2010).<\/span><\/p>\n<p><span style=\"color: #000080;\">W 1999 roku rozpocz\u0105\u0142 prac\u0119 w Dziale Naukowym Pa\u0144stwowego Muzeum na Majdanku. By\u0142 organizatorem i pierwszym kierownikiem dzia\u0142aj\u0105cego od 2004 roku Muzeum \u2013Miejsca Pami\u0119ci w Be\u0142\u017ccu, kt\u00f3re sta\u0142o si\u0119 wa\u017cnym o\u015brodkiem pami\u0119ci i bada\u0144 o Zag\u0142adzie \u017byd\u00f3w z teren\u00f3w Lubelszczyzny. Robert Kuwa\u0142ek by\u0142 wiceprezesem Towarzystwa Przyja\u017ani Polsko-Izraelskiej w Lublinie oraz cz\u0142onkiem Stowarzyszenia Studnia Pami\u0119ci. Pracowa\u0142 r\u00f3wnie\u017c jako edukator, od 2006 roku by\u0142 wyk\u0142adowc\u0105 Szko\u0142y Letniej Nauczania o Holokau\u015bcie.<\/span><\/p>\n<p><span style=\"color: #000080;\">W 2008 roku zosta\u0142 odznaczony przez Prezydenta RP Krzy\u017cem Kawalerskim Orderu Odrodzenia Polski II klasy za wk\u0142ad w krzewienie kultury i historii \u017cydowskiej.<\/span><\/p>\n<p><span style=\"color: #000080;\">W 2014 roku otrzyma\u0142 medal Powstanie w Getcie Warszawskim przyznawany przez Stowarzyszenie \u017byd\u00f3w Kombatant\u00f3w i Poszkodowanych w II wojnie \u015bwiatowej.<\/span><\/p>\n<hr \/>\n","protected":false},"excerpt":{"rendered":"<p>\u017bydowski Instytut Historyczny \u017begnamy Roberta Kuwa\u0142ka \u017bydowski Instytut Historyczny, 9 czerwca 2014 Z wielkim \u017calem przyj\u0119li\u015bmy wiadomo\u015b\u0107 o \u015bmierci Roberta Kuwa\u0142ka, wybitnego historyka, pedagoga, pracownika Pa\u0144stwowego Muzeum na Majdanku. By\u0142 autorem i wsp\u00f3\u0142autorem wielu prac naukowych po\u015bwi\u0119conych spo\u0142eczno\u015bci \u017cydowskiej w Lublinie oraz zag\u0142adzie \u017byd\u00f3w na terenie Lubelszczyzny. Robert Kuwa\u0142ek by\u0142 historykiem, absolwentem Katolickiego Uniwersytetu Lubelskiego. [&hellip;]<\/p>\n","protected":false},"author":1,"featured_media":0,"comment_status":"closed","ping_status":"closed","sticky":false,"template":"","format":"standard","meta":[],"categories":[6],"tags":[24],"_links":{"self":[{"href":"https:\/\/www.reunion68.se\/index.php?rest_route=\/wp\/v2\/posts\/2740"}],"collection":[{"href":"https:\/\/www.reunion68.se\/index.php?rest_route=\/wp\/v2\/posts"}],"about":[{"href":"https:\/\/www.reunion68.se\/index.php?rest_route=\/wp\/v2\/types\/post"}],"author":[{"embeddable":true,"href":"https:\/\/www.reunion68.se\/index.php?rest_route=\/wp\/v2\/users\/1"}],"replies":[{"embeddable":true,"href":"https:\/\/www.reunion68.se\/index.php?rest_route=%2Fwp%2Fv2%2Fcomments&post=2740"}],"version-history":[{"count":22,"href":"https:\/\/www.reunion68.se\/index.php?rest_route=\/wp\/v2\/posts\/2740\/revisions"}],"predecessor-version":[{"id":2814,"href":"https:\/\/www.reunion68.se\/index.php?rest_route=\/wp\/v2\/posts\/2740\/revisions\/2814"}],"wp:attachment":[{"href":"https:\/\/www.reunion68.se\/index.php?rest_route=%2Fwp%2Fv2%2Fmedia&parent=2740"}],"wp:term":[{"taxonomy":"category","embeddable":true,"href":"https:\/\/www.reunion68.se\/index.php?rest_route=%2Fwp%2Fv2%2Fcategories&post=2740"},{"taxonomy":"post_tag","embeddable":true,"href":"https:\/\/www.reunion68.se\/index.php?rest_route=%2Fwp%2Fv2%2Ftags&post=2740"}],"curies":[{"name":"wp","href":"https:\/\/api.w.org\/{rel}","templated":true}]}}