{"id":28104,"date":"2015-10-04T18:09:39","date_gmt":"2015-10-04T16:09:39","guid":{"rendered":"http:\/\/www.reunion68.se\/?p=28104"},"modified":"2015-10-04T17:20:23","modified_gmt":"2015-10-04T15:20:23","slug":"28104","status":"publish","type":"post","link":"https:\/\/www.reunion68.se\/?p=28104","title":{"rendered":"Stanis\u0142aw Kocio\u0142ek &#8211; &#8220;kat Tr\u00f3jmiasta&#8221; nie \u017cyje"},"content":{"rendered":"<h5 style=\"text-align: center;\"><a href=\"http:\/\/www.wprost.pl\/\" target=\"_blank\"><img decoding=\"async\" class=\"center alignleft\" src=\"http:\/\/www.reunion68.com\/Biuletyn\/img\/wprost.png\" alt=\"\" width=\"25%\" \/><\/a><span style=\"text-decoration: underline; color: #000080;\"><strong><a style=\"color: #000080; text-decoration: underline;\" href=\"http:\/\/www.wprost.pl\/ar\/522212\/Stanislaw-Kociolek-kat-Trojmiasta-nie-zyje\/\" target=\"_blank\">Stanis\u0142aw Kocio\u0142ek &#8211; &#8220;kat Tr\u00f3jmiasta&#8221; nie \u017cyje<\/a><\/strong><\/span><\/h5>\n<hr style=\"height: 15px; background: #d0e6fa; width: 710px;\" \/>\n<p style=\"text-align: center;\"><img decoding=\"async\" class=\"aligncenter\" src=\"http:\/\/www.wprost.pl\/G\/cache\/2\/6\/1\/261bb49a6bb5f8a64296bcaea41b7800a252ea90.jpg\" alt=\"Stanis\u0142aw Kocio\u0142ek, zdj\u0119cie opublikowane w \u201cTrybunie Ludu\u201c w 1968 r. (fot. domena publiczna)\" width=\"95%\" \/><br \/>\n<span style=\"color: #808080;\"><em>Stanis\u0142aw Kocio\u0142ek, zdj\u0119cie opublikowane w \u201cTrybunie Ludu\u201c w 1968 r. (fot. domena publiczna)<\/em><\/span><\/p>\n<hr \/>\n<p style=\"text-align: left;\"><span style=\"color: #333333;\"><strong>Jak poinformowa\u0142o Polskie Radio, 1 pa\u017adziernika zmar\u0142 wicepremier z czas\u00f3w PRL Stanis\u0142aw Kocio\u0142ek.<\/strong><\/span><\/p>\n<p style=\"text-align: left;\"><span style=\"color: #000080;\">\u015amier\u0107 Kocio\u0142ka w rozmowie z Polskim Radiem potwierdzi\u0142 jego adwokat. By\u0142y wicepremier Polskiej Rzeczpospolitej Ludowej by\u0142 oskar\u017conym w procesie o masakr\u0119 robotnik\u00f3w na Wybrze\u017cu w 1970 roku. W 2013 roku S\u0105d Okr\u0119gowy w Warszawie uniewinni\u0142 Kocio\u0142ka od stawianych mu zarzut\u00f3w, jednak S\u0105d Najwy\u017cszy uwzgl\u0119dni\u0142 kasacj\u0119 tego wyroku i skierowa\u0142 spraw\u0119 do ponownego rozpatrzenia.<\/span><br \/>\n<span style=\"color: #000080;\"><br \/>\n<span style=\"color: #333333;\"><strong>Masakra na Wybrze\u017cu<\/strong><\/span><\/span><br \/>\n<span style=\"color: #000080;\"> W grudniu 1970 r. rz\u0105d PRL og\u0142osi\u0142 drastyczne podwy\u017cki cen na artyku\u0142y spo\u017cywcze, co wywo\u0142a\u0142o demonstracje na Wybrze\u017cu. Wed\u0142ug oficjalnych danych, na ulicach Gda\u0144ska, Gdyni, Szczecina i Elbl\u0105ga od strza\u0142\u00f3w milicji i wojska zgin\u0119\u0142y 44 osoby, a ponad 1160 zosta\u0142o rannych. W PRL nikogo nie poci\u0105gni\u0119to za to do odpowiedzialno\u015bci.<\/span><\/p>\n<p style=\"text-align: left;\"><span style=\"color: #000080;\">Mo\u017cliwo\u015b\u0107 taka powsta\u0142a dopiero po prze\u0142omie 1989 r. \u015aledztwo wszcz\u0119to w pa\u017adzierniku 1990 r. Najpierw prowadzi\u0142a je prokuratura wojskowa, potem Prokuratura Okr\u0119gowa w Gda\u0144sku. Przes\u0142uchano ponad cztery tysi\u0105ce \u015bwiadk\u00f3w; sporz\u0105dzono 90 tom\u00f3w akt.<\/span><\/p>\n<p style=\"text-align: left;\"><span style=\"color: #000080;\">Kocio\u0142ek mimo braku wyroku zosta\u0142 upami\u0119tniony w polskiej historii jako kat Tr\u00f3jmiasta w pie\u015bni &#8220;Ballada o Janku Wi\u015bniewskim&#8221;. &#8220;Krwawy Kocio\u0142ek to kat Tr\u00f3jmiasta, przez niego gin\u0105 dzieci, niewiasty. Poczekaj draniu, my ci\u0119 dostaniem. Janek Wi\u015bniewski pad\u0142&#8221; &#8211; to fragment tekstu pie\u015bni Krzysztofa Dowgia\u0142\u0142y o masakrze na Wybrze\u017cu, do kt\u00f3rej dosz\u0142o w grudniu 1970 r.<\/span><\/p>\n<p style=\"text-align: left;\"><strong><span style=\"color: #333333;\">Akt oskar\u017cenia<\/span><\/strong><br \/>\n<span style=\"color: #000080;\"> W 1995 r. do S\u0105du Wojew\u00f3dzkiego w Gda\u0144sku trafi\u0142 akt oskar\u017cenia przeciw 12 osobom. S\u0105d w Gda\u0144sku zebra\u0142 si\u0119 po raz pierwszy w 1996 r., jednak proces d\u0142ugo nie rusza\u0142; na rozprawy m.in. nie stawiali si\u0119 oskar\u017ceni, t\u0142umacz\u0105c si\u0119 z\u0142ym stanem zdrowia i wiekiem. W ko\u0144cu gda\u0144ski proces zacz\u0105\u0142 si\u0119 w czerwcu 1998 r. W 1999 r. proces &#8211; ju\u017c tylko wobec 10 oskar\u017conych &#8211; przeniesiono do Warszawy, gdzie jesieni\u0105 2001 r. ruszy\u0142 na nowo.<\/span><\/p>\n<p style=\"text-align: left;\"><span style=\"color: #000080;\">Sprawy kilku chorych pods\u0105dnych kolejno z niego wy\u0142\u0105czano, m.in. szefa MSW Kazimierza \u015awita\u0142y i dow\u00f3dcy szko\u0142y milicyjnej ze S\u0142upska Karola Kubalicy. Obrona uwa\u017ca, \u017ce wy\u0142\u0105czenia te &#8220;zaburzy\u0142y r\u00f3wnowag\u0119&#8221; odpowiedzialno\u015bci resortu spraw wewn\u0119trznych oraz MON na niekorzy\u015b\u0107 tego ostatniego. Od 2001 r. trwa\u0142y \u017cmudne przes\u0142uchania \u015bwiadk\u00f3w &#8211; g\u0142\u00f3wnie robotnik\u00f3w Wybrze\u017ca, \u017co\u0142nierzy i milicjant\u00f3w. W akcie oskar\u017cenia prokuratura wnios\u0142a bowiem o przes\u0142uchanie ok. 1110 os\u00f3b; s\u0105d nie zgodzi\u0142 si\u0119 na ograniczenie ich liczby, o co w toku procesu wni\u00f3s\u0142 prok. Bogdan Szegda.<\/span><\/p>\n<hr style=\"height: 15px; background: #d0e6fa; width: 710px;\" \/>\n<div id=\"content\" class=\" content-alignment&lt;br \/&gt;&lt;br \/&gt; \">\n<div id=\"watch-description\" class=\"yt-uix-button-panel\">\n<div id=\"watch-description-text\">\n<p style=\"text-align: center;\"><span style=\"color: #808080;\"> twoje uwagi, linki, wlasne artykuly, lub wiadomosci przeslij do: <strong><span style=\"text-decoration: underline;\"><span style=\"color: #808080; text-decoration: underline;\"><a href=\"mailto:webmaster@reunion68.com\">webmaster@reunion68.com<\/a><\/span><\/span><\/strong><\/span><\/p>\n<\/div>\n<\/div>\n<\/div>\n<p>&nbsp;<\/p>\n<hr style=\"width: 710px;\" \/>\n","protected":false},"excerpt":{"rendered":"<p>Stanis\u0142aw Kocio\u0142ek &#8211; &#8220;kat Tr\u00f3jmiasta&#8221; nie \u017cyje Stanis\u0142aw Kocio\u0142ek, zdj\u0119cie opublikowane w \u201cTrybunie Ludu\u201c w 1968 r. (fot. domena publiczna) Jak poinformowa\u0142o Polskie Radio, 1 pa\u017adziernika zmar\u0142 wicepremier z czas\u00f3w PRL Stanis\u0142aw Kocio\u0142ek. \u015amier\u0107 Kocio\u0142ka w rozmowie z Polskim Radiem potwierdzi\u0142 jego adwokat. By\u0142y wicepremier Polskiej Rzeczpospolitej Ludowej by\u0142 oskar\u017conym w procesie o masakr\u0119 robotnik\u00f3w [&hellip;]<\/p>\n","protected":false},"author":1,"featured_media":0,"comment_status":"closed","ping_status":"closed","sticky":false,"template":"","format":"standard","meta":[],"categories":[6],"tags":[26,24],"_links":{"self":[{"href":"https:\/\/www.reunion68.se\/index.php?rest_route=\/wp\/v2\/posts\/28104"}],"collection":[{"href":"https:\/\/www.reunion68.se\/index.php?rest_route=\/wp\/v2\/posts"}],"about":[{"href":"https:\/\/www.reunion68.se\/index.php?rest_route=\/wp\/v2\/types\/post"}],"author":[{"embeddable":true,"href":"https:\/\/www.reunion68.se\/index.php?rest_route=\/wp\/v2\/users\/1"}],"replies":[{"embeddable":true,"href":"https:\/\/www.reunion68.se\/index.php?rest_route=%2Fwp%2Fv2%2Fcomments&post=28104"}],"version-history":[{"count":15,"href":"https:\/\/www.reunion68.se\/index.php?rest_route=\/wp\/v2\/posts\/28104\/revisions"}],"predecessor-version":[{"id":28175,"href":"https:\/\/www.reunion68.se\/index.php?rest_route=\/wp\/v2\/posts\/28104\/revisions\/28175"}],"wp:attachment":[{"href":"https:\/\/www.reunion68.se\/index.php?rest_route=%2Fwp%2Fv2%2Fmedia&parent=28104"}],"wp:term":[{"taxonomy":"category","embeddable":true,"href":"https:\/\/www.reunion68.se\/index.php?rest_route=%2Fwp%2Fv2%2Fcategories&post=28104"},{"taxonomy":"post_tag","embeddable":true,"href":"https:\/\/www.reunion68.se\/index.php?rest_route=%2Fwp%2Fv2%2Ftags&post=28104"}],"curies":[{"name":"wp","href":"https:\/\/api.w.org\/{rel}","templated":true}]}}