{"id":2815,"date":"2014-06-14T21:50:19","date_gmt":"2014-06-14T19:50:19","guid":{"rendered":"http:\/\/www.reunion68.se\/?p=2815"},"modified":"2014-06-14T22:01:26","modified_gmt":"2014-06-14T20:01:26","slug":"odznaczenia-dla-sprawiedliwych","status":"publish","type":"post","link":"https:\/\/www.reunion68.se\/?p=2815","title":{"rendered":"Odznaczenia dla Sprawiedliwych"},"content":{"rendered":"<p><img decoding=\"async\" class=\"alignleft\" src=\"http:\/\/www.reunion68.com\/Biuletyn\/img\/jop-big.gif\" alt=\"\" width=\"250\" \/><\/p>\n<h3 style=\"text-align: center;\"><strong><span style=\"text-decoration: underline;\"><a href=\"http:\/\/www.jewish.org.pl\/index.php\/pl\/wiadomopci-mainmenu-57\/6284-odznaczenia-dla-sprawiedliwych.html\" target=\"_blank\">Odznaczenia Dla Sprawiedliwych<\/a><\/span><\/strong><\/h3>\n<p style=\"text-align: left;\"><span style=\"color: #000080;\">11 czerwca 2014 w Warszawie odby\u0142y si\u0119 dwie uroczysto\u015bci wr\u0119czenia medali Sprawiedliwym W\u015br\u00f3d Narod\u00f3w \u015awiata. Pierwsza mia\u0142a miejsce w siedzibie Episkopatu Polski, druga w synagodze No\u017cyk\u00f3w.<\/span><\/p>\n<p style=\"text-align: left;\"><span style=\"color: #000080;\">Medalami uhonorowani zostali: Ks. Miko\u0142aj Ferenc, ks. Antoni Kania i ks. Jan Raczkowski oraz dwie siostry zakonne: s. Adela Rosoli\u0144ska i s. Kornelia Jankowska ze Zgromadzenia Si\u00f3str Naj\u015bwi\u0119tszego Imienia Jezus.<\/span><\/p>\n<p style=\"text-align: left;\"><span style=\"color: #000080;\">Ks. Miko\u0142aj Ferenc zosta\u0142 uhonorowany za to, \u017ce pozwoli\u0142 Ewie Trauenstein-Turzy\u0144skiej wraz z synkiem zamieszka\u0107 na swojej plebanii w Markowej k. Stanis\u0142awowa. Po \u015bmierci ks. Ferenca, \u017byd\u00f3wk\u0105 i jej synkiem zaopiekowa\u0142 si\u0119 ks. Antoni Kania.<\/span><\/p>\n<p style=\"text-align: left;\"><span style=\"color: #000080;\">Ks. Jan Raczkowski tytu\u0142 ten otrzyma\u0142 za pomoc dziesi\u0119ciu \u017bydom &#8211; wystawia\u0142 im metryki chrztu oraz aran\u017cowa\u0142 miejsca ukrycia w\u015br\u00f3d swoich parafian w Otwocku.<\/span><\/p>\n<p style=\"text-align: left;\"><span style=\"color: #000080;\">Bezhabitowe siostry zakonne Kornelia Jankowska i Serafia Adela Rosoli\u0144ska zosta\u0142y uhonorowane za przechowywanie \u017byd\u00f3wki w ochronce w Suchedniowie.<\/span><\/p>\n<p style=\"text-align: left;\"><span style=\"color: #000080;\">&#8220;Ludzie w tych czasach potrzebowali podj\u0105\u0107 t\u0119 decyzj\u0119 moraln\u0105 &#8211; czy ratowa\u0107 i ryzykowa\u0107 nie tylko swoje \u017cycie, ale oczywi\u015bcie te\u017c \u017cycie rodziny, Ko\u015bcio\u0142a mo\u017ce, klasztoru, czy nic nie zrobi\u0107. Kiedy zapytamy si\u0119, dlaczego oni zrobili wi\u0119cej, to nie ma prostej odpowiedzi. Bo przecie\u017c ka\u017cdy z nas &#8211; i ja to stale m\u00f3wi\u0119 w tych ceremoniach &#8211; powinien sam siebie zapyta\u0107, co ja bym zrobi\u0142 w tej sytuacji &#8211; czy bym ratowa\u0142, ryzykowa\u0142 rodzin\u0119? To nie jest prosta odpowied\u017a. To jest moralna decyzja, wyb\u00f3r moralny i dlatego, oczywi\u015bcie, nie ma lepszego miejsca, \u017ceby wr\u0119czy\u0107 te medale i pami\u0119ta\u0107 o tych bohaterach, tu u was, u was w domu. Bo, jak m\u00f3wimy o moralno\u015bci, o religii, o wyborach moralnych, to jest w\u0142a\u015bnie to miejsce,&#8221; m\u00f3wi\u0142 podczas uroczysto\u015bci ambasador Izraela Zvi Rav-Ner. &#8220;W Izraelu mamy medale dla \u017co\u0142nierzy wojskowych. Nie mamy Bia\u0142ego Or\u0142a, mamy tylko Yad Vashem dla Sprawiedliwych w\u015br\u00f3d Narod\u00f3w \u015awiata. To jest nasz d\u0142ug moralny dla wszystkich tych, kt\u00f3rzy ryzykowali swoje \u017cycie i \u017cycie swoich bliskich.&#8221;<\/span><\/p>\n<p style=\"text-align: left;\"><span style=\"color: #000080;\">Podczas uroczysto\u015bci w synagodze No\u017cyk\u00f3w medalami odznaczeni zostali: Czes\u0142awa Dietrich i Zofia Sydry, Stanis\u0142aw Drabich, Maria Kaczy\u0144ska, Stanis\u0142awa i Wac\u0142aw Libera.<\/span><\/p>\n<p><span style=\"color: #000080;\">Czytaj wiecej <span style=\"text-decoration: underline;\"><strong><a href=\"http:\/\/www.jewish.org.pl\/index.php\/pl\/wiadomopci-mainmenu-57\/6284-odznaczenia-dla-sprawiedliwych.html\" target=\"_blank\"><span style=\"color: #000080; text-decoration: underline;\">Odznaczenia Dla Sprawiedliwych<\/span><\/a><\/strong><\/span><\/span><\/p>\n<hr \/>\n","protected":false},"excerpt":{"rendered":"<p>Odznaczenia Dla Sprawiedliwych 11 czerwca 2014 w Warszawie odby\u0142y si\u0119 dwie uroczysto\u015bci wr\u0119czenia medali Sprawiedliwym W\u015br\u00f3d Narod\u00f3w \u015awiata. Pierwsza mia\u0142a miejsce w siedzibie Episkopatu Polski, druga w synagodze No\u017cyk\u00f3w. Medalami uhonorowani zostali: Ks. Miko\u0142aj Ferenc, ks. Antoni Kania i ks. Jan Raczkowski oraz dwie siostry zakonne: s. Adela Rosoli\u0144ska i s. Kornelia Jankowska ze Zgromadzenia [&hellip;]<\/p>\n","protected":false},"author":1,"featured_media":0,"comment_status":"closed","ping_status":"closed","sticky":false,"template":"","format":"standard","meta":[],"categories":[4],"tags":[24],"_links":{"self":[{"href":"https:\/\/www.reunion68.se\/index.php?rest_route=\/wp\/v2\/posts\/2815"}],"collection":[{"href":"https:\/\/www.reunion68.se\/index.php?rest_route=\/wp\/v2\/posts"}],"about":[{"href":"https:\/\/www.reunion68.se\/index.php?rest_route=\/wp\/v2\/types\/post"}],"author":[{"embeddable":true,"href":"https:\/\/www.reunion68.se\/index.php?rest_route=\/wp\/v2\/users\/1"}],"replies":[{"embeddable":true,"href":"https:\/\/www.reunion68.se\/index.php?rest_route=%2Fwp%2Fv2%2Fcomments&post=2815"}],"version-history":[{"count":10,"href":"https:\/\/www.reunion68.se\/index.php?rest_route=\/wp\/v2\/posts\/2815\/revisions"}],"predecessor-version":[{"id":2832,"href":"https:\/\/www.reunion68.se\/index.php?rest_route=\/wp\/v2\/posts\/2815\/revisions\/2832"}],"wp:attachment":[{"href":"https:\/\/www.reunion68.se\/index.php?rest_route=%2Fwp%2Fv2%2Fmedia&parent=2815"}],"wp:term":[{"taxonomy":"category","embeddable":true,"href":"https:\/\/www.reunion68.se\/index.php?rest_route=%2Fwp%2Fv2%2Fcategories&post=2815"},{"taxonomy":"post_tag","embeddable":true,"href":"https:\/\/www.reunion68.se\/index.php?rest_route=%2Fwp%2Fv2%2Ftags&post=2815"}],"curies":[{"name":"wp","href":"https:\/\/api.w.org\/{rel}","templated":true}]}}