{"id":2834,"date":"2014-06-15T06:17:58","date_gmt":"2014-06-15T04:17:58","guid":{"rendered":"http:\/\/www.reunion68.se\/?p=2834"},"modified":"2014-06-15T06:22:04","modified_gmt":"2014-06-15T04:22:04","slug":"czech-president-zeman-refuses-to-apologize-for-quote-from-koran-calling-for-muslims-to-kill-jews","status":"publish","type":"post","link":"https:\/\/www.reunion68.se\/?p=2834","title":{"rendered":"Czech President Zeman Refuses to Apologize for Quote From Koran Calling for Muslims to Kill Jews"},"content":{"rendered":"<p style=\"text-align: left;\">Informacje nadeslal<br \/>\nVlady Rozenbaum<img decoding=\"async\" class=\"alignright\" src=\"http:\/\/www.algemeiner.com\/wp-content\/themes\/tribune\/images\/logo.png\" alt=\"Algemeiner.com\" \/><br \/>\n<img decoding=\"async\" class=\"alignleft\" src=\"http:\/\/www.reunion68.com\/Biuletyn\/img\/wlodek-roz.jpg\" alt=\"\" \/><\/p>\n<h3 style=\"text-align: center;\"><span style=\"text-decoration: underline;\"><strong><span style=\"color: #000080;\"><a href=\"http:\/\/www.algemeiner.com\/2014\/06\/13\/czech-president-zeman-refuses-to-apologize-for-quote-from-koran-calling-for-muslims-to-kill-jews\/\" target=\"_blank\"><span style=\"color: #000080; text-decoration: underline;\">Czech President Zeman Refuses to<br \/>\nApologize for Quote From Koran<br \/>\nCalling for Muslims to Kill Jews <\/span><\/a><\/span><\/strong><\/span><\/h3>\n<p style=\"text-align: center;\"><span style=\"color: #999999;\">June 13, 2014 5:52 pm 46 comments<\/span><\/p>\n<p><span style=\"color: #000080;\">Czech president Milo\u0161 Zeman, via his spokesman, stood by a speech made at the Israeli Embassy in Prague, where he quoted the Koran calling for Muslims to kill Jews, refusing to retract what he said or apologize for quoting from the holy book.<\/span><\/p>\n<p><span style=\"color: #000080;\">Czech media reported spokesman Ji\u0159\u00ed Ov\u010d\u00e1\u010dek\u2019s statement saying that Zeman would not be apologizing for his statements in which he linked Islamic ideology with violence.<img decoding=\"async\" loading=\"lazy\" class=\"size-medium wp-image-140093 alignright\" title=\"Milo\u0161 Zeman Czech\" src=\"http:\/\/www.algemeiner.com\/wp-content\/uploads\/2013\/10\/Milo\u0161_Zeman_Praha-e1381256791766-300x249.jpg\" alt=\"Czech President Milo\u0161 Zeman. Photo: David Sedleck\u00fd \/ WikiCommons.\" width=\"300\" height=\"249\" \/><\/span><\/p>\n<p><span style=\"color: #000080;\">\u201cPresident Zeman definitely does not intend to apologize,\u201d the spokesman said. \u201cFor the president would consider it blasphemy to apologize for the quotation of a sacred Islamic text.\u201d<\/span><\/p>\n<p><span style=\"color: #000080;\"><a style=\"font-size: 13px;\" href=\"http:\/\/www.oic-oci.org\/oicv2\/topic\/?t_id=9107&amp;t_ref=3649&amp;lan=en\"><span style=\"color: #000080;\">Iyad Ameen Madani<\/span><\/a><span style=\"font-size: 13px;\">,\u00a0Secretary General of the <\/span><a style=\"font-size: 13px;\" href=\"http:\/\/www.oic-oci.org\/oicv2\/page\/?p_id=52&amp;p_ref=26&amp;lan=en\"><span style=\"color: #000080;\">Organization of Islamic Cooperation<\/span><\/a><span style=\"font-size: 13px;\">, issued a statement condemning Zeman\u2019s speech, saying, \u201c<\/span><span style=\"font-size: 13px;\">It is only appropriate that President Mil\u014ds Zeman apologizes to the millions of Muslims worldwide for his deeply offensive and hateful anti Islam statements.\u201d<\/span><\/span><\/p>\n<p><span style=\"color: #000080;\">In the OIC\u2019s statement, it said, \u201cThe Secretary General reiterated that Islam is a religion of peace and tolerance and that terrorism should not be equated to any race or religion; a stance upheld by all major UN texts on the subject of countering terrorism. He added that the OIC countries share a profound respect for all religions and condemn any message of hatred and intolerance.\u201d<\/span><\/p>\n<p>&nbsp;<\/p>\n<p><span style=\"color: #000080;\">Czytaj dalej <strong><a href=\"http:\/\/www.algemeiner.com\/2014\/06\/13\/czech-president-zeman-refuses-to-apologize-for-quote-from-koran-calling-for-muslims-to-kill-jews\/\" target=\"_blank\"><span style=\"color: #000080; text-decoration: underline;\">Czech President Zeman Refuses to Apologize for Quote From Koran Calling for Muslims to Kill Jews <\/span><\/a><\/strong><\/span><\/p>\n<p><span style=\"color: #000080;\">Poprzedni artykul w tym temacie <span style=\"text-decoration: underline;\"><strong><a href=\"http:\/\/www.frontpagemag.com\/2014\/dgreenfield\/czech-president-milos-zeman-gives-amazing-speech-about-islam-and-anti-semitism\/\" target=\"_blank\"><span style=\"color: #000080; text-decoration: underline;\">Czech President Milos Zeman Gives Amazing Speech about Islam, Israel and Anti-Semitism<\/span><\/a><\/strong><\/span><\/span><\/p>\n","protected":false},"excerpt":{"rendered":"<p>Informacje nadeslal Vlady Rozenbaum Czech President Zeman Refuses to Apologize for Quote From Koran Calling for Muslims to Kill Jews June 13, 2014 5:52 pm 46 comments Czech president Milo\u0161 Zeman, via his spokesman, stood by a speech made at the Israeli Embassy in Prague, where he quoted the Koran calling for Muslims to kill [&hellip;]<\/p>\n","protected":false},"author":1,"featured_media":0,"comment_status":"closed","ping_status":"closed","sticky":false,"template":"","format":"standard","meta":[],"categories":[6],"tags":[24],"_links":{"self":[{"href":"https:\/\/www.reunion68.se\/index.php?rest_route=\/wp\/v2\/posts\/2834"}],"collection":[{"href":"https:\/\/www.reunion68.se\/index.php?rest_route=\/wp\/v2\/posts"}],"about":[{"href":"https:\/\/www.reunion68.se\/index.php?rest_route=\/wp\/v2\/types\/post"}],"author":[{"embeddable":true,"href":"https:\/\/www.reunion68.se\/index.php?rest_route=\/wp\/v2\/users\/1"}],"replies":[{"embeddable":true,"href":"https:\/\/www.reunion68.se\/index.php?rest_route=%2Fwp%2Fv2%2Fcomments&post=2834"}],"version-history":[{"count":19,"href":"https:\/\/www.reunion68.se\/index.php?rest_route=\/wp\/v2\/posts\/2834\/revisions"}],"predecessor-version":[{"id":2853,"href":"https:\/\/www.reunion68.se\/index.php?rest_route=\/wp\/v2\/posts\/2834\/revisions\/2853"}],"wp:attachment":[{"href":"https:\/\/www.reunion68.se\/index.php?rest_route=%2Fwp%2Fv2%2Fmedia&parent=2834"}],"wp:term":[{"taxonomy":"category","embeddable":true,"href":"https:\/\/www.reunion68.se\/index.php?rest_route=%2Fwp%2Fv2%2Fcategories&post=2834"},{"taxonomy":"post_tag","embeddable":true,"href":"https:\/\/www.reunion68.se\/index.php?rest_route=%2Fwp%2Fv2%2Ftags&post=2834"}],"curies":[{"name":"wp","href":"https:\/\/api.w.org\/{rel}","templated":true}]}}