{"id":2855,"date":"2014-06-16T07:07:50","date_gmt":"2014-06-16T05:07:50","guid":{"rendered":"http:\/\/www.reunion68.se\/?p=2855"},"modified":"2014-06-16T07:07:50","modified_gmt":"2014-06-16T05:07:50","slug":"newsweek-historia-antysemicka-nagonka-1968","status":"publish","type":"post","link":"https:\/\/www.reunion68.se\/?p=2855","title":{"rendered":"Newsweek Historia: Antysemicka nagonka 1968"},"content":{"rendered":"<h3 style=\"text-align: center;\"><img decoding=\"async\" class=\"alignleft\" src=\"http:\/\/www.reunion68.com\/Biuletyn\/img\/newsweek.jpg\" alt=\"\" \/><span style=\"color: #000080; text-decoration: underline;\"><strong><a href=\"http:\/\/historia.newsweek.pl\/antysemicka-nagona-marca-1968-roku-relacje-swiadkow-i-uczestnikow,artykuly,341455,1.html\" target=\"_blank\">Newsweek Historia: Antysemicka nagonka 1968<\/a><\/strong><\/span><\/h3>\n<p class=\"authorname\" style=\"text-align: center;\"><span style=\"color: #808080;\">Opracowa\u0142a <strong>Jolanta Zarembina<\/strong><\/span><br \/>\n<span class=\"date\"><span style=\"color: #808080;\">12-06-2014 , ostatnia aktualizacja 12-06-2014 17:40<\/span> <\/span><\/p>\n<p class=\"authorname\" style=\"text-align: center;\"><span class=\"date\"><img decoding=\"async\" class=\"articleImg alignright\" title=\"Gorz\u00f3w Wielkopolski - robotnicy z zak\u0142ad\u00f3w Stilon demonstruj\u0105 pod has\u0142em &quot;Oczy\u015bci\u0107 parti\u0119 z syjonist\u00f3w&quot;\" src=\"http:\/\/www.newsweek.pl\/g\/i.aspx\/670\/0\/newsweek\/635375776735654904.jpg\" alt=\"GORZ MASWKA STILON\" width=\"400\" border=\"0\" \/><\/span><\/p>\n<p><span style=\"color: #000080;\"><strong>Gdy w czerwcu 1967 r. Izrael w sze\u015b\u0107 dni rozgromi\u0142 koalicj\u0119 pa\u0144stw arabskich w Polsce W\u0142adys\u0142aw Gomu\u0142ka rozp\u0119ta\u0142 antysemick\u0105 nagonk\u0119. Jej kumulacj\u0105 by\u0142 tragiczny marzec 1968 r., gdy za pomoc\u0105 milicji i medi\u00f3w w\u0142adza rozprawi\u0142a si\u0119 najpierw z protestuj\u0105cymi studentami, a potem z Polak\u00f3w pochodzenia \u017cydowskiego uczyni\u0142a banit\u00f3w .<br \/>\n<\/strong><\/span><br \/>\n<span style=\"color: #000080;\">Stefan Kisielewski zapisa\u0142 w \u201eDziennikach\u201d: \u201eRozbudzony antysemityzm pozostanie na lat dwadzie\u015bcia, bo temu narodowi niczego w Polsce nie wolno by\u0142o nienawidzi\u0107 i zwalcza\u0107, a tu mu nagle pokazano wroga wewn\u0119trznego i powiedziano: on winien. Demoniczny pomys\u0142. Zupe\u0142nie jak z Orwella\u201d. Do szuflady pisa\u0142 te\u017c profesor Micha\u0142 G\u0142owi\u0144ski, kiedy bra\u0142 na warsztat j\u0119zyk tej partyjnej propagandy: \u201eS\u0142owa, kt\u00f3re dot\u0105d wyst\u0119powa\u0142y w j\u0119zyku rasistowskim, ponownie o\u017cy\u0142y. \u00bb\u017byd\u00ab sta\u0142 si\u0119 znowu, po \u0107wier\u0107 wieku trwaj\u0105cej przerwie, symbolem wszelkiego z\u0142a. Pod jego adresem kieruje si\u0119 s\u0142owa najbardziej obra\u017aliwe i najbardziej demagogiczne\u201d.<\/span><\/p>\n<p><strong><span style=\"color: #000080;\">Nagonka<\/span><\/strong><\/p>\n<p><span style=\"color: #000080;\">Wtedy, w Marcu, ja o \u017bydach wiedzia\u0142em tyle, co wszyscy. \u017be s\u0105 czym\u015b obcym i maj\u0105 dziwaczne imiona, \u017ce s\u0105 nielojalnymi obywatelami i wrednymi syjonistami, \u017ce to zdrajcy, co nienawidz\u0105 Polak\u00f3w (w\u00f3wczas przecie\u017c wszystkie gazety i telewizja codziennie o tym tr\u0105bi\u0142y). (&#8230;) Wi\u0119c kiedy moja nauczycielka rosyjskiego przy ca\u0142ej klasie powiadomi\u0142a mnie, \u017ce jestem \u017bydem&#8230; Przez par\u0119 dni chodzi\u0142em jak pijany.<\/span><\/p>\n<p><span style=\"color: #000080;\">Ciag dalszy artykulu znadziesz\u00a0 <span style=\"text-decoration: underline;\"><strong><a href=\"http:\/\/historia.newsweek.pl\/antysemicka-nagona-marca-1968-roku-relacje-swiadkow-i-uczestnikow,artykuly,341455,1.html\" target=\"_blank\"><span style=\"color: #000080; text-decoration: underline;\">TU<\/span><\/a><\/strong><\/span><\/span><br \/>\n<span style=\"color: #000080;\">Wiecej na temat <strong><a href=\"http:\/\/www.reunion68.se\/?p=2393\" target=\"_blank\"><span style=\"color: #000080;\"> Antysemickiej nagonki 1968 roku<\/span><\/a><\/strong><\/span><\/p>\n<hr \/>\n","protected":false},"excerpt":{"rendered":"<p>Newsweek Historia: Antysemicka nagonka 1968 Opracowa\u0142a Jolanta Zarembina 12-06-2014 , ostatnia aktualizacja 12-06-2014 17:40 Gdy w czerwcu 1967 r. Izrael w sze\u015b\u0107 dni rozgromi\u0142 koalicj\u0119 pa\u0144stw arabskich w Polsce W\u0142adys\u0142aw Gomu\u0142ka rozp\u0119ta\u0142 antysemick\u0105 nagonk\u0119. Jej kumulacj\u0105 by\u0142 tragiczny marzec 1968 r., gdy za pomoc\u0105 milicji i medi\u00f3w w\u0142adza rozprawi\u0142a si\u0119 najpierw z protestuj\u0105cymi studentami, a [&hellip;]<\/p>\n","protected":false},"author":1,"featured_media":0,"comment_status":"closed","ping_status":"closed","sticky":false,"template":"","format":"standard","meta":[],"categories":[4],"tags":[24],"_links":{"self":[{"href":"https:\/\/www.reunion68.se\/index.php?rest_route=\/wp\/v2\/posts\/2855"}],"collection":[{"href":"https:\/\/www.reunion68.se\/index.php?rest_route=\/wp\/v2\/posts"}],"about":[{"href":"https:\/\/www.reunion68.se\/index.php?rest_route=\/wp\/v2\/types\/post"}],"author":[{"embeddable":true,"href":"https:\/\/www.reunion68.se\/index.php?rest_route=\/wp\/v2\/users\/1"}],"replies":[{"embeddable":true,"href":"https:\/\/www.reunion68.se\/index.php?rest_route=%2Fwp%2Fv2%2Fcomments&post=2855"}],"version-history":[{"count":16,"href":"https:\/\/www.reunion68.se\/index.php?rest_route=\/wp\/v2\/posts\/2855\/revisions"}],"predecessor-version":[{"id":2871,"href":"https:\/\/www.reunion68.se\/index.php?rest_route=\/wp\/v2\/posts\/2855\/revisions\/2871"}],"wp:attachment":[{"href":"https:\/\/www.reunion68.se\/index.php?rest_route=%2Fwp%2Fv2%2Fmedia&parent=2855"}],"wp:term":[{"taxonomy":"category","embeddable":true,"href":"https:\/\/www.reunion68.se\/index.php?rest_route=%2Fwp%2Fv2%2Fcategories&post=2855"},{"taxonomy":"post_tag","embeddable":true,"href":"https:\/\/www.reunion68.se\/index.php?rest_route=%2Fwp%2Fv2%2Ftags&post=2855"}],"curies":[{"name":"wp","href":"https:\/\/api.w.org\/{rel}","templated":true}]}}