{"id":2894,"date":"2014-06-18T22:11:09","date_gmt":"2014-06-18T20:11:09","guid":{"rendered":"http:\/\/www.reunion68.se\/?p=2894"},"modified":"2014-06-18T22:14:54","modified_gmt":"2014-06-18T20:14:54","slug":"krakow-ma-pierwszego-po-wojnie-nominowanego-rabina","status":"publish","type":"post","link":"https:\/\/www.reunion68.se\/?p=2894","title":{"rendered":"Krak\u00f3w ma pierwszego po wojnie nominowanego rabina"},"content":{"rendered":"<h3 style=\"text-align: center;\"><img decoding=\"async\" class=\"alignleft\" src=\"http:\/\/s2.tvn24.cdntvn.pl\/apple-touch-icon-57x57.png\" alt=\"\" \/><span style=\"color: #000080; text-decoration: underline;\"><strong><a href=\"http:\/\/www.tvn24.pl\/powrot-do-tradycji-krakow-ma-pierwszego-po-wojnie-nominowanego-rabina,439859,s.html\" target=\"_blank\"><span style=\"color: #000080; text-decoration: underline;\">Krak\u00f3w ma pierwszego po wojnie nominowanego rabina<\/span><\/a><\/strong><\/span><\/h3>\n<h3 style=\"text-align: center;\"><\/h3>\n<p style=\"text-align: right;\"><img decoding=\"async\" class=\"hideable alignright\" src=\"http:\/\/r-scale-d7.dcs.redcdn.pl\/scale\/o2\/tvn\/web-content\/m\/p1\/i\/a424ed4bd3a7d6aea720b86d4a360f75\/39751b70-f4e6-11e3-8bb7-0025b511229e.jpg?type=1&amp;srcmode=4&amp;srcx=0\/1&amp;srcy=0\/1&amp;srcw=640&amp;srch=2000&amp;dstw=640&amp;dsth=2000\" alt=\"Powr\u00f3t do tradycji. Krak\u00f3w ma pierwszego po wojnie nominowanego rabina\" width=\"450\" \/><\/p>\n<p style=\"text-align: left;\"><span style=\"color: #000080;\"><strong>Eliezer Gurary zosta\u0142 pierwszym po II wojnie \u015bwiatowej nominowanym rabinem Krakowa. Uroczysto\u015b\u0107 nadania mu funkcji odby\u0142a si\u0119 w niedziel\u0119 w synagodze Tempel na Kazimierzu, dawnej \u017cydowskiej dzielnicy.<\/strong><\/span><\/p>\n<p style=\"text-align: left;\"><span style=\"color: #000080;\">Przy d\u017awi\u0119kach szofar\u00f3w, czyli rog\u00f3w baranich, rabina do synagogi wprowadzi\u0142 przewodnicz\u0105cy Gminy Wyznaniowej \u017bydowskiej w Krakowie Tadeusz Jakubowicz. Wewn\u0105trz Gurary otrzyma\u0142 bia\u0142o-czarny ta\u0142es (chusta nak\u0142adana przez \u017byd\u00f3w na g\u0142ow\u0119 lub ramiona w czasie modlitwy) oraz certyfikat nominacji. <\/span><\/p>\n<p style=\"text-align: right;\"><span style=\"color: #808080;\">Foto: Epa\/PAP<\/span><\/p>\n<p style=\"text-align: left;\"><span style=\"color: #000080;\">Wcze\u015bniej dokument w synagodze podpisali Jakubowicz oraz kilkunastu rabin\u00f3w z ca\u0142ego \u015bwiata, a rabin naczelny Galicji Edgar Gluck, przybi\u0142 na dokumencie swoj\u0105 piecz\u0119\u0107.<\/span><\/p>\n<p style=\"text-align: left;\"><span style=\"color: #000080;\">Okoliczno\u015bciowe przem\u00f3wienia wyg\u0142osili przedstawicieli miasta Krakowa, m.in. prezydent Jacek Majchrowski.<\/span><\/p>\n<p><span style=\"color: #000080;\"><strong>Do tej pory funkcje pe\u0142nili nieoficjalnie<\/strong><\/span><\/p>\n<p><span style=\"color: #000080;\">Wed\u0142ug Tadeusza Jakubowicza, nominowanie rabina Krakowa to wydarzenie historyczne. Jak podkre\u015bli\u0142, poprzedni rabini pe\u0142nili funkcje, ale nieoficjalnie. Na stanowisko wyznacza\u0142 ich rabin Polski, Michael Joseph Schudrich. Nie byli nominowani przez gmin\u0119.<\/span><\/p>\n<p><span style=\"color: #000080;\">&#8211; Wreszcie, pierwszy raz po wojnie mamy rabina Krakowa nominowanego przez Gmin\u0119 Wyznaniow\u0105 \u017bydowsk\u0105 w Krakowie. Decyzj\u0119 o zorganizowaniu uroczystej nominacji zarz\u0105d gminy podj\u0105\u0142 miesi\u0105c temu. Dzisiejsze wydarzenie wiele dla nas znaczy, jest m.in. powrotem do tradycji. U nas to si\u0119 nazywa nominacja, a w Izraelu koronacja \u2013 wyja\u015bni\u0142 przewodnicz\u0105cy w rozmowie z PAP.<\/span><\/p>\n<p><span style=\"color: #000080;\">Czytaj wiecej <strong><a href=\"http:\/\/www.tvn24.pl\/powrot-do-tradycji-krakow-ma-pierwszego-po-wojnie-nominowanego-rabina,439859,s.html\" target=\"_blank\"><span style=\"color: #000080; text-decoration: underline;\">TU<\/span><\/a><\/strong><\/span><\/p>\n<hr>\n","protected":false},"excerpt":{"rendered":"<p>Krak\u00f3w ma pierwszego po wojnie nominowanego rabina Eliezer Gurary zosta\u0142 pierwszym po II wojnie \u015bwiatowej nominowanym rabinem Krakowa. Uroczysto\u015b\u0107 nadania mu funkcji odby\u0142a si\u0119 w niedziel\u0119 w synagodze Tempel na Kazimierzu, dawnej \u017cydowskiej dzielnicy. Przy d\u017awi\u0119kach szofar\u00f3w, czyli rog\u00f3w baranich, rabina do synagogi wprowadzi\u0142 przewodnicz\u0105cy Gminy Wyznaniowej \u017bydowskiej w Krakowie Tadeusz Jakubowicz. Wewn\u0105trz Gurary otrzyma\u0142 [&hellip;]<\/p>\n","protected":false},"author":1,"featured_media":0,"comment_status":"closed","ping_status":"closed","sticky":false,"template":"","format":"standard","meta":[],"categories":[4],"tags":[24],"_links":{"self":[{"href":"https:\/\/www.reunion68.se\/index.php?rest_route=\/wp\/v2\/posts\/2894"}],"collection":[{"href":"https:\/\/www.reunion68.se\/index.php?rest_route=\/wp\/v2\/posts"}],"about":[{"href":"https:\/\/www.reunion68.se\/index.php?rest_route=\/wp\/v2\/types\/post"}],"author":[{"embeddable":true,"href":"https:\/\/www.reunion68.se\/index.php?rest_route=\/wp\/v2\/users\/1"}],"replies":[{"embeddable":true,"href":"https:\/\/www.reunion68.se\/index.php?rest_route=%2Fwp%2Fv2%2Fcomments&post=2894"}],"version-history":[{"count":24,"href":"https:\/\/www.reunion68.se\/index.php?rest_route=\/wp\/v2\/posts\/2894\/revisions"}],"predecessor-version":[{"id":2919,"href":"https:\/\/www.reunion68.se\/index.php?rest_route=\/wp\/v2\/posts\/2894\/revisions\/2919"}],"wp:attachment":[{"href":"https:\/\/www.reunion68.se\/index.php?rest_route=%2Fwp%2Fv2%2Fmedia&parent=2894"}],"wp:term":[{"taxonomy":"category","embeddable":true,"href":"https:\/\/www.reunion68.se\/index.php?rest_route=%2Fwp%2Fv2%2Fcategories&post=2894"},{"taxonomy":"post_tag","embeddable":true,"href":"https:\/\/www.reunion68.se\/index.php?rest_route=%2Fwp%2Fv2%2Ftags&post=2894"}],"curies":[{"name":"wp","href":"https:\/\/api.w.org\/{rel}","templated":true}]}}