{"id":2920,"date":"2014-06-18T22:26:52","date_gmt":"2014-06-18T20:26:52","guid":{"rendered":"http:\/\/www.reunion68.se\/?p=2920"},"modified":"2014-06-19T06:15:55","modified_gmt":"2014-06-19T04:15:55","slug":"2920","status":"publish","type":"post","link":"https:\/\/www.reunion68.se\/?p=2920","title":{"rendered":"Zmar\u0142 Kurt I. Lewin"},"content":{"rendered":"<p style=\"text-align: center;\"><a href=\"http:\/\/www.reunion68.se\/wp-content\/uploads\/2014\/06\/zeszytyLogo.png\"><strong><img decoding=\"async\" loading=\"lazy\" class=\"size-medium wp-image-2921 alignleft\" src=\"http:\/\/www.reunion68.se\/wp-content\/uploads\/2014\/06\/zeszytyLogo-300x48.png\" alt=\"zeszytyLogo\" width=\"300\" height=\"48\" srcset=\"https:\/\/www.reunion68.se\/wp-content\/uploads\/2014\/06\/zeszytyLogo-300x48.png 300w, https:\/\/www.reunion68.se\/wp-content\/uploads\/2014\/06\/zeszytyLogo.png 588w\" sizes=\"(max-width: 300px) 100vw, 300px\" \/><\/strong><\/a><span style=\"color: #000080;\"><strong>Zmar\u0142 Kurt I. Lewin<\/strong><\/span><\/p>\n<p><span style=\"color: #000080;\">17 VI 2014 w wieku 89 lat zmar\u0142 Kurt I. Lewin, przyjaciel &#8220;Zeszyt\u00f3w Literackich&#8221; autor wspomnie\u0144 <\/span><a href=\"http:\/\/zeszytyliterackie.com\/38.html\"><strong><span style=\"color: #000080;\">&#8220;Prze\u017cy\u0142em. Saga \u015awi\u0119tego Jura spisana w roku 1946<\/span>&#8220;<\/strong><\/a><img decoding=\"async\" loading=\"lazy\" class=\"alignright\" title=\"Image\" src=\"http:\/\/zeszytyliterackie.pl\/\/images\/stories\/Lewin-kopia.jpg\" alt=\"Image\" width=\"428\" height=\"640\" align=\"center\" border=\"0\" hspace=\"6\" \/><\/p>\n<p><span style=\"color: #000080;\">Ur. 1925 w Lubaczowie jako najstarszy syn dr. Jecheskiela Lewina, rabina lwowskiej synagogi post\u0119powej. II wojn\u0119 \u015bwiatow\u0105 sp\u0119dzi\u0142 pod okupacj\u0105 niemieck\u0105 i radzieck\u0105 we Lwowie i okolicach. Ocalony przez metropolit\u0119 Andrzeja Szeptyckiego ukrywa\u0142 si\u0119 w klasztorach oo. studyt\u00f3w. W 1944 roku przedar\u0142 si\u0119 do Lublina i walczy\u0142 w I Batalionie Szturmowym Armii Wojska Polskiego. W 1946 roku przedosta\u0142 si\u0119 do Palestyny gdzie do 1954 roku s\u0142u\u017cy\u0142 w Wojsku Izraelskim. W 1955 wyemigrowa\u0142 do USA gdzie uko\u0144czy\u0142 Ekonomi\u0119 na Uniwersytecie Columbia. Po latach pracy na Wall Street otworzy\u0142 w\u0142asn\u0105 firm\u0119 doradcz\u0105. W 1959 z\u0142o\u017cy\u0142 w Rzymie \u015bwiadectwo \u015bwi\u0119to\u015bci metropolity Szeptyckiego.<\/span><\/p>\n<hr \/>\n<p>&nbsp;<\/p>\n","protected":false},"excerpt":{"rendered":"<p>Zmar\u0142 Kurt I. Lewin 17 VI 2014 w wieku 89 lat zmar\u0142 Kurt I. Lewin, przyjaciel &#8220;Zeszyt\u00f3w Literackich&#8221; autor wspomnie\u0144 &#8220;Prze\u017cy\u0142em. Saga \u015awi\u0119tego Jura spisana w roku 1946&#8220; Ur. 1925 w Lubaczowie jako najstarszy syn dr. Jecheskiela Lewina, rabina lwowskiej synagogi post\u0119powej. II wojn\u0119 \u015bwiatow\u0105 sp\u0119dzi\u0142 pod okupacj\u0105 niemieck\u0105 i radzieck\u0105 we Lwowie i okolicach. [&hellip;]<\/p>\n","protected":false},"author":1,"featured_media":0,"comment_status":"closed","ping_status":"closed","sticky":false,"template":"","format":"standard","meta":[],"categories":[4],"tags":[24],"_links":{"self":[{"href":"https:\/\/www.reunion68.se\/index.php?rest_route=\/wp\/v2\/posts\/2920"}],"collection":[{"href":"https:\/\/www.reunion68.se\/index.php?rest_route=\/wp\/v2\/posts"}],"about":[{"href":"https:\/\/www.reunion68.se\/index.php?rest_route=\/wp\/v2\/types\/post"}],"author":[{"embeddable":true,"href":"https:\/\/www.reunion68.se\/index.php?rest_route=\/wp\/v2\/users\/1"}],"replies":[{"embeddable":true,"href":"https:\/\/www.reunion68.se\/index.php?rest_route=%2Fwp%2Fv2%2Fcomments&post=2920"}],"version-history":[{"count":5,"href":"https:\/\/www.reunion68.se\/index.php?rest_route=\/wp\/v2\/posts\/2920\/revisions"}],"predecessor-version":[{"id":2929,"href":"https:\/\/www.reunion68.se\/index.php?rest_route=\/wp\/v2\/posts\/2920\/revisions\/2929"}],"wp:attachment":[{"href":"https:\/\/www.reunion68.se\/index.php?rest_route=%2Fwp%2Fv2%2Fmedia&parent=2920"}],"wp:term":[{"taxonomy":"category","embeddable":true,"href":"https:\/\/www.reunion68.se\/index.php?rest_route=%2Fwp%2Fv2%2Fcategories&post=2920"},{"taxonomy":"post_tag","embeddable":true,"href":"https:\/\/www.reunion68.se\/index.php?rest_route=%2Fwp%2Fv2%2Ftags&post=2920"}],"curies":[{"name":"wp","href":"https:\/\/api.w.org\/{rel}","templated":true}]}}