{"id":2950,"date":"2014-07-08T09:42:20","date_gmt":"2014-07-08T07:42:20","guid":{"rendered":"http:\/\/www.reunion68.se\/?p=2950"},"modified":"2014-07-08T09:54:41","modified_gmt":"2014-07-08T07:54:41","slug":"2950","status":"publish","type":"post","link":"https:\/\/www.reunion68.se\/?p=2950","title":{"rendered":"Stowarzyszenie Drugie Pokolenie"},"content":{"rendered":"<p><span style=\"color: #000080;\"><strong>Drodzy<\/strong><\/span><\/p>\n<p style=\"padding-left: 30px;\"><span style=\"color: #000080;\"><strong>22 lipca wtorek godz. 17.30<\/strong>\u00a0ul. Stawki w Warszawie &#8211; w 72 rocznic\u0119 Wielkiej Akcji Likwidacji Warszawskiego Getta &#8211; Stowarzyszenia &#8220;Dzieci Holocaustu&#8221; w Polsce oraz &#8220;Drugie Pokolenie&#8221; po raz czwarty spotkaj\u0105 si\u0119 na Umschlagplatz, gdzie S\u0142awomir Holland odczyta Treny Jeremiasza; prosimy o jak najszersze przekazywanie tej wiadomo\u015bci!<\/span><\/p>\n<p style=\"padding-left: 30px;\"><span style=\"color: #000080;\"><strong>22 lipca wtorek godz. 18.00<\/strong>\u00a0z Umschlagplatz ruszy Marsz pami\u0119ci <a href=\"http:\/\/www.jhi.pl\/wydarzenia\/spotkania\/274\"><span style=\"color: #000080;\">http:\/\/www.jhi.pl\/wydarzenia\/spot<img decoding=\"async\" class=\"alignright\" src=\"http:\/\/www.jhi.pl\/uploads\/event\/image\/274\/vertical__MGL4044.jpg\" alt=\"Vertical__mgl4044\" data-responsive=\"\/uploads\/event\/image\/274\/small_layout_1__MGL4044.jpg\" data-default=\"\/uploads\/event\/image\/274\/vertical__MGL4044.jpg\" data-change-responsive-version=\"true\" \/>kania\/274<\/span><\/a><\/span><\/p>\n<p style=\"padding-left: 30px;\"><span style=\"color: #000080;\"><strong>22 lipca wtorek <\/strong>w godzinach wieczornych przylatuje do Polski <strong>Halina Birenbaum; <\/strong>gor\u0105co namawiam Drugie Pokolenie do towarzyszenia Halinie w Jej wizycie w Polsce:<\/span><\/p>\n<p style=\"padding-left: 30px;\"><span style=\"color: #000080;\"><strong>23 lipca \u015broda godz. 17.00<\/strong> udzia\u0142 w debacie z Halin\u0105 Bortnowsk\u0105 i ks. Wojciechem Lema\u0144skim na temat Pojednanie po Zag\u0142adzie; spotkanie w klubie Pa\u0144stwomiasto,\u00a0ul. Genera\u0142a Andersa 29, Warszawa<\/span><\/p>\n<p style=\"padding-left: 30px;\"><span style=\"color: #000080;\"><strong>24-25 lipca czwartek-pi\u0105tek\u00a0<\/strong>wyjazd do O\u015bwi\u0119cimia<\/span><\/p>\n<p style=\"padding-left: 30px;\"><span style=\"color: #000080;\"><strong>26 lipca sobota godz. 17.00<\/strong> spotykamy si\u0119 na Umschlagplatz <strong>27 lipca niedziela godz. 16.00<\/strong> spotkanie w Treblince 29 lipca o godz. 13.30 wylot z Polski<\/span><\/p>\n<p style=\"padding-left: 30px;\"><span style=\"color: #000080;\"><strong>do 10 lipca<\/strong> pod nr 48 22 827 92 21 w godzinach 10-17, mo\u017cna zg\u0142asza\u0107 rezerwacj\u0119 miejsc w autokarze jad\u0105cym do Treblinki 3 sierpnia spod ZIH o godz. 9.00, w 71. rocznic\u0105 buntu udzia\u0142 w obchodach potwierdzi\u0142 jedyny \u017cyj\u0105cy wi\u0119zie\u0144 Treblinki, uczestnik buntu &#8211; <strong>Samuel Willenberg<\/strong> wraz z \u017con\u0105.<\/span><\/p>\n<p><span style=\"color: #000080;\">\u00a0<\/span><\/p>\n<p><span style=\"color: #000080;\">pozdrawiam <\/span><br \/>\n<span style=\"color: #000080;\">Ela Magenheim<\/span><\/p>\n<p style=\"text-align: right;\"><strong><span style=\"color: #000080;\">Wiecej o <a href=\"http:\/\/drugiepokolenie.org.pl\/\" target=\"_blank\"><span style=\"color: #000080;\">Stowarzyszeniu Drugie Pokolenie<\/span><\/a><\/span><\/strong><\/p>\n<hr>\n","protected":false},"excerpt":{"rendered":"<p>Drodzy 22 lipca wtorek godz. 17.30\u00a0ul. Stawki w Warszawie &#8211; w 72 rocznic\u0119 Wielkiej Akcji Likwidacji Warszawskiego Getta &#8211; Stowarzyszenia &#8220;Dzieci Holocaustu&#8221; w Polsce oraz &#8220;Drugie Pokolenie&#8221; po raz czwarty spotkaj\u0105 si\u0119 na Umschlagplatz, gdzie S\u0142awomir Holland odczyta Treny Jeremiasza; prosimy o jak najszersze przekazywanie tej wiadomo\u015bci! 22 lipca wtorek godz. 18.00\u00a0z Umschlagplatz ruszy Marsz [&hellip;]<\/p>\n","protected":false},"author":1,"featured_media":0,"comment_status":"closed","ping_status":"closed","sticky":false,"template":"","format":"standard","meta":[],"categories":[4],"tags":[24],"_links":{"self":[{"href":"https:\/\/www.reunion68.se\/index.php?rest_route=\/wp\/v2\/posts\/2950"}],"collection":[{"href":"https:\/\/www.reunion68.se\/index.php?rest_route=\/wp\/v2\/posts"}],"about":[{"href":"https:\/\/www.reunion68.se\/index.php?rest_route=\/wp\/v2\/types\/post"}],"author":[{"embeddable":true,"href":"https:\/\/www.reunion68.se\/index.php?rest_route=\/wp\/v2\/users\/1"}],"replies":[{"embeddable":true,"href":"https:\/\/www.reunion68.se\/index.php?rest_route=%2Fwp%2Fv2%2Fcomments&post=2950"}],"version-history":[{"count":9,"href":"https:\/\/www.reunion68.se\/index.php?rest_route=\/wp\/v2\/posts\/2950\/revisions"}],"predecessor-version":[{"id":2960,"href":"https:\/\/www.reunion68.se\/index.php?rest_route=\/wp\/v2\/posts\/2950\/revisions\/2960"}],"wp:attachment":[{"href":"https:\/\/www.reunion68.se\/index.php?rest_route=%2Fwp%2Fv2%2Fmedia&parent=2950"}],"wp:term":[{"taxonomy":"category","embeddable":true,"href":"https:\/\/www.reunion68.se\/index.php?rest_route=%2Fwp%2Fv2%2Fcategories&post=2950"},{"taxonomy":"post_tag","embeddable":true,"href":"https:\/\/www.reunion68.se\/index.php?rest_route=%2Fwp%2Fv2%2Ftags&post=2950"}],"curies":[{"name":"wp","href":"https:\/\/api.w.org\/{rel}","templated":true}]}}