{"id":2965,"date":"2014-07-10T07:59:06","date_gmt":"2014-07-10T05:59:06","guid":{"rendered":"http:\/\/www.reunion68.se\/?p=2965"},"modified":"2014-07-10T07:59:06","modified_gmt":"2014-07-10T05:59:06","slug":"w-obronie-kantora-tak-sie-po-prostu-nie-godzi-polemika","status":"publish","type":"post","link":"https:\/\/www.reunion68.se\/?p=2965","title":{"rendered":"W obronie Kantora: Tak si\u0119 po prostu nie godzi [POLEMIKA]"},"content":{"rendered":"<h3 style=\"text-align: right;\"><img decoding=\"async\" class=\"alignleft\" src=\"http:\/\/bi.gazeta.pl\/im\/9\/12103\/m12103699.png\" alt=\"\" \/><span style=\"color: #000080;\"><a href=\"http:\/\/wroclaw.gazeta.pl\/wroclaw\/1,35771,16151426,W_obronie_Kantora__Tak_sie_po_prostu_nie_godzi__POLEMIKA_.html\" target=\"_blank\">W obronie Kantora: Tak si\u0119 po prostu nie godzi [POLEMIKA]<\/a><\/span><\/h3>\n<p style=\"text-align: right;\"><span style=\"color: #808080;\">Dorota Wodecka 14.06.2014 , aktualizacja: 13.06.2014 17:23<\/span><\/p>\n<p style=\"text-align: left;\"><span style=\"color: #000080;\">Dorota Wodecka, autorka wywiadu z Leszkiem Leo Kantorem, odpowiada przewodnicz\u0105cemu wroc\u0142awskiej Gminy \u017bydowskiej Aleksandrowi Gleichgewichtowi.<\/span><\/p>\n<p><span style=\"color: #000080;\">W&#8221;Gazecie Wyborczej Wroc\u0142aw&#8221; ukaza\u0142 si\u0119list Aleksandra Gleichgewichta , przewodnicz\u0105cego wroc\u0142awskiej Gminy \u017bydowskiej. Zgodnie z prawem prasowym ma on prawo do merytorycznej polemiki z opiniami Leszka Leo Kantora, kt\u00f3re ten przedstawi\u0142 w rozmowie ze mn\u0105 zatytu\u0142owanej &#8220;Wroc\u0142awscy \u017bydzi umieraj\u0105 w samotno\u015bci&#8221;. Uwa\u017cam, \u017ce pan Gleichgewicht nadu\u017cywa swojego prawa do wypowiedzi, szafuj\u0105c oskar\u017ceniami ad personam.<\/span><br \/>\n<span style=\"color: #000080;\">Ma pan Gleichgewicht prawo, by nie zgadza\u0107 si\u0119 ze zdaniem pana Kantora, ale nie ma prawa do manipulowania jego wypowiedziami.<img decoding=\"async\" class=\"alignright\" src=\"http:\/\/bi.gazeta.pl\/im\/2f\/bb\/f5\/z16104239Q,Leszek-Leo-Kantor.jpg\" alt=\"\" width=\"400\" \/><\/span><\/p>\n<p><span style=\"color: #000080;\">Leszek Leo Kantor twierdzi, \u017ce s\u0105 \u017bydzi, kt\u00f3rzy rezygnuj\u0105 z darmowej zupy, bo nie chc\u0105, by ich s\u0105siedzi dowiedzieli si\u0119, \u017ce s\u0105 \u017bydami. Nie twierdzi natomiast, \u017ce gmina nie rozwozi obiad\u00f3w do swoich starych i chorych cz\u0142onk\u00f3w.<\/span><\/p>\n<p><span style=\"color: #000080;\">Twierdzi, \u017ce s\u0105 \u017bydzi, kt\u00f3rzy nie widz\u0105 dla siebie miejsca we wsp\u00f3lnocie, nie kwestionuje natomiast istnienia tej wsp\u00f3lnoty, co zarzuca mu w swoim li\u015bcie pan Gleichgewicht. Podobnie jak nie m\u00f3wi, \u017ce odbudowa synagogi wydaje mu si\u0119 zb\u0119dna.<\/span><\/p>\n<p><span style=\"color: #000080;\">Nie powiedzia\u0142 r\u00f3wnie\u017c, \u017ce &#8220;wroc\u0142awscy \u017bydzi umieraj\u0105 w samotno\u015bci&#8221; &#8211; tylko \u017ce wola\u0142by, \u017ceby wroc\u0142awscy \u017bydzi nie umierali w samotno\u015bci. To, \u017ce pan Gleichgewicht ma ich wszystkich skatalogowanych, nie oznacza, \u017ce nie ma tych, kt\u00f3rzy nie przychodz\u0105 na zup\u0119 i drugie danie, nie chodz\u0105 do synagogi i umieraj\u0105 samotnie.<\/span><\/p>\n<p><span style=\"color: #000080;\">To, czy pan Kantor da\u0142 czy nie da\u0142 datku na cmentarz &#8211; co nie wiadomo jakim prawem wytyka mu pan Gleichgewicht &#8211; jest jego prywatn\u0105 spraw\u0105. Nie jest natomiast prywatn\u0105 spraw\u0105 pana Gleichgewichta p\u0142atny wst\u0119p na \u017cydowsk\u0105 nekropoli\u0119. Tego jednak pan Gleichgewicht nie t\u0142umaczy.<\/span><\/p>\n<p><span style=\"color: #000080;\">Sugeruje natomiast &#8211; te\u017c trudno zgadn\u0105\u0107 jakim prawem &#8211; \u017ce pan Kantor m\u00f3g\u0142by przys\u0142a\u0107 znajomych z zagranicy, kt\u00f3rzy pomogliby w jej uporz\u0105dkowaniu. Bior\u0105c pod uwag\u0119, \u017ce znajomi pana Kantora &#8211; podobnie jak on &#8211; s\u0105 ju\u017c s\u0119dziwymi lud\u017ami, trudno nie mie\u0107 wra\u017cenia, \u017ce sugestia owa brzmi szyderczo.<\/span><\/p>\n<p style=\"text-align: right;\">\u00a0<span style=\"color: #000080;\">Czytaj dalej <strong><a href=\"http:\/\/wroclaw.gazeta.pl\/wroclaw\/1,35771,16151426,W_obronie_Kantora__Tak_sie_po_prostu_nie_godzi__POLEMIKA_.html#ixzz372e8sl77\" target=\"_blank\">TU<\/a><\/strong><\/span><\/p>\n<hr>\n","protected":false},"excerpt":{"rendered":"<p>W obronie Kantora: Tak si\u0119 po prostu nie godzi [POLEMIKA] Dorota Wodecka 14.06.2014 , aktualizacja: 13.06.2014 17:23 Dorota Wodecka, autorka wywiadu z Leszkiem Leo Kantorem, odpowiada przewodnicz\u0105cemu wroc\u0142awskiej Gminy \u017bydowskiej Aleksandrowi Gleichgewichtowi. W&#8221;Gazecie Wyborczej Wroc\u0142aw&#8221; ukaza\u0142 si\u0119list Aleksandra Gleichgewichta , przewodnicz\u0105cego wroc\u0142awskiej Gminy \u017bydowskiej. Zgodnie z prawem prasowym ma on prawo do merytorycznej polemiki z [&hellip;]<\/p>\n","protected":false},"author":1,"featured_media":0,"comment_status":"closed","ping_status":"closed","sticky":false,"template":"","format":"standard","meta":[],"categories":[4],"tags":[24],"_links":{"self":[{"href":"https:\/\/www.reunion68.se\/index.php?rest_route=\/wp\/v2\/posts\/2965"}],"collection":[{"href":"https:\/\/www.reunion68.se\/index.php?rest_route=\/wp\/v2\/posts"}],"about":[{"href":"https:\/\/www.reunion68.se\/index.php?rest_route=\/wp\/v2\/types\/post"}],"author":[{"embeddable":true,"href":"https:\/\/www.reunion68.se\/index.php?rest_route=\/wp\/v2\/users\/1"}],"replies":[{"embeddable":true,"href":"https:\/\/www.reunion68.se\/index.php?rest_route=%2Fwp%2Fv2%2Fcomments&post=2965"}],"version-history":[{"count":11,"href":"https:\/\/www.reunion68.se\/index.php?rest_route=\/wp\/v2\/posts\/2965\/revisions"}],"predecessor-version":[{"id":2976,"href":"https:\/\/www.reunion68.se\/index.php?rest_route=\/wp\/v2\/posts\/2965\/revisions\/2976"}],"wp:attachment":[{"href":"https:\/\/www.reunion68.se\/index.php?rest_route=%2Fwp%2Fv2%2Fmedia&parent=2965"}],"wp:term":[{"taxonomy":"category","embeddable":true,"href":"https:\/\/www.reunion68.se\/index.php?rest_route=%2Fwp%2Fv2%2Fcategories&post=2965"},{"taxonomy":"post_tag","embeddable":true,"href":"https:\/\/www.reunion68.se\/index.php?rest_route=%2Fwp%2Fv2%2Ftags&post=2965"}],"curies":[{"name":"wp","href":"https:\/\/api.w.org\/{rel}","templated":true}]}}