{"id":2977,"date":"2014-07-10T08:13:09","date_gmt":"2014-07-10T06:13:09","guid":{"rendered":"http:\/\/www.reunion68.se\/?p=2977"},"modified":"2014-07-10T19:08:02","modified_gmt":"2014-07-10T17:08:02","slug":"2977","status":"publish","type":"post","link":"https:\/\/www.reunion68.se\/?p=2977","title":{"rendered":"Jak \u017cyj\u0105 wroc\u0142awscy \u017bydzi? Kantor odpowiada Gleichgewichtowi"},"content":{"rendered":"<p><img decoding=\"async\" class=\"alignleft\" src=\"http:\/\/bi.gazeta.pl\/im\/9\/12103\/m12103699.png\" alt=\"\" \/><\/p>\n<h3 align=\"right\"><span style=\"color: #000080;\"><strong><a href=\"http:\/\/wroclaw.gazeta.pl\/wroclaw\/1,35771,16226051,Jak_zyja_wroclawscy_Zydzi__Kantor_odpowiada_Gleichgewichtowi.html\" target=\"_blank&quot;\">Jak \u017cyj\u0105 wroc\u0142awscy \u017bydzi? Kantor odpowiada Gleichgewichtowi<\/a><\/strong><\/span><\/h3>\n<p style=\"text-align: right;\"><span style=\"color: #808080;\">Leszek Leo Kantor, nauczyciel akademicki, publicysta, re\u017cyser film\u00f3w dokumentalnych, od 1968 roku w Szwecji 26.06.2014 , aktualizacja: 26.06.2014 23:12<\/span><\/p>\n<p style=\"text-align: left;\"><span style=\"color: #000080;\"><strong>Szanowny Panie Gleichgewicht, Pana odpowied\u017a na wywiad, jakiego udzieli\u0142em Dorocie Wodeckiej, jest charakterystyk\u0105 moich cech osobowo\u015bci. Podj\u0105\u0142 si\u0119 jej pan, poniewa\u017c zauwa\u017cy\u0142em, \u017ce w pana gospodarstwie nie dzieje si\u0119 dobrze. \u017be nie godzi si\u0119 bra\u0107 kas\u0119 na cmentarzu od student\u00f3w i wrzeszcze\u0107 na odwiedzaj\u0105cych, jak i odpycha\u0107 od wsp\u00f3lnoty ludzi starszych.<\/strong><\/span><\/p>\n<p style=\"text-align: left;\"><span style=\"color: #000080;\">Nie mam \u017cadnych przyw\u00f3dczych zamiar\u00f3w w kierowanej przez Pana Gminie. Wystarczy mi 6500 cz\u0142onk\u00f3w Mi\u0119dzynarodowego Forum Kultury w Szwecji, kt\u00f3rym kieruj\u0119, do kt\u00f3rego nale\u017cy wiele \u017cydowskich organizacji. To jest m\u00f3j \u015bwiat.<\/span><\/p>\n<p style=\"text-align: left;\"><span style=\"color: #000080;\">M\u00f3j \u015bwiat to te\u017c \u017cydowskie dzieci z Dolnego \u015al\u0105ska, kt\u00f3re przyje\u017cd\u017ca\u0142y na kolonie letnie, cz\u0119sto z jedn\u0105 koszulk\u0105 w walizce. Przez wiele lat a\u017c do wyjazdu w 1968 roku by\u0142em ich opiekunem.<\/span><\/p>\n<p style=\"text-align: left;\"><span style=\"color: #000080;\">M\u00f3j \u015bwiat to \u017cydowskie obozy studenckie, kt\u00f3re prowadzi\u0142em. To ludzie dzisiaj rozsiani po ca\u0142ym \u015bwiecie, t\u0119skni\u0105cy do siebie, spotykaj\u0105cy si\u0119 od czasu do czasu na Polish Jews Reunion 68 w Ashkelonie. Ten zjazd osobi\u015bcie zaprogramowa\u0142em i powo\u0142a\u0142em w 1989 roku do \u017cycia z dwoma kolegami. Zabroni\u0142em wtedy brania pieni\u0119dzy od os\u00f3b, kt\u00f3re przyby\u0142y na\u0144 z Polski.<\/span><\/p>\n<p style=\"text-align: left;\"><span style=\"color: #000080;\">M\u00f3j \u015bwiat, Panie Gleichgewicht, to organizacja pierwszej konferencji w Szwecji o naukach wynikaj\u0105cych z Holocaustu. Pierwszej tego rodzaju w Europie z udzia\u0142em premier\u00f3w, prezydent\u00f3w i laureat\u00f3w Nobla z ponad 30 kraj\u00f3w.<\/span><\/p>\n<p style=\"text-align: left;\"><span style=\"color: #000080;\">M\u00f3j \u015bwiat dzisiaj to ma\u0142y cmentarzyk w Strzegomiu z 1820 roku, kt\u00f3ry po spotkaniu ze mn\u0105 pan burmistrz, m\u0142odzie\u017c szkolna i nauczyciele pi\u0119knie w 2013 roku uporz\u0105dkowali i postawili na miejsce ponad 80 macew. Mimo \u017ce interesuje si\u0119 nim tylko jedna rodzina z USA.<\/span><\/p>\n<p style=\"text-align: left;\"><span style=\"color: #000080;\">M\u00f3j \u015bwiat dolno\u015bl\u0105ski dzisiaj, Szanowny Panie, to odwiedziny w mieszkaniach starych, samotnych \u017byd\u00f3w na Dolnym \u015al\u0105sku, kt\u00f3rzy nigdy nie mieli okazji dowiedzie\u0107 si\u0119, jak Pan wygl\u0105da.<\/span><\/p>\n<p style=\"text-align: left;\"><span style=\"color: #000080;\">I opowie\u015b\u0107 na dziesi\u0105tkach uniwersytet\u00f3w, cz\u0119sto bez honorari\u00f3w, o \u015bwiecie, kt\u00f3ry znikn\u0105\u0142.<\/span><\/p>\n<p style=\"text-align: left;\"><span style=\"color: #000080;\">M\u00f3j \u015bwiat to wreszcie ostatnie dwa filmy o \u017bydach na Dolnym \u015al\u0105sku i ratowanie pami\u0119ci o tych, kt\u00f3rych nazwa\u0142em najwi\u0119ksz\u0105 w Europie oaz\u0105 uratowanych z Zag\u0142ady, jak na tamten czas szcz\u0119\u015bliw\u0105.<\/span><\/p>\n<p style=\"text-align: left;\"><span style=\"color: #000080;\">Nie musi Pan ogl\u0105da\u0107 moich film\u00f3w. Zobaczy je par\u0119set m\u0142odych Wroc\u0142awian na festiwalu Era Nowe Horyzonty w lipcu tego roku, jak r\u00f3wnie\u017c studenci dziesi\u0105tk\u00f3w uniwersytet\u00f3w na \u015bwiecie i widzowie presti\u017cowych festiwali filmowych w Europie i USA. Zobacz\u0105 Wroc\u0142aw cz\u0119sto po raz pierwszy i dowiedz\u0105 si\u0119 o jego \u017cydowskiej tradycji.<\/span><\/p>\n<p style=\"text-align: left;\"><span style=\"color: #000080;\">Na koniec prosz\u0119, by za pieni\u0105dze z wynajmu kamienic niemieckich \u017byd\u00f3w wys\u0142a\u0107 na cmentarz kogo\u015b, kto zetnie z pi\u0119knej bramy g\u0142\u00f3wnej drzewo, kt\u00f3re od wielu lat ro\u015bnie na jej murach i prawdopodobnie niebawem zgruchocze j\u0105 swoimi korzeniami. I niech Pan, na Boga, nie sadzi kwiatk\u00f3w na cmentarzu, bo to jest wbrew religii \u017cydowskiej.<\/span><\/p>\n<p style=\"text-align: right;\"><span style=\"color: #000080;\">Czytaj dalej <\/span><strong><a href=\"http:\/\/wroclaw.gazeta.pl\/wroclaw\/1,35771,16226051,Jak_zyja_wroclawscy_Zydzi__Kantor_odpowiada_Gleichgewichtowi.html#ixzz372iIFrBo\" target=\"_blank\">TU<\/a><\/strong><\/p>\n","protected":false},"excerpt":{"rendered":"<p>Jak \u017cyj\u0105 wroc\u0142awscy \u017bydzi? Kantor odpowiada Gleichgewichtowi Leszek Leo Kantor, nauczyciel akademicki, publicysta, re\u017cyser film\u00f3w dokumentalnych, od 1968 roku w Szwecji 26.06.2014 , aktualizacja: 26.06.2014 23:12 Szanowny Panie Gleichgewicht, Pana odpowied\u017a na wywiad, jakiego udzieli\u0142em Dorocie Wodeckiej, jest charakterystyk\u0105 moich cech osobowo\u015bci. Podj\u0105\u0142 si\u0119 jej pan, poniewa\u017c zauwa\u017cy\u0142em, \u017ce w pana gospodarstwie nie dzieje si\u0119 [&hellip;]<\/p>\n","protected":false},"author":1,"featured_media":0,"comment_status":"closed","ping_status":"closed","sticky":false,"template":"","format":"standard","meta":[],"categories":[4],"tags":[24],"_links":{"self":[{"href":"https:\/\/www.reunion68.se\/index.php?rest_route=\/wp\/v2\/posts\/2977"}],"collection":[{"href":"https:\/\/www.reunion68.se\/index.php?rest_route=\/wp\/v2\/posts"}],"about":[{"href":"https:\/\/www.reunion68.se\/index.php?rest_route=\/wp\/v2\/types\/post"}],"author":[{"embeddable":true,"href":"https:\/\/www.reunion68.se\/index.php?rest_route=\/wp\/v2\/users\/1"}],"replies":[{"embeddable":true,"href":"https:\/\/www.reunion68.se\/index.php?rest_route=%2Fwp%2Fv2%2Fcomments&post=2977"}],"version-history":[{"count":12,"href":"https:\/\/www.reunion68.se\/index.php?rest_route=\/wp\/v2\/posts\/2977\/revisions"}],"predecessor-version":[{"id":2989,"href":"https:\/\/www.reunion68.se\/index.php?rest_route=\/wp\/v2\/posts\/2977\/revisions\/2989"}],"wp:attachment":[{"href":"https:\/\/www.reunion68.se\/index.php?rest_route=%2Fwp%2Fv2%2Fmedia&parent=2977"}],"wp:term":[{"taxonomy":"category","embeddable":true,"href":"https:\/\/www.reunion68.se\/index.php?rest_route=%2Fwp%2Fv2%2Fcategories&post=2977"},{"taxonomy":"post_tag","embeddable":true,"href":"https:\/\/www.reunion68.se\/index.php?rest_route=%2Fwp%2Fv2%2Ftags&post=2977"}],"curies":[{"name":"wp","href":"https:\/\/api.w.org\/{rel}","templated":true}]}}