{"id":29977,"date":"2015-11-04T18:00:13","date_gmt":"2015-11-04T16:00:13","guid":{"rendered":"http:\/\/www.reunion68.se\/?p=29977"},"modified":"2015-11-02T16:21:31","modified_gmt":"2015-11-02T14:21:31","slug":"04-00","status":"publish","type":"post","link":"https:\/\/www.reunion68.se\/?p=29977","title":{"rendered":"Film &#8211; Bruno Schultz &#8211; SANATORIUM POD KLEPSYDR\u0104"},"content":{"rendered":"<h5 style=\"text-align: center;\"><a href=\"https:\/\/www.youtube.com\/\" target=\"_blank\"><img decoding=\"async\" class=\"center alignleft\" src=\"http:\/\/www.reunion68.com\/Biuletyn\/img\/youtube.png\" alt=\"\" width=\"15%\" \/><\/a><span style=\"text-decoration: underline; color: #000080;\"><strong><a style=\"color: #000080; text-decoration: underline;\" href=\"https:\/\/www.youtube.com\/watch?v=1TH2wM1kmD0\" target=\"_blank\">SANATORIUM POD KLEPSYDR\u0104<\/a><\/strong><\/span><\/h5>\n<p style=\"text-align: center;\"><span style=\"color: #000000;\"><strong><img decoding=\"async\" loading=\"lazy\" src=\"https:\/\/yt3.ggpht.com\/-Hhf6Wzmlstg\/AAAAAAAAAAI\/AAAAAAAAAAA\/AFRBmkNJoKo\/s88-c-k-no\/photo.jpg\" alt=\"Studio Filmowe KADR\" width=\"8%\" height=\"48\" \/>\u00a0 Studio Filmowe KADR<\/strong><\/span><\/p>\n<hr style=\"height: 15px; background: #d0e6fa; width: 710px;\" \/>\n<p style=\"text-align: left;\"><span style=\"color: #333333;\"><strong>Sanatorium pod Klepsydr\u0105<\/strong> <\/span><span style=\"color: #000080;\">\u2013 polski film fabularny z 1973 roku, wyre\u017cyserowany przez <strong><span style=\"color: #333333;\">Wojciecha Jerzego Hasa<\/span><\/strong>. Swobodna adaptacja prozy <span style=\"color: #333333;\"><strong>Brunona Schulza<\/strong><\/span>, oparta g\u0142\u00f3wnie na opowiadaniu tytu\u0142owym ze zbioru <strong>Sanatorium pod <span style=\"color: #333333;\">Klepsydr\u0105<\/span><\/strong> (1936) oraz opowiadaniu <span style=\"color: #333333;\"><strong>Wiosna<\/strong><\/span> z tego samego zbioru.<\/span><\/p>\n<p style=\"text-align: left;\"><span style=\"color: #000080;\">Film jest surrealistyczn\u0105 opowie\u015bci\u0105 o m\u0142odym cz\u0142owieku, J\u00f3zefie (Jan Nowicki), kt\u00f3ry odwiedza sanatorium doktora Gotarda (Gustaw Holoubek). Przebywa tam jego ojciec Jakub (Tadeusz Kondrat), zmar\u0142y przed laty, lecz tutaj \u017cyj\u0105cy w innym wymiarze czasu. J\u00f3zef w\u0119druj\u0105c pe\u0142nymi tajemnic labiryntami wskrzesza na nowo krain\u0119 swego dzieci\u0144stwa: \u015bwiat ma\u0142ego \u017cydowskiego miasteczka, sklep prowadzony przez ojca, przyja\u017a\u0144 z Rudolfem, pierwsze mi\u0142osne rozterki, a tak\u017ce kontekst historyczny (epoka monarchii austro-w\u0119gierskiej).<\/span><\/p>\n<p style=\"text-align: left;\"><strong><span style=\"color: #000080;\">Obsada:<\/span><\/strong><\/p>\n<ul>\n<li style=\"text-align: left;\"><span style=\"color: #000080;\"><strong>Jan Nowicki<\/strong> \u2013 J\u00f3zef<\/span><\/li>\n<li style=\"text-align: left;\"><span style=\"color: #000080;\"><strong>Tadeusz Kondrat<\/strong> \u2013 Jakub, ojciec J\u00f3zefa<\/span><\/li>\n<li style=\"text-align: left;\"><span style=\"color: #000080;\"><strong>Gustaw Holoubek<\/strong> \u2013 doktor Gotard<\/span><\/li>\n<li style=\"text-align: left;\"><span style=\"color: #000080;\"><strong>Irena Orska<\/strong> \u2013 matka J\u00f3zefa<\/span><\/li>\n<li style=\"text-align: left;\"><span style=\"color: #000080;\"><strong>Halina Kowalska<\/strong> \u2013 Adela<\/span><\/li>\n<li style=\"text-align: left;\"><span style=\"color: #000080;\"><strong>Mieczys\u0142aw Voit<\/strong> \u2013 niewidomy konduktor<\/span><\/li>\n<li style=\"text-align: left;\"><span style=\"color: #000080;\"><strong>Bo\u017cena Adamek<\/strong> \u2013 Bianka<\/span><\/li>\n<li style=\"text-align: left;\"><span style=\"color: #000080;\"><strong>Ludwik Benoit<\/strong> \u2013 Szloma<\/span><\/li>\n<li style=\"text-align: left;\"><span style=\"color: #000080;\"><strong>Henryk Bouko\u0142owski<\/strong> \u2013 stra\u017cak<\/span><\/li>\n<li style=\"text-align: left;\"><span style=\"color: #000080;\"><strong>Jerzy Przybylski<\/strong> \u2013 pan de V.<\/span><\/li>\n<li style=\"text-align: left;\"><span style=\"color: #000080;\"><strong>Wiktor Sadecki<\/strong> \u2013 dostojnik<\/span><\/li>\n<li style=\"text-align: left;\"><span style=\"color: #000080;\"><strong>Szymon Szurmiej<\/strong> \u2013 \u017byd recytuj\u0105cy fa\u0142szywe wersy Koheleta<\/span><\/li>\n<li style=\"text-align: left;\"><span style=\"color: #000080;\"><strong>Filip Zylber<\/strong> \u2013 Rudolf<\/span><\/li>\n<li style=\"text-align: left;\"><span style=\"color: #000080;\"><strong>W\u0142odzimierz Nowak<\/strong> \u2013 arcyksi\u0105\u017c\u0119 Maksymilian, posta\u0107 w panoptikum<\/span><\/li>\n<li style=\"text-align: left;\"><span style=\"color: #000080;\"><strong>Pawe\u0142 Unrug<\/strong> \u2013 asystent Metternicha<\/span><\/li>\n<li style=\"text-align: left;\"><span style=\"color: #000080;\"><strong>Jerzy Braszka<\/strong> \u2013 &#8220;Sk\u00f3rzana po\u0144czocha&#8221;, posta\u0107 w panoptikum<\/span><\/li>\n<li style=\"text-align: left;\"><span style=\"color: #000080;\"><strong>Tadeusz Schmidt<\/strong> \u2013 oficer<\/span><\/li>\n<\/ul>\n<p style=\"text-align: left;\"><span style=\"color: #000080;\">1973: Nagroda <strong>Jury XXVI Mi\u0119dzynarodowego Festiwalu Filmowego w Cannes<\/strong> dla re\u017cysera Wojciecha Jerzego Hasa<\/span><br \/>\n<span style=\"color: #000080;\"> 1973: Nominacja do <strong>Z\u0142otej Palmy<\/strong>, g\u0142\u00f3wnej nagrody <strong>XXVI Mi\u0119dzynarodowego Festiwalu Filmowego w Cannes<\/strong><\/span><br \/>\n<span style=\"color: #000080;\"> 1974: Nagroda 1. <strong>Festiwalu Polskich Film\u00f3w Fabularnych w Gda\u0144sku<\/strong> za scenografi\u0119 dla <strong>Andrzeja P\u0142ockiego<\/strong><\/span><br \/>\n<span style=\"color: #000080;\"> 1974: Nagroda 1. <strong>Festiwalu Polskich Film\u00f3w Fabularnych w Gda\u0144sku<\/strong> za scenografi\u0119 dla <strong>Jerzego Skar\u017cy\u0144skiego<\/strong><\/span><\/p>\n<p style=\"text-align: left;\"><span style=\"color: #000080;\">Film zosta\u0142 uznany przez ameryka\u0144skiego re\u017cysera <strong>Martina Scorsese<\/strong> za jedno z arcydzie\u0142 polskiej kinematografii i w 2014 roku zosta\u0142 wytypowany przez niego do prezentacji w Stanach Zjednoczonych oraz Kanadzie w ramach festiwalu polskich film\u00f3w <strong>Martin Scorsese Presents: Masterpieces of Polish Cinema<\/strong><\/span><\/p>\n<div id=\"content\" class=\" content-alignment&lt;br \/&gt;&lt;br \/&gt; \">\n<div id=\"watch-description\" class=\"yt-uix-button-panel\">\n<div id=\"watch-description-text\"><iframe loading=\"lazy\" src=\"https:\/\/www.youtube.com\/embed\/1TH2wM1kmD0\" width=\"680\" height=\"400\" frameborder=\"0\" allowfullscreen=\"allowfullscreen\"><\/iframe><\/div>\n<\/div>\n<\/div>\n<p>&nbsp;<\/p>\n<hr style=\"height: 15px; background: #d0e6fa; width: 710px;\" \/>\n<div id=\"content\" class=\" content-alignment&lt;br \/&gt;&lt;br \/&gt; \">\n<div id=\"watch-description\" class=\"yt-uix-button-panel\">\n<div id=\"watch-description-text\">\n<p style=\"text-align: center;\"><span style=\"color: #808080;\"> twoje uwagi, linki, wlasne artykuly, lub wiadomosci przeslij do: <span style=\"color: #000080;\"><strong><span style=\"text-decoration: underline;\"><span style=\"text-decoration: underline;\"><a style=\"color: #000080; text-decoration: underline;\" href=\"mailto:webmaster@reunion68.com\">webmaster@reunion68.com<\/a><\/span><\/span><\/strong><\/span><\/span><\/p>\n<\/div>\n<\/div>\n<\/div>\n<p>&nbsp;<\/p>\n<hr style=\"width: 710px;\" \/>\n","protected":false},"excerpt":{"rendered":"<p>SANATORIUM POD KLEPSYDR\u0104 \u00a0 Studio Filmowe KADR Sanatorium pod Klepsydr\u0105 \u2013 polski film fabularny z 1973 roku, wyre\u017cyserowany przez Wojciecha Jerzego Hasa. Swobodna adaptacja prozy Brunona Schulza, oparta g\u0142\u00f3wnie na opowiadaniu tytu\u0142owym ze zbioru Sanatorium pod Klepsydr\u0105 (1936) oraz opowiadaniu Wiosna z tego samego zbioru. Film jest surrealistyczn\u0105 opowie\u015bci\u0105 o m\u0142odym cz\u0142owieku, J\u00f3zefie (Jan Nowicki), [&hellip;]<\/p>\n","protected":false},"author":1,"featured_media":0,"comment_status":"closed","ping_status":"closed","sticky":false,"template":"","format":"standard","meta":[],"categories":[6],"tags":[26,24],"_links":{"self":[{"href":"https:\/\/www.reunion68.se\/index.php?rest_route=\/wp\/v2\/posts\/29977"}],"collection":[{"href":"https:\/\/www.reunion68.se\/index.php?rest_route=\/wp\/v2\/posts"}],"about":[{"href":"https:\/\/www.reunion68.se\/index.php?rest_route=\/wp\/v2\/types\/post"}],"author":[{"embeddable":true,"href":"https:\/\/www.reunion68.se\/index.php?rest_route=\/wp\/v2\/users\/1"}],"replies":[{"embeddable":true,"href":"https:\/\/www.reunion68.se\/index.php?rest_route=%2Fwp%2Fv2%2Fcomments&post=29977"}],"version-history":[{"count":13,"href":"https:\/\/www.reunion68.se\/index.php?rest_route=\/wp\/v2\/posts\/29977\/revisions"}],"predecessor-version":[{"id":29990,"href":"https:\/\/www.reunion68.se\/index.php?rest_route=\/wp\/v2\/posts\/29977\/revisions\/29990"}],"wp:attachment":[{"href":"https:\/\/www.reunion68.se\/index.php?rest_route=%2Fwp%2Fv2%2Fmedia&parent=29977"}],"wp:term":[{"taxonomy":"category","embeddable":true,"href":"https:\/\/www.reunion68.se\/index.php?rest_route=%2Fwp%2Fv2%2Fcategories&post=29977"},{"taxonomy":"post_tag","embeddable":true,"href":"https:\/\/www.reunion68.se\/index.php?rest_route=%2Fwp%2Fv2%2Ftags&post=29977"}],"curies":[{"name":"wp","href":"https:\/\/api.w.org\/{rel}","templated":true}]}}