{"id":30077,"date":"2015-11-05T18:05:57","date_gmt":"2015-11-05T16:05:57","guid":{"rendered":"http:\/\/www.reunion68.se\/?p=30077"},"modified":"2015-11-04T10:51:43","modified_gmt":"2015-11-04T08:51:43","slug":"06-05","status":"publish","type":"post","link":"https:\/\/www.reunion68.se\/?p=30077","title":{"rendered":"Koncert z okazji 77. Rocznicy Nocy Kryszta\u0142owej"},"content":{"rendered":"<h5 style=\"text-align: center;\"><a href=\"http:\/\/www.tskz.pl\/in\" target=\"_blank\"><img decoding=\"async\" class=\"center alignleft\" src=\"http:\/\/www.reunion68.com\/Biuletyn\/img\/tskz.png\" alt=\"\" width=\"40%*\" \/><\/a><span style=\"text-decoration: underline; color: #000080;\"><strong><a style=\"color: #000080; text-decoration: underline;\" href=\"http:\/\/www.tskz.pl\/index.php\/aktualnoci\/192-koncert-z-okazji-77-rocznicy-nocy-krysztaowej\" target=\"_blank\">Koncert z okazji 77. Rocznicy Nocy Kryszta\u0142owej <\/a><\/strong><\/span><\/h5>\n<hr style=\"height: 15px; background: #d0e6fa; width: 710px;\" \/>\n<p><img decoding=\"async\" style=\"border: 0px currentColor; margin-right: 10px; margin-left: 10px; float: left;\" src=\"http:\/\/www.tskz.pl\/images\/stories\/hajduk_plakat.jpg\" alt=\"\" width=\"50%\" border=\"0\" \/><\/p>\n<p style=\"text-align: left;\"><span style=\"color: #333333;\"><strong>W zwi\u0105zku z przypadaj\u0105c\u0105 w tym roku 77. rocznic\u0105 Nocy Kryszta\u0142owej zapraszamy na koncert Katarzyny Hajduk &#8220;Muzyka niechciana &#8211; Muzyka Po\u017c\u0105dana&#8221;.<\/strong><\/span><\/p>\n<p style=\"text-align: left;\"><span style=\"color: #000080;\">Program sk\u0142ada si\u0119 z dzie\u0142 kompozytor\u00f3w, kt\u00f3rych muzyka uznana zosta\u0142a za muzyk\u0119 zwyrodnia\u0142\u0105 (&#8220;Entartete Musik&#8221;) przez nazistowsk\u0105 propagand\u0119 oraz zaprezentowana na wystawie zorganizowanej przez Hansa Zieglera w 1938r. w Dusseldorfie.<\/span><\/p>\n<p style=\"text-align: left;\"><strong><span style=\"color: #000080;\">Koncert odb\u0119dzie si\u0119 9 listopada 2015 r. (poniedzia\u0142ek) o godz. 18.00 w Austriackim Forum Kultury, ul. Pr\u00f3\u017cna 7\/9.<\/span><\/strong><\/p>\n<p style=\"text-align: left;\"><span style=\"color: #000080;\">Wst\u0119p wolny<\/span><\/p>\n<p style=\"text-align: left;\"><span style=\"color: #000080;\">Katarzyna Hajduk-Konieczna &#8211; uko\u0144czy\u0142a studia pianistyczne w klasie prof. Jerzego Romaniuka i as. Ramiro Sanijneza na Uniwersytecie Muzycznym Fryderyka Chopina w Warszawie, otrzymuj\u0105c w 2010r. dyplom z wyr\u00f3\u017cnieniem. W tym samym roku rozpocz\u0119\u0142a studia podyplomowe w Kr\u00f3lewskim Konserwatorium w Brukseli pod kierunkiem prof. Jana Michielsa, oraz r\u00f3wnolegle studia w zakresie wykonawstwa muzyki dawnej, w klasie fortepianu historycznego prof. Pieta Kuijkena oraz klawesynu &#8211; w klasie prof.Dominika Riepe i Sofie Vanherle. Bra\u0142a ponadto udzia\u0142 w licznych kursach mistrzowskich, pracuj\u0105c pod okiem takich wybitnych specjalist\u00f3w jak Katarzyna Popowa &#8211; Zydro\u0144, Andrzej Jasi\u0144ski, Pawe\u0142 Skrzypek, Andrzej Artykiewicz, Letizia Michielon i Fabio Grasso.<\/span><br \/>\n<span style=\"color: #000080;\"> W swoim dorobku artystycznym ma r\u00f3wnie\u017c wyst\u0119py solistyczne z orkiestr\u0105 Filharmonii \u015al\u0105skiej w Katowicach, Koninklijke Muziekkapel van de Gidsen oraz Brussels Brass Ensemble. Jako kameralistka, trwale wsp\u00f3\u0142pracuje z Tomaszem Koniecznym w ramach duetu fortepianowego &#8220;Conludium&#8221;. Mia\u0142a okazj\u0119 wyst\u0119powa\u0107 w wielu krajach Europy: w Polsce, w Niemczech, w Belgii oraz we W\u0142oszech. Jako pianistka &#8211; akompaniatorka regularnie uczestniczy w Beskidzkich Warsztatach Muzycznych w Rycerce G\u00f3rnej. Od 2012 Katarzyna Hajduk-Konieczna jest cz\u0142onkiem Polskiego Towarzystwa Muzyki Wsp\u00f3\u0142czesnej.<\/span><\/p>\n<hr style=\"height: 15px; background: #d0e6fa; width: 710px;\" \/>\n<div id=\"content\" class=\" content-alignment&lt;br \/&gt;&lt;br \/&gt; \">\n<div id=\"watch-description\" class=\"yt-uix-button-panel\">\n<div id=\"watch-description-text\">\n<p style=\"text-align: center;\"><span style=\"color: #808080;\"> twoje uwagi, linki, wlasne artykuly, lub wiadomosci przeslij do: <strong><span style=\"text-decoration: underline;\"><span style=\"color: #808080; text-decoration: underline;\"><a href=\"mailto:webmaster@reunion68.com\">webmaster@reunion68.com<\/a><\/span><\/span><\/strong><\/span><\/p>\n<\/div>\n<\/div>\n<\/div>\n<p>&nbsp;<\/p>\n<hr style=\"width: 710px;\" \/>\n","protected":false},"excerpt":{"rendered":"<p>Koncert z okazji 77. Rocznicy Nocy Kryszta\u0142owej W zwi\u0105zku z przypadaj\u0105c\u0105 w tym roku 77. rocznic\u0105 Nocy Kryszta\u0142owej zapraszamy na koncert Katarzyny Hajduk &#8220;Muzyka niechciana &#8211; Muzyka Po\u017c\u0105dana&#8221;. Program sk\u0142ada si\u0119 z dzie\u0142 kompozytor\u00f3w, kt\u00f3rych muzyka uznana zosta\u0142a za muzyk\u0119 zwyrodnia\u0142\u0105 (&#8220;Entartete Musik&#8221;) przez nazistowsk\u0105 propagand\u0119 oraz zaprezentowana na wystawie zorganizowanej przez Hansa Zieglera w [&hellip;]<\/p>\n","protected":false},"author":1,"featured_media":0,"comment_status":"closed","ping_status":"closed","sticky":false,"template":"","format":"standard","meta":[],"categories":[6],"tags":[26,24],"_links":{"self":[{"href":"https:\/\/www.reunion68.se\/index.php?rest_route=\/wp\/v2\/posts\/30077"}],"collection":[{"href":"https:\/\/www.reunion68.se\/index.php?rest_route=\/wp\/v2\/posts"}],"about":[{"href":"https:\/\/www.reunion68.se\/index.php?rest_route=\/wp\/v2\/types\/post"}],"author":[{"embeddable":true,"href":"https:\/\/www.reunion68.se\/index.php?rest_route=\/wp\/v2\/users\/1"}],"replies":[{"embeddable":true,"href":"https:\/\/www.reunion68.se\/index.php?rest_route=%2Fwp%2Fv2%2Fcomments&post=30077"}],"version-history":[{"count":14,"href":"https:\/\/www.reunion68.se\/index.php?rest_route=\/wp\/v2\/posts\/30077\/revisions"}],"predecessor-version":[{"id":30094,"href":"https:\/\/www.reunion68.se\/index.php?rest_route=\/wp\/v2\/posts\/30077\/revisions\/30094"}],"wp:attachment":[{"href":"https:\/\/www.reunion68.se\/index.php?rest_route=%2Fwp%2Fv2%2Fmedia&parent=30077"}],"wp:term":[{"taxonomy":"category","embeddable":true,"href":"https:\/\/www.reunion68.se\/index.php?rest_route=%2Fwp%2Fv2%2Fcategories&post=30077"},{"taxonomy":"post_tag","embeddable":true,"href":"https:\/\/www.reunion68.se\/index.php?rest_route=%2Fwp%2Fv2%2Ftags&post=30077"}],"curies":[{"name":"wp","href":"https:\/\/api.w.org\/{rel}","templated":true}]}}