{"id":3017,"date":"2014-07-14T17:57:02","date_gmt":"2014-07-14T15:57:02","guid":{"rendered":"http:\/\/www.reunion68.se\/?p=3017"},"modified":"2014-07-14T18:11:15","modified_gmt":"2014-07-14T16:11:15","slug":"pazinski-kiedy-izraelczycy-przestali-byc-ucisnieni","status":"publish","type":"post","link":"https:\/\/www.reunion68.se\/?p=3017","title":{"rendered":"Pazi\u0144ski: Kiedy Izraelczycy przestali by\u0107 uci\u015bnieni"},"content":{"rendered":"<p><a href=\"http:\/\/www.lewica24.pl\/\" target=\"_blank\"><img decoding=\"async\" class=\"alignleft\" src=\"http:\/\/www.reunion68.com\/Biuletyn\/img\/lewica24.png\" alt=\"\" \/><\/a><\/p>\n<h3 style=\"text-align: center;\"><span style=\"color: #000080; text-decoration: underline;\"><strong><a href=\"http:\/\/www.lewica24.pl\/wywiady\/4950-pazinski-kiedy-izraelczycy-przestali-byc-ucisnieni.html\" target=\"_blank\"><span style=\"color: #000080; text-decoration: underline;\">Pazi\u0144ski: Kiedy Izraelczycy przestali by\u0107 uci\u015bnieni<\/span><\/a><\/strong><\/span><\/h3>\n<p style=\"text-align: left;\"><img decoding=\"async\" loading=\"lazy\" class=\"alignright\" style=\"float: right;\" src=\"http:\/\/www.lewica24.pl\/images\/stories\/israel.jpg\" alt=\"Foto: Lewica24\" width=\"320\" height=\"227\" \/><\/p>\n<p>&nbsp;<\/p>\n<p style=\"text-align: left;\"><span style=\"color: #000080;\"><strong>Z dr. Piotrem Pazi\u0144skim, redaktorem naczelnym pisma \u201cMidrasz\u201d, rozmawia Tadeusz Markiewicz<\/strong><\/span><\/p>\n<p style=\"text-align: left;\"><span style=\"color: #000080;\"><strong>TM: Jest takie znane powiedzenie: \u201eJe\u017celi chodzi o Izrael, nie licz\u0105 si\u0119 fakty, licz\u0105 si\u0119 tylko emocje\u201d. Czy kiedy s\u0142uchasz polskich polityk\u00f3w, czy czytasz teksty w krajowej prasie, masz wra\u017cenie, \u017ce polska opinia publiczna ma problem z zachowaniem obiektywizmu wobec Pa\u0144stwa \u017bydowskiego?<\/strong><\/span><\/p>\n<p>&nbsp;<\/p>\n<p><span style=\"color: #000080;\">PP: Wszystkim si\u0119 wydaje, \u017ce si\u0119 znaj\u0105 na Izraelu. Nie ma tak, \u017ce wszyscy ludzie si\u0119 znaj\u0105 na Danii, Ekwadorze, czy Chinach, natomiast na Izraelu i sprawach \u017cydowskich zna si\u0119 ka\u017cdy, ka\u017cdy ma swoj\u0105 opini\u0119 i uwa\u017ca, \u017ce wie, co si\u0119 tam dzieje i ma najlepszy pomys\u0142 na rozwi\u0105zanie konfliktu bliskowschodniego.<\/span><\/p>\n<p><span style=\"color: #000080;\">Po drugie, konflikt izraelsko-palesty\u0144ski to jeden z najbardziej upolitycznionych konflikt\u00f3w na \u015bwiecie, nie tylko dlatego, \u017ce po prostu chodzi w nim o polityk\u0119, czy \u017ce to jest wa\u017cny region \u015bwiata itd., ale r\u00f3wnie\u017c z tego powodu, \u017ce pogl\u0105d na Izrael prawie zawsze wchodzi w sk\u0142ad jakiego\u015b pakietu politycznego. Niezale\u017cnie czy jeste\u015b prawic\u0105, lewic\u0105, czy centrum, to uwa\u017casz, \u017ce w ramach twojego pakietu politycznego mie\u015bci si\u0119 jaki\u015b pogl\u0105d na temat Izraela.<\/span><\/p>\n<p style=\"text-align: right;\"><span style=\"color: #000080;\">Czytaj dalej <span style=\"text-decoration: underline;\"><strong><a href=\"http:\/\/www.lewica24.pl\/wywiady\/4950-pazinski-kiedy-izraelczycy-przestali-byc-ucisnieni.html\" target=\"_blank\"><span style=\"color: #000080; text-decoration: underline;\">TU<\/span><\/a><\/strong><\/span><\/span><\/p>\n<hr \/>\n","protected":false},"excerpt":{"rendered":"<p>Pazi\u0144ski: Kiedy Izraelczycy przestali by\u0107 uci\u015bnieni &nbsp; Z dr. Piotrem Pazi\u0144skim, redaktorem naczelnym pisma \u201cMidrasz\u201d, rozmawia Tadeusz Markiewicz TM: Jest takie znane powiedzenie: \u201eJe\u017celi chodzi o Izrael, nie licz\u0105 si\u0119 fakty, licz\u0105 si\u0119 tylko emocje\u201d. Czy kiedy s\u0142uchasz polskich polityk\u00f3w, czy czytasz teksty w krajowej prasie, masz wra\u017cenie, \u017ce polska opinia publiczna ma problem z [&hellip;]<\/p>\n","protected":false},"author":1,"featured_media":0,"comment_status":"closed","ping_status":"closed","sticky":false,"template":"","format":"standard","meta":[],"categories":[4],"tags":[24],"_links":{"self":[{"href":"https:\/\/www.reunion68.se\/index.php?rest_route=\/wp\/v2\/posts\/3017"}],"collection":[{"href":"https:\/\/www.reunion68.se\/index.php?rest_route=\/wp\/v2\/posts"}],"about":[{"href":"https:\/\/www.reunion68.se\/index.php?rest_route=\/wp\/v2\/types\/post"}],"author":[{"embeddable":true,"href":"https:\/\/www.reunion68.se\/index.php?rest_route=\/wp\/v2\/users\/1"}],"replies":[{"embeddable":true,"href":"https:\/\/www.reunion68.se\/index.php?rest_route=%2Fwp%2Fv2%2Fcomments&post=3017"}],"version-history":[{"count":22,"href":"https:\/\/www.reunion68.se\/index.php?rest_route=\/wp\/v2\/posts\/3017\/revisions"}],"predecessor-version":[{"id":3039,"href":"https:\/\/www.reunion68.se\/index.php?rest_route=\/wp\/v2\/posts\/3017\/revisions\/3039"}],"wp:attachment":[{"href":"https:\/\/www.reunion68.se\/index.php?rest_route=%2Fwp%2Fv2%2Fmedia&parent=3017"}],"wp:term":[{"taxonomy":"category","embeddable":true,"href":"https:\/\/www.reunion68.se\/index.php?rest_route=%2Fwp%2Fv2%2Fcategories&post=3017"},{"taxonomy":"post_tag","embeddable":true,"href":"https:\/\/www.reunion68.se\/index.php?rest_route=%2Fwp%2Fv2%2Ftags&post=3017"}],"curies":[{"name":"wp","href":"https:\/\/api.w.org\/{rel}","templated":true}]}}