{"id":30202,"date":"2015-11-06T18:00:20","date_gmt":"2015-11-06T16:00:20","guid":{"rendered":"http:\/\/www.reunion68.se\/?p=30202"},"modified":"2015-11-06T10:41:15","modified_gmt":"2015-11-06T08:41:15","slug":"w-zoltych-plomieniach-lisci-slowa-agnieszka-osieckia-skaldowie","status":"publish","type":"post","link":"https:\/\/www.reunion68.se\/?p=30202","title":{"rendered":"W \u017c\u00f3\u0142tych p\u0142omieniach li\u015bci, s\u0142owa Agnieszka Osieckia  &#8211; Skaldowie"},"content":{"rendered":"<h5 style=\"text-align: center;\"><a href=\"https:\/\/www.youtube.com\/\" target=\"_blank\"><img decoding=\"async\" class=\"center alignleft\" src=\"http:\/\/www.reunion68.com\/Biuletyn\/img\/youtube.png\" alt=\"\" width=\"15%\" \/><\/a><span style=\"text-decoration: underline; color: #000080;\"><strong><a style=\"color: #000080; text-decoration: underline;\" href=\"https:\/\/www.youtube.com\/embed\/QgsnSFFgPS8\" target=\"_blank\">\u201eW \u017c\u00f3\u0142tych p\u0142omieniach li\u015bci\u201d<\/a><\/strong><\/span><\/h5>\n<p style=\"text-align: center;\"><strong><span style=\"color: #808080;\"><em>1970 \u2013 nagroda dziennikarzy za piosenk\u0119 &#8220;W \u017c\u00f3\u0142tych p\u0142omieniach li\u015bci&#8221; (A. Zieli\u0144ski \u2013 A. Osiecka) na VIII KFPP w Opolu.<\/em><\/span><\/strong><\/p>\n<hr style=\"height: 15px; background: #d0e6fa; width: 710px;\" \/>\n<div id=\"content\" class=\" content-alignment&lt;br \/&gt;&lt;br \/&gt; \">\n<div id=\"watch-description\" class=\"yt-uix-button-panel\">\n<div id=\"watch-description-text\"><iframe loading=\"lazy\" src=\"https:\/\/www.youtube.com\/embed\/QgsnSFFgPS8\" width=\"680\" height=\"400\" frameborder=\"0\" allowfullscreen=\"allowfullscreen\"><\/iframe><\/div>\n<\/div>\n<\/div>\n<p>&nbsp;<\/p>\n<p style=\"padding-left: 120px;\"><span style=\"text-decoration: underline;\"><em><span style=\"color: #000080;\"><strong>&#8220;W \u017c\u00f3\u0142tych p\u0142omieniach li\u015bci&#8221;<\/strong><\/span><\/em><\/span><br \/>\n<em> <span style=\"color: #000080;\">s\u0142owa: <strong>Agnieszka Osieckia<\/strong><\/span><\/em><br \/>\n<em><span style=\"color: #000080;\">muzyka:\u00a0Andrzej Zieli\u0144ski,<br \/>\nwykonanie: <strong>\u0141ucja Prus<\/strong> wraz z zespo\u0142em <strong>Skaldowie<\/strong><br \/>\n<\/span><\/em><\/p>\n<p style=\"text-align: left; padding-left: 120px;\"><span style=\"color: #000080;\"><em>W \u017c\u00f3\u0142tych p\u0142omieniach li\u015bci brzoza dopala si\u0119 \u015blicznie<\/em><\/span><br \/>\n<span style=\"color: #000080;\"><em> Grudzie\u0144 ucieka za grudniem, stycze\u0144 mi stuka za styczniem<\/em><\/span><br \/>\n<span style=\"color: #000080;\"><em> W\u015br\u00f3d ptak\u00f3w wielkie poruszenie, ci odlatuj\u0105, ci zostaj\u0105<\/em><\/span><br \/>\n<span style=\"color: #000080;\"><em> Na \u0142\u0105ce stoj\u0105 jak na scenie, czy te\u017c prze\u017cyj\u0105, czy dotrwaj\u0105<\/em><\/span><\/p>\n<p style=\"padding-left: 120px;\"><span style=\"color: #000080;\"><em>I ja \u017cegna\u0142am nieraz kogo i powraca\u0142am ju\u017c nie taka<\/em><\/span><br \/>\n<span style=\"color: #000080;\"><em> Cho\u0107 na mej r\u0119ce l\u015bni\u0142a srogo obr\u0105czka srebrna jak u ptaka<\/em><\/span><br \/>\n<span style=\"color: #000080;\"><em> I ja \u017cegna\u0142am nieraz kogo, za chmur\u0105, za g\u00f3r\u0105, za drog\u0105<\/em><\/span><br \/>\n<span style=\"color: #000080;\"><em> I ja \u017cegna\u0142am nieraz kogo, i ja \u017cegna\u0142am nieraz<\/em><\/span><\/p>\n<p style=\"padding-left: 120px;\"><span style=\"color: #000080;\"><em>G\u0119si ju\u017c wszystkie po wyroku, nie doczekaj\u0105 si\u0119 kol\u0119dy<\/em><\/span><br \/>\n<span style=\"color: #000080;\"><em> Uci\u0119te g\u0142owy ze \u0142z\u0105 w oku zwi\u0119dn\u0105 jak kwiaty, kt\u00f3re zwi\u0119d\u0142y<\/em><\/span><br \/>\n<span style=\"color: #000080;\"><em> Dzi\u015b jeszcze g\u0119si krocz\u0105 dumnie w ostatnim sennym kontredansie<\/em><\/span><br \/>\n<span style=\"color: #000080;\"><em> Jak t\u0142uste ksi\u0119\u017cne, kt\u00f3re dumnie wita\u0142y przewr\u00f3t, kiedy sta\u0142 si\u0119<\/em><\/span><\/p>\n<p style=\"padding-left: 120px;\"><span style=\"color: #000080;\"><em>I ja wita\u0142am nieraz kogo, chocia\u017c pali\u0142y wstydem skronie<\/em><\/span><br \/>\n<span style=\"color: #000080;\"><em> I powierza\u0142am Panu Bogu to, co w pami\u0119ci jeszcze p\u0142onie<\/em><\/span><br \/>\n<span style=\"color: #000080;\"><em> I ja wita\u0142am nieraz kogo, za chmur\u0105, za g\u00f3r\u0105, za drog\u0105<\/em><\/span><br \/>\n<span style=\"color: #000080;\"><em> I ja wita\u0142am nieraz kogo i ja wita\u0142am nieraz<\/em><\/span><\/p>\n<p style=\"padding-left: 120px;\"><span style=\"color: #000080;\"><em>Ognisko pal\u0105 na polanie, w nim liszka przez pomy\u0142k\u0119 gore<\/em><\/span><br \/>\n<span style=\"color: #000080;\"><em> A razem z liszk\u0105, drogi Panie, me serce biedne, ci\u0119\u017cko chore<\/em><\/span><br \/>\n<span style=\"color: #000080;\"><em> Lecz nie rozczulaj si\u0119 nad sercem, na c\u00f3\u017c mi kwiaty, pomara\u0144cze<\/em><\/span><br \/>\n<span style=\"color: #000080;\"><em> Ja jeszcze z wiosn\u0105 si\u0119 rozkr\u0119c\u0119, ja jeszcze z wiosn\u0105 si\u0119 rozta\u0144cz\u0119<\/em><\/span><\/p>\n<p style=\"padding-left: 120px;\"><span style=\"color: #000080;\"><em>I ja \u017cegna\u0142am nieraz kogo i powraca\u0142am ju\u017c nie taka<\/em><\/span><br \/>\n<span style=\"color: #000080;\"><em> Cho\u0107 na mej r\u0119ce l\u015bni\u0142a srogo obr\u0105czka srebrna jak u ptaka<\/em><\/span><br \/>\n<span style=\"color: #000080;\"><em> I ja \u017cegna\u0142am nieraz kogo, za chmur\u0105, za g\u00f3r\u0105, za drog\u0105<\/em><\/span><br \/>\n<span style=\"color: #000080;\"><em> I ja \u017cegna\u0142am nieraz kogo, i ja \u017cegna\u0142am nieraz<\/em><\/span><\/p>\n<hr style=\"height: 15px; background: #d0e6fa; width: 710px;\" \/>\n<div id=\"content\" class=\" content-alignment&lt;br \/&gt;&lt;br \/&gt; \">\n<div id=\"watch-description\" class=\"yt-uix-button-panel\">\n<div id=\"watch-description-text\">\n<p style=\"text-align: center;\"><span style=\"color: #808080;\"> twoje uwagi, linki, wlasne artykuly, lub wiadomosci przeslij do: <strong><span style=\"text-decoration: underline;\"><span style=\"color: #808080; text-decoration: underline;\"><a href=\"mailto:webmaster@reunion68.com\">webmaster@reunion68.com<\/a><\/span><\/span><\/strong><\/span><\/p>\n<\/div>\n<\/div>\n<\/div>\n<p>&nbsp;<\/p>\n<hr style=\"width: 710px;\" \/>\n","protected":false},"excerpt":{"rendered":"<p>\u201eW \u017c\u00f3\u0142tych p\u0142omieniach li\u015bci\u201d 1970 \u2013 nagroda dziennikarzy za piosenk\u0119 &#8220;W \u017c\u00f3\u0142tych p\u0142omieniach li\u015bci&#8221; (A. Zieli\u0144ski \u2013 A. Osiecka) na VIII KFPP w Opolu. &nbsp; &#8220;W \u017c\u00f3\u0142tych p\u0142omieniach li\u015bci&#8221; s\u0142owa: Agnieszka Osieckia muzyka:\u00a0Andrzej Zieli\u0144ski, wykonanie: \u0141ucja Prus wraz z zespo\u0142em Skaldowie W \u017c\u00f3\u0142tych p\u0142omieniach li\u015bci brzoza dopala si\u0119 \u015blicznie Grudzie\u0144 ucieka za grudniem, stycze\u0144 mi [&hellip;]<\/p>\n","protected":false},"author":1,"featured_media":0,"comment_status":"closed","ping_status":"closed","sticky":false,"template":"","format":"standard","meta":[],"categories":[1],"tags":[26,24],"_links":{"self":[{"href":"https:\/\/www.reunion68.se\/index.php?rest_route=\/wp\/v2\/posts\/30202"}],"collection":[{"href":"https:\/\/www.reunion68.se\/index.php?rest_route=\/wp\/v2\/posts"}],"about":[{"href":"https:\/\/www.reunion68.se\/index.php?rest_route=\/wp\/v2\/types\/post"}],"author":[{"embeddable":true,"href":"https:\/\/www.reunion68.se\/index.php?rest_route=\/wp\/v2\/users\/1"}],"replies":[{"embeddable":true,"href":"https:\/\/www.reunion68.se\/index.php?rest_route=%2Fwp%2Fv2%2Fcomments&post=30202"}],"version-history":[{"count":23,"href":"https:\/\/www.reunion68.se\/index.php?rest_route=\/wp\/v2\/posts\/30202\/revisions"}],"predecessor-version":[{"id":30224,"href":"https:\/\/www.reunion68.se\/index.php?rest_route=\/wp\/v2\/posts\/30202\/revisions\/30224"}],"wp:attachment":[{"href":"https:\/\/www.reunion68.se\/index.php?rest_route=%2Fwp%2Fv2%2Fmedia&parent=30202"}],"wp:term":[{"taxonomy":"category","embeddable":true,"href":"https:\/\/www.reunion68.se\/index.php?rest_route=%2Fwp%2Fv2%2Fcategories&post=30202"},{"taxonomy":"post_tag","embeddable":true,"href":"https:\/\/www.reunion68.se\/index.php?rest_route=%2Fwp%2Fv2%2Ftags&post=30202"}],"curies":[{"name":"wp","href":"https:\/\/api.w.org\/{rel}","templated":true}]}}