{"id":3055,"date":"2014-07-24T06:49:21","date_gmt":"2014-07-24T04:49:21","guid":{"rendered":"http:\/\/www.reunion68.se\/?p=3055"},"modified":"2014-08-03T06:45:26","modified_gmt":"2014-08-03T04:45:26","slug":"stowarzyszenie-drugie-pokolenie-zawiadamia","status":"publish","type":"post","link":"https:\/\/www.reunion68.se\/?p=3055","title":{"rendered":"Stowarzyszenie Drugie Pokolenie zawiadamia"},"content":{"rendered":"<p><a href=\"http:\/\/drugiepokolenie.org.pl\/\" target=\"_blank\"><img decoding=\"async\" class=\"aligncenter\" src=\"http:\/\/drugiepokolenie.org.pl\/wp-content\/themes\/stowarzyszeniedrugiepokolenie\/img\/top.png\" alt=\"\" width=\"700\" \/><\/a><\/p>\n<p><span style=\"color: #000080;\">Drodzy,<\/span><br \/>\n<span style=\"color: #000080;\"> Halina Birenbaum przylecia\u0142a wczoraj na kilka dni z Izraela i zaprasza nas:<\/span><\/p>\n<p><span style=\"color: #000080;\">\u00a0&#8211; 2- 6 lipca sobota godz. 17.00 na spotkanie na Umschlagplatz<\/span><br \/>\n<span style=\"color: #000080;\"> &#8211; 27 lipca niedziela godz. 16.00 spotkanie w Treblince<\/span><\/p>\n<p><span style=\"color: #000080;\">Poza tym zarezerwujcie czas:<\/span><\/p>\n<p><span style=\"color: #000080;\">&#8211; 16 sierpnia sobota godz. 18.00 d. Synagoga w Kazimierzu Dolnym nad Wis\u0142\u0105, Drugie Pokolenie organizuje koncert pie\u015bni cyga\u0144skich Teresy Mirgi z Czarnej G\u00f3ry; 6 sierpnia w godz. 16.00-19.00 b\u0119dziemy sprzedawa\u0107 \u201ecegie\u0142ki\u201d w warszawskiej Synagodze; wi\u0119cej w za\u0142\u0105czniku<\/span><\/p>\n<p><span style=\"color: #000080;\">\u00a0&#8211; 23 sierpnia sobota godz. 14.00 Drugie Pokolenie na Festiwalu Singera<\/span><\/p>\n<p><span style=\"color: #000080;\">\u00a0&#8211; 30 sierpnia sobota godz. 16.30 Drugie Pokolenie w Muzeum Historii \u017byd\u00f3w Polskich, w programie zwiedzanie fragmentu wystawy g\u0142\u00f3wnej<\/span><\/p>\n<p><span style=\"color: #000080;\">\u00a0&#8211; 14 wrze\u015bnia niedziela, godz. 16.00 Drugie Pokolenie urz\u0105dzi komu\u015b urodziny\u2026..<\/span><\/p>\n<p><span style=\"color: #000080;\">szczeg\u00f3\u0142y wkr\u00f3tce<\/span><\/p>\n<p style=\"text-align: right;\"><span style=\"color: #000080;\">Pozdrawiam<\/span><br \/>\n<span style=\"color: #000080;\"> w pi\u0119kn\u0105 letni\u0105 noc,<\/span><br \/>\n<span style=\"color: #000080;\"> a wszystkim obecnym wczoraj na Umschlagplatz bardzo dzi\u0119kuj\u0119!<\/span><\/p>\n<p style=\"text-align: right;\"><span style=\"color: #000080;\">Ela Magenheim<\/span><\/p>\n<object class=\"vanilla-pdf-embed\" data=\"http:\/\/www.reunion68.com\/Biuletyn\/%20Plakat_bialy.pdf?attachment_id=1#page=1&view=FitH\" type=\"application\/pdf\" width=\"700px\" height=\"950em\">\n    <p><a href=\"http:\/\/www.reunion68.com\/Biuletyn\/%20Plakat_bialy.pdf?attachment_id=1\">Download the PDF file .<\/a><\/p>\n<\/object>\n<hr \/>\n","protected":false},"excerpt":{"rendered":"<p>Drodzy, Halina Birenbaum przylecia\u0142a wczoraj na kilka dni z Izraela i zaprasza nas: \u00a0&#8211; 2- 6 lipca sobota godz. 17.00 na spotkanie na Umschlagplatz &#8211; 27 lipca niedziela godz. 16.00 spotkanie w Treblince Poza tym zarezerwujcie czas: &#8211; 16 sierpnia sobota godz. 18.00 d. Synagoga w Kazimierzu Dolnym nad Wis\u0142\u0105, Drugie Pokolenie organizuje koncert pie\u015bni [&hellip;]<\/p>\n","protected":false},"author":1,"featured_media":0,"comment_status":"closed","ping_status":"closed","sticky":false,"template":"","format":"standard","meta":[],"categories":[4],"tags":[24],"_links":{"self":[{"href":"https:\/\/www.reunion68.se\/index.php?rest_route=\/wp\/v2\/posts\/3055"}],"collection":[{"href":"https:\/\/www.reunion68.se\/index.php?rest_route=\/wp\/v2\/posts"}],"about":[{"href":"https:\/\/www.reunion68.se\/index.php?rest_route=\/wp\/v2\/types\/post"}],"author":[{"embeddable":true,"href":"https:\/\/www.reunion68.se\/index.php?rest_route=\/wp\/v2\/users\/1"}],"replies":[{"embeddable":true,"href":"https:\/\/www.reunion68.se\/index.php?rest_route=%2Fwp%2Fv2%2Fcomments&post=3055"}],"version-history":[{"count":10,"href":"https:\/\/www.reunion68.se\/index.php?rest_route=\/wp\/v2\/posts\/3055\/revisions"}],"predecessor-version":[{"id":3060,"href":"https:\/\/www.reunion68.se\/index.php?rest_route=\/wp\/v2\/posts\/3055\/revisions\/3060"}],"wp:attachment":[{"href":"https:\/\/www.reunion68.se\/index.php?rest_route=%2Fwp%2Fv2%2Fmedia&parent=3055"}],"wp:term":[{"taxonomy":"category","embeddable":true,"href":"https:\/\/www.reunion68.se\/index.php?rest_route=%2Fwp%2Fv2%2Fcategories&post=3055"},{"taxonomy":"post_tag","embeddable":true,"href":"https:\/\/www.reunion68.se\/index.php?rest_route=%2Fwp%2Fv2%2Ftags&post=3055"}],"curies":[{"name":"wp","href":"https:\/\/api.w.org\/{rel}","templated":true}]}}