{"id":3074,"date":"2014-07-26T08:04:04","date_gmt":"2014-07-26T06:04:04","guid":{"rendered":"http:\/\/www.reunion68.se\/?p=3074"},"modified":"2014-07-26T08:32:21","modified_gmt":"2014-07-26T06:32:21","slug":"dwie-demonstracje-pod-ambasada-izraela-bylo-glosno","status":"publish","type":"post","link":"https:\/\/www.reunion68.se\/?p=3074","title":{"rendered":"Dwie demonstracje pod ambasad\u0105 Izraela. By\u0142o g\u0142o\u015bno"},"content":{"rendered":"<p><a href=\"http:\/\/warszawa.gazeta.pl\/\" target=\"_blank\"><img decoding=\"async\" class=\"alignleft\" src=\"http:\/\/www.reunion68.com\/Biuletyn\/img\/wyborcza-s.png\" alt=\"\" \/><\/a><\/p>\n<p><span style=\"color: #000080;\">Pod budynkiem ambasady Izraela przy ulicy Krzywickiego na Ochocie, po dw\u00f3ch stronach jezdni, odby\u0142y si\u0119 w pi\u0105tkowe popo\u0142udnie g\u0142o\u015bne demonstracje pro- i antyizraelskie. Tu\u017c pod budynkiem plac\u00f3wki polityk\u0119 w\u0142adz Izraela wspiera\u0142o kilkudziesi\u0119ciu Izraelczyk\u00f3w z flagami swojego pa\u0144stwa. W kierunku stoj\u0105cych po drugiej stronie ulicy Palesty\u0144czyk\u00f3w g\u0142o\u015bno krzyczeli: &#8220;Tylko z\u0142amas wspiera Hamas&#8221; lub &#8220;Szkoda czasu dla Hamasu&#8221;. Palesty\u0144czycy nie pozostawali d\u0142u\u017cni. Skandowali po angielsku m.in. &#8220;Free Palestine&#8221;, czyli Wolna Palestyna. Wi\u0119kszo\u015b\u0107 demonstruj\u0105cych przeciw Izraelowi to poza Palesty\u0144czykami tak\u017ce Arabowie z innych pa\u0144stw Bliskiego Wschodu i p\u00f3\u0142nocnej Afryki, a tak\u017ce Ira\u0144czycy. Wielu z nich mia\u0142o na g\u0142owach arafatki i flagi Palestyny. Jedni i drudzy krzyczeli w stron\u0119 przeciwnik\u00f3w &#8220;mordercy&#8221;. W\u015br\u00f3d obu grup wida\u0107 te\u017c by\u0142o Polak\u00f3w.<\/span><\/p>\n<p style=\"text-align: left;\"><span style=\"color: #000080;\">Demonstrant\u00f3w rozdziela\u0142 kordon policji. Ulica Krzywickiego przez ponad godzin\u0119 by\u0142a wy\u0142\u0105czona z ruchu. Na szcz\u0119\u015bcie nie dosz\u0142o do \u017cadnych incydent\u00f3w.<\/span><br \/>\n<span style=\"color: #000080;\"><img decoding=\"async\" src=\"http:\/\/bi.gazeta.pl\/im\/ce\/f3\/f9\/z16380878Q,Demonstarcja-pro-i-antyizraelska-w-Warszawie.jpg\" alt=\"\" width=\"700\" \/><\/span><\/p>\n<p style=\"text-align: right;\"><span style=\"color: #000080;\">Wiecej znajdziesz<span style=\"text-decoration: underline;\"><strong> <a href=\"http:\/\/warszawa.gazeta.pl\/warszawa\/1,34889,16380843.html\" target=\"_blank\"><span style=\"color: #000080; text-decoration: underline;\">TU<\/span><\/a><\/strong><\/span><\/span><\/p>\n<hr \/>\n","protected":false},"excerpt":{"rendered":"<p>Pod budynkiem ambasady Izraela przy ulicy Krzywickiego na Ochocie, po dw\u00f3ch stronach jezdni, odby\u0142y si\u0119 w pi\u0105tkowe popo\u0142udnie g\u0142o\u015bne demonstracje pro- i antyizraelskie. Tu\u017c pod budynkiem plac\u00f3wki polityk\u0119 w\u0142adz Izraela wspiera\u0142o kilkudziesi\u0119ciu Izraelczyk\u00f3w z flagami swojego pa\u0144stwa. W kierunku stoj\u0105cych po drugiej stronie ulicy Palesty\u0144czyk\u00f3w g\u0142o\u015bno krzyczeli: &#8220;Tylko z\u0142amas wspiera Hamas&#8221; lub &#8220;Szkoda czasu dla [&hellip;]<\/p>\n","protected":false},"author":1,"featured_media":0,"comment_status":"closed","ping_status":"closed","sticky":false,"template":"","format":"standard","meta":[],"categories":[4],"tags":[24],"_links":{"self":[{"href":"https:\/\/www.reunion68.se\/index.php?rest_route=\/wp\/v2\/posts\/3074"}],"collection":[{"href":"https:\/\/www.reunion68.se\/index.php?rest_route=\/wp\/v2\/posts"}],"about":[{"href":"https:\/\/www.reunion68.se\/index.php?rest_route=\/wp\/v2\/types\/post"}],"author":[{"embeddable":true,"href":"https:\/\/www.reunion68.se\/index.php?rest_route=\/wp\/v2\/users\/1"}],"replies":[{"embeddable":true,"href":"https:\/\/www.reunion68.se\/index.php?rest_route=%2Fwp%2Fv2%2Fcomments&post=3074"}],"version-history":[{"count":11,"href":"https:\/\/www.reunion68.se\/index.php?rest_route=\/wp\/v2\/posts\/3074\/revisions"}],"predecessor-version":[{"id":3098,"href":"https:\/\/www.reunion68.se\/index.php?rest_route=\/wp\/v2\/posts\/3074\/revisions\/3098"}],"wp:attachment":[{"href":"https:\/\/www.reunion68.se\/index.php?rest_route=%2Fwp%2Fv2%2Fmedia&parent=3074"}],"wp:term":[{"taxonomy":"category","embeddable":true,"href":"https:\/\/www.reunion68.se\/index.php?rest_route=%2Fwp%2Fv2%2Fcategories&post=3074"},{"taxonomy":"post_tag","embeddable":true,"href":"https:\/\/www.reunion68.se\/index.php?rest_route=%2Fwp%2Fv2%2Ftags&post=3074"}],"curies":[{"name":"wp","href":"https:\/\/api.w.org\/{rel}","templated":true}]}}