{"id":3106,"date":"2014-07-27T00:06:33","date_gmt":"2014-07-26T22:06:33","guid":{"rendered":"http:\/\/www.reunion68.se\/?p=3106"},"modified":"2014-07-26T09:11:16","modified_gmt":"2014-07-26T07:11:16","slug":"pogrom-do-ktorego-nie-doszlo","status":"publish","type":"post","link":"https:\/\/www.reunion68.se\/?p=3106","title":{"rendered":"Pogrom do kt\u00f3rego nie dosz\u0142o"},"content":{"rendered":"<h3 style=\"text-align: center;\"><span style=\"color: #000080; text-decoration: underline;\"><strong><a href=\"http:\/\/podkarpackahistoria.manifo.com\/pogrom\" target=\"_blank\">Pogrom do kt\u00f3rego nie dosz\u0142o<\/a><\/strong><\/span><\/h3>\n<h3 style=\"text-align: center;\"><img decoding=\"async\" class=\"alignright\" src=\"http:\/\/s2.manifo.com\/usr\/3\/388E6\/a3\/img\/bbbronislawa-mendon.jpg\" alt=\"\" \/><\/h3>\n<p style=\"text-align: left;\"><span style=\"color: #000080;\">12 czerwca 1945 roku &#8221;Dziennik Rzeszowski&#8221; doni\u00f3s\u0142 na pierwszej stronie o znalezieniu w jednej z kamienic zmasakrowanych zw\u0142ok 9-letniej Bronis\u0142awy Mendo\u0144. Tego samego dnia, od 6 rano w budynku przy ul. Tannenbauma 12 (dzisiaj Okrzei), gdzie znaleziono odarte ze sk\u00f3ry cia\u0142o, trwa\u0142a rewizja prowadzona przez funkcjonariuszy Milicji Obywatelskiej. Wok\u00f3\u0142 gromadzi\u0142 si\u0119 t\u0142um rzeszowian, pomstuj\u0105cych na mieszkaj\u0105cych tu \u017byd\u00f3w.<\/span><\/p>\n<p style=\"text-align: left;\">[&#8230;.]<\/p>\n<p style=\"text-align: left;\"><span style=\"color: #000080;\"><strong>Sprawa do dzisiaj niewyja\u015bniona<\/strong><\/span><\/p>\n<p style=\"text-align: right;\"><span style=\"color: #000080;\">&#8211; Tego, co si\u0119 wydarzy\u0142o w Rzeszowie, nie nale\u017cy okre\u015bla\u0107 jako pogrom. To by\u0142y rozruchy anty\u017cydowskie, ale na szcz\u0119\u015bcie niepor\u00f3wnywalne z p\u00f3\u017aniejszymi wydarzeniami w Krakowie czy Kielcach, gdzie dosz\u0142o do mord\u00f3w &#8211; t\u0142umaczy prof. Wac\u0142aw Wierzbieniec. Zreszt\u0105 nawet prof. Jan Gross w swym &#8221;Strachu&#8221; rozdzia\u0142 po\u015bwi\u0119cony wydarzeniom rzeszowskim zatytu\u0142owa\u0142 &#8221;Pogrom, kt\u00f3rego nie by\u0142o&#8221;.<\/span><br \/>\n<span style=\"color: #000080;\">Czytaj wiecej <strong><a href=\"http:\/\/podkarpackahistoria.manifo.com\/pogrom\" target=\"_blank\"><span style=\"color: #000080;\">TU<\/span><\/a><\/strong><\/span><\/p>\n<p>&nbsp;<\/p>\n<hr \/>\n","protected":false},"excerpt":{"rendered":"<p>Pogrom do kt\u00f3rego nie dosz\u0142o 12 czerwca 1945 roku &#8221;Dziennik Rzeszowski&#8221; doni\u00f3s\u0142 na pierwszej stronie o znalezieniu w jednej z kamienic zmasakrowanych zw\u0142ok 9-letniej Bronis\u0142awy Mendo\u0144. Tego samego dnia, od 6 rano w budynku przy ul. Tannenbauma 12 (dzisiaj Okrzei), gdzie znaleziono odarte ze sk\u00f3ry cia\u0142o, trwa\u0142a rewizja prowadzona przez funkcjonariuszy Milicji Obywatelskiej. Wok\u00f3\u0142 gromadzi\u0142 [&hellip;]<\/p>\n","protected":false},"author":1,"featured_media":0,"comment_status":"closed","ping_status":"closed","sticky":false,"template":"","format":"standard","meta":[],"categories":[4],"tags":[24],"_links":{"self":[{"href":"https:\/\/www.reunion68.se\/index.php?rest_route=\/wp\/v2\/posts\/3106"}],"collection":[{"href":"https:\/\/www.reunion68.se\/index.php?rest_route=\/wp\/v2\/posts"}],"about":[{"href":"https:\/\/www.reunion68.se\/index.php?rest_route=\/wp\/v2\/types\/post"}],"author":[{"embeddable":true,"href":"https:\/\/www.reunion68.se\/index.php?rest_route=\/wp\/v2\/users\/1"}],"replies":[{"embeddable":true,"href":"https:\/\/www.reunion68.se\/index.php?rest_route=%2Fwp%2Fv2%2Fcomments&post=3106"}],"version-history":[{"count":8,"href":"https:\/\/www.reunion68.se\/index.php?rest_route=\/wp\/v2\/posts\/3106\/revisions"}],"predecessor-version":[{"id":3109,"href":"https:\/\/www.reunion68.se\/index.php?rest_route=\/wp\/v2\/posts\/3106\/revisions\/3109"}],"wp:attachment":[{"href":"https:\/\/www.reunion68.se\/index.php?rest_route=%2Fwp%2Fv2%2Fmedia&parent=3106"}],"wp:term":[{"taxonomy":"category","embeddable":true,"href":"https:\/\/www.reunion68.se\/index.php?rest_route=%2Fwp%2Fv2%2Fcategories&post=3106"},{"taxonomy":"post_tag","embeddable":true,"href":"https:\/\/www.reunion68.se\/index.php?rest_route=%2Fwp%2Fv2%2Ftags&post=3106"}],"curies":[{"name":"wp","href":"https:\/\/api.w.org\/{rel}","templated":true}]}}