{"id":31233,"date":"2015-11-27T18:05:01","date_gmt":"2015-11-27T16:05:01","guid":{"rendered":"http:\/\/www.reunion68.se\/?p=31233"},"modified":"2015-11-27T10:26:46","modified_gmt":"2015-11-27T08:26:46","slug":"31233","status":"publish","type":"post","link":"https:\/\/www.reunion68.se\/?p=31233","title":{"rendered":"Symbole wr\u00f3ci\u0142y"},"content":{"rendered":"<h5 style=\"text-align: center;\"><a href=\"https:\/\/www.tygodnikpowszechny.pl\/\" target=\"_blank\"><img decoding=\"async\" class=\"center alignleft\" src=\"http:\/\/www.reunion68.com\/Biuletyn\/img\/powszechny.png\" alt=\"\" width=\"20%\" \/><\/a><span style=\"text-decoration: underline; color: #000080;\"><span style=\"text-decoration: underline;\"><strong><a style=\"color: #000080; text-decoration: underline;\" href=\"https:\/\/www.tygodnikpowszechny.pl\/symbole-wrocily-31374\" target=\"_blank\">Symbole wr\u00f3ci\u0142y<\/a><\/strong><\/span><\/span><\/h5>\n<p style=\"text-align: center;\"><span style=\"color: #000000;\"><strong>Paula Sawicka, Marcin \u017by\u0142a, Anna Goc<\/strong><\/span><\/p>\n<hr style=\"height: 15px; background: #d0e6fa; width: 710px;\" \/>\n<p style=\"text-align: center;\"><span style=\"color: #333333;\"><em><strong>Paula Sawicka: Polska jest krajem bez \u017byd\u00f3w, a antysemityzm ma si\u0119 \u015bwietnie. Widzia\u0142am cz\u0142owieka, kt\u00f3ry wyszed\u0142 z radioterapii. I cho\u0107 ledwo si\u0119 porusza\u0142, m\u00f3wi\u0142 jeszcze: \u201eA s\u0142yszeli\u015bcie tego \u017byda w telewizji, co on wygadywa\u0142?\u201d.<\/strong><\/em><\/span><br \/>\n<img decoding=\"async\" class=\"aligncenter\" src=\"https:\/\/www.tygodnikpowszechny.pl\/files\/styles\/660x420\/public\/1548-temat-sawicka.jpg?itok=Oa7vacb4\" alt=\"\" width=\"95%\" \/><\/p>\n<p style=\"text-align: left;\"><strong>MARCIN \u017bY\u0141A, ANNA GOC:<\/strong> <strong>By\u0142a Pani na Marszu Niepodleg\u0142o\u015bci?<\/strong><\/p>\n<p style=\"text-align: left;\"><span style=\"color: #000080;\"><strong>PAULA SAWICKA:<\/strong> Nie. I od pocz\u0105tku istnienia tych marsz\u00f3w upominam si\u0119, by nie nazywa\u0107 ich marszami niepodleg\u0142o\u015bci. Marek Edelman przestrzega\u0142: \u201ePozwalamy, \u017ceby na ulicach miast demokratycznych kraj\u00f3w, w imi\u0119 swob\u00f3d demokratycznych, odbywa\u0142y si\u0119 parady nienawi\u015bci i nietolerancji. (&#8230;) demokracja nie polega na przyzwoleniu na z\u0142o, nawet najmniejsze, bo ono mo\u017ce nie wiadomo kiedy urosn\u0105\u0107\u201d. W tym roku miasto odm\u00f3wi\u0142o im prawa do marszu \u2013 da\u0142 je wojewoda. Za tak\u0105 decyzj\u0105 stoi strach, \u017ce je\u015bli organizatorzy spotkaj\u0105 si\u0119 ze sprzeciwem, to w mie\u015bcie b\u0119d\u0105 burdy, awantury i podpalenia. Prawdopodobnie strach przed przemoc\u0105 powstrzymywa\u0142 18 listopada wroc\u0142awsk\u0105 policj\u0119 przed rozwi\u0105zaniem demonstracji, kt\u00f3rej uczestnicy \u0142amali prawo.<\/span><\/p>\n<p style=\"text-align: center;\"><span style=\"color: #000080;\">Czytaj dalej albo zciagnij tu:<\/span> <a href=\"http:\/\/www.reunion68.com\/Biuletyn\/img\/Yerushalmi\/Sawicka.pdf\" target=\"_blank\"><img decoding=\"async\" src=\"http:\/\/www.reunion68.com\/Biuletyn\/img\/pdf-1.png\" alt=\"\" \/><span style=\"text-decoration: underline; color: #000080;\"><strong>Symbole wr\u00f3ci\u0142y<\/strong><\/span><\/a><\/p>\n<object class=\"vanilla-pdf-embed\" data=\"http:\/\/www.reunion68.com\/Biuletyn\/img\/Yerushalmi\/Sawicka.pdf#page=1&view=FitH\" type=\"application\/pdf\" width=\"700px\" height=\"950em\">\n    <p><a href=\"http:\/\/www.reunion68.com\/Biuletyn\/img\/Yerushalmi\/Sawicka.pdf\">Download the PDF file .<\/a><\/p>\n<\/object>\n<hr style=\"height: 15px; background: #d0e6fa; width: 710px;\" \/>\n<div id=\"content\" class=\" content-alignment&lt;br \/&gt;&lt;br \/&gt; \">\n<div id=\"watch-description\" class=\"yt-uix-button-panel\">\n<div id=\"watch-description-text\">\n<p style=\"text-align: center;\"><span style=\"color: #808080;\"> twoje uwagi, linki, wlasne artykuly, lub wiadomosci przeslij do: <strong><span style=\"text-decoration: underline;\"><span style=\"color: #808080; text-decoration: underline;\"><a href=\"mailto:webmaster@reunion68.com\">webmaster@reunion68.com<\/a><\/span><\/span><\/strong><\/span><\/p>\n<\/div>\n<\/div>\n<\/div>\n<p>&nbsp;<\/p>\n<hr style=\"width: 710px;\" \/>\n","protected":false},"excerpt":{"rendered":"<p>Symbole wr\u00f3ci\u0142y Paula Sawicka, Marcin \u017by\u0142a, Anna Goc Paula Sawicka: Polska jest krajem bez \u017byd\u00f3w, a antysemityzm ma si\u0119 \u015bwietnie. Widzia\u0142am cz\u0142owieka, kt\u00f3ry wyszed\u0142 z radioterapii. I cho\u0107 ledwo si\u0119 porusza\u0142, m\u00f3wi\u0142 jeszcze: \u201eA s\u0142yszeli\u015bcie tego \u017byda w telewizji, co on wygadywa\u0142?\u201d. MARCIN \u017bY\u0141A, ANNA GOC: By\u0142a Pani na Marszu Niepodleg\u0142o\u015bci? PAULA SAWICKA: Nie. I [&hellip;]<\/p>\n","protected":false},"author":1,"featured_media":0,"comment_status":"closed","ping_status":"closed","sticky":false,"template":"","format":"standard","meta":[],"categories":[6],"tags":[26,24],"_links":{"self":[{"href":"https:\/\/www.reunion68.se\/index.php?rest_route=\/wp\/v2\/posts\/31233"}],"collection":[{"href":"https:\/\/www.reunion68.se\/index.php?rest_route=\/wp\/v2\/posts"}],"about":[{"href":"https:\/\/www.reunion68.se\/index.php?rest_route=\/wp\/v2\/types\/post"}],"author":[{"embeddable":true,"href":"https:\/\/www.reunion68.se\/index.php?rest_route=\/wp\/v2\/users\/1"}],"replies":[{"embeddable":true,"href":"https:\/\/www.reunion68.se\/index.php?rest_route=%2Fwp%2Fv2%2Fcomments&post=31233"}],"version-history":[{"count":21,"href":"https:\/\/www.reunion68.se\/index.php?rest_route=\/wp\/v2\/posts\/31233\/revisions"}],"predecessor-version":[{"id":31436,"href":"https:\/\/www.reunion68.se\/index.php?rest_route=\/wp\/v2\/posts\/31233\/revisions\/31436"}],"wp:attachment":[{"href":"https:\/\/www.reunion68.se\/index.php?rest_route=%2Fwp%2Fv2%2Fmedia&parent=31233"}],"wp:term":[{"taxonomy":"category","embeddable":true,"href":"https:\/\/www.reunion68.se\/index.php?rest_route=%2Fwp%2Fv2%2Fcategories&post=31233"},{"taxonomy":"post_tag","embeddable":true,"href":"https:\/\/www.reunion68.se\/index.php?rest_route=%2Fwp%2Fv2%2Ftags&post=31233"}],"curies":[{"name":"wp","href":"https:\/\/api.w.org\/{rel}","templated":true}]}}