{"id":3127,"date":"2014-07-28T21:19:15","date_gmt":"2014-07-28T19:19:15","guid":{"rendered":"http:\/\/www.reunion68.se\/?p=3127"},"modified":"2014-07-30T19:43:38","modified_gmt":"2014-07-30T17:43:38","slug":"lato-1942-ostateczne-rozwiazanie-kwestii-zydowskiej-zaglada-podkarpackich-zydow","status":"publish","type":"post","link":"https:\/\/www.reunion68.se\/?p=3127","title":{"rendered":"Lato 1942 &#8211; &#8220;ostateczne rozwi\u0105zanie kwestii \u017cydowskiej&#8221; (zaglada podkarpackich zydow)"},"content":{"rendered":"<p>&nbsp;<\/p>\n<p>&nbsp;<\/p>\n<p><img decoding=\"async\" src=\"http:\/\/www.reunion68.com\/Biuletyn\/img\/podkarpacka.png\" alt=\"\" \/><\/p>\n<h3 style=\"text-align: center;\"><span style=\"color: #000080; text-decoration: underline;\"><strong><a href=\"http:\/\/podkarpackahistoria.manifo.com\/zaglada-podkarpackich-zydow\" target=\"_blank\"><span style=\"color: #000080; text-decoration: underline;\">Lato 1942 &#8211; &#8220;ostateczne rozwi\u0105zanie kwestii \u017cydowskiej&#8221;<\/span><\/a><\/strong><\/span><\/h3>\n<p><span style=\"color: #000080;\">Latem 1942 roku represje wobec ludno\u015bci \u017cydowskiej na okupowanych terytoriach polskich wkroczy\u0142y w now\u0105 faz\u0119. O ile wcze\u015bniej masowe mordy te\u017c mia\u0142y miejsce, ale nie mia\u0142y dok\u0142adnie zaplanowanego przebiegu. Na styczniowej konferencji najwa\u017cniejszych dygnitarzy hitlerowskich w Wansee zdecydowano o &#8220;ostatecznym rozwi\u0105zaniu kwestii \u017cydowskiej&#8221;. Machina Zag\u0142ady ruszy\u0142a pe\u0142n\u0105 par\u0105. Likwidacje gett, deportacje do oboz\u00f3w zak\u0142ad\u00f3w i masowe egzekucje w setkach miejscowo\u015bci. W sierpniu szale\u0144stwo niemieckiego terroru dotkn\u0119\u0142o \u017cydowskich mieszka\u0144c\u00f3w wielu miast i miasteczek.<\/span><\/p>\n<p style=\"text-align: center;\"><img decoding=\"async\" src=\"http:\/\/s2.manifo.com\/usr\/3\/388E6\/a3\/img\/96zydzi-mielec.jpg\" alt=\"\" \/><br \/>\n<span style=\"color: #808080;\">Likwidacja getta w Mielcu<\/span><\/p>\n<p style=\"text-align: left;\"><span style=\"color: #000080;\">Wkraczaj\u0105c do Polski w 1939 roku Niemcy nie mieli jeszcze sprecyzowanego planu co do post\u0119powania z liczn\u0105 tu mniejszo\u015bci\u0105 \u017cydowsk\u0105. Wydaje si\u0119, \u017ce g\u0142\u00f3wnym celem by\u0142o upokofrzenie \u017byd\u00f3w, pozbycie si\u0119 ich, ale &#8211; jeszcze &#8211; niekoniecznie fizycznie. Na pocz\u0105tku dochodzi do mord\u00f3w, ale (chocia\u017cby spalenie synagogi w Mielcu z kikudziestoma osobami w \u015brodku, czy pogrom w Przemy\u015blu w drugiej po\u0142owie wrze\u015bnia, gdzie zgin\u0119\u0142o 500-600 \u017byd\u00f3w) by\u0142y to bardziej decyzje dow\u00f3dc\u00f3w frontowych ni\u017c rozkazy &#8220;z g\u00f3ry&#8221;. W pierwszych dw\u00f3ch latach okupacji przemoc wobec ludno\u015bci \u017cydowskiej i ludno\u015bci polskiej niewiele si\u0119 r\u00f3\u017cni\u0142a. Mo\u017cna nawet przyj\u0105\u0107, \u017ce wi\u0119kszy terror zastosowano wobec polskiej inteligencji i os\u00f3b podejrzanych o &#8220;dzia\u0142ania wrogie III Rzeszy) ni\u017c mniejszo\u015bci \u017cydowskiej. Na terenach wschodnich, ju\u017c we wrze\u015bniu 1939 roku, jeszcze przed ostatecznym ukszta\u0142towaniem si\u0119 radziecko-niemieckiej linii demarkacyjnej powszechne by\u0142o wyrzucanie \u017byd\u00f3w &#8220;za San&#8221;, rabowanie maj\u0105tku. Fizyczna likwidacja &#8211; jakkolwiek zabrzmi to brutalnie &#8211; nie odbiega\u0142a od wojennych regu\u0142 obowi\u0105zuj\u0105cych na tych terenach od setek lat. W 1940 roku dopiero zacz\u0119to tworzy\u0107 getta, ogranicza\u0107 swobody \u017byd\u00f3w, z kolei Polacy mieli ju\u017c za sob\u0105 do\u015bwiadczenia Bydgoszczy, Wawra, akcji A-B i Palmir.<\/span><\/p>\n<p style=\"text-align: center;\"><strong><span style=\"color: #000080;\">Z tysi\u0119cy osta\u0142y si\u0119 dziesi\u0105tki<\/span><\/strong><\/p>\n<p style=\"text-align: left;\"><span style=\"color: #000080;\">W okolicach Jas\u0142a, Gorlic, Biecza dora\u017ane egzekucje zacz\u0119\u0142y si\u0119 w momencie wkroczenia tu wojsk niemieckich. Na prze\u0142omie 1939 i 1940 roku do Biecza sprowadzono oko\u0142o 500 os\u00f3b wysiedlonych z wcielonej do III Rzeszy \u0141odzi. W\u00f3wczas liczba ludno\u015bci \u017cydowskiej w tym miasteczku si\u0119gn\u0119\u0142a 1300. W pa\u017adzierniku 1941 roku w Bieczu wprowadzono oficjalny zakaz opuszczania getta. Od pocz\u0105tku nast\u0119pnego roku zacz\u0119\u0142y si\u0119 mordy kilku, kilkunastoosobowych grupek \u017byd\u00f3w. W styczniu zacz\u0119\u0142y si\u0119 egzekucje w lesie Grabiny, dokonano mordu prawdopodobnie o\u015bmiu \u017byd\u00f3w w ich mieszkaniach w Gorlicach, Gestapo zabi\u0142o kilka os\u00f3b przywiezionych z Jas\u0142a.<\/span><\/p>\n<p style=\"text-align: left;\"><span style=\"color: #000080;\">Najwi\u0119ksze nasilenie mord\u00f3w mia\u0142o miejsce w lecie 1942 roku. 7 lipca Gestapo i \u017candarmeria z Jas\u0142a rozstrzelali w lesie za nie istniej\u0105c\u0105 ju\u017c wsi\u0105 Ha\u0142b\u00f3w oko\u0142o 1260 os\u00f3b przywiezionych z getta w Nowym \u017bmigrodzie. W\u015br\u00f3d pomordowanych by\u0142y g\u0142\u00f3wnie kobiety, dzieci i starcy. Doros\u0142ych zabijano strza\u0142em w ty\u0142 g\u0142owy, dzieci uderzeniem g\u0142ow\u0105 o pie\u0144 drzewa, lub te\u017c wrzucano \u017cywcem do do\u0142u. Z nie do ko\u0144ca potwierdzonych informacji, wynika, \u017ce \u015bmier\u0107 ponie\u015bli tam r\u00f3wnie\u017c \u017bydzi zwiezieni z Gorlic i Biecza. W pami\u0119ci \u015bwiadk\u00f3w zachowa\u0142a si\u0119 szczeg\u00f3lnie posta\u0107 granatowego policjanta W\u0105torowskiego, kt\u00f3ry z sadystyczn\u0105 lubo\u015bci\u0105 zabija\u0142 \u017byd\u00f3w.<\/span><\/p>\n<p style=\"text-align: left;\"><span style=\"color: #000080;\">W sierpniu zacz\u0119\u0142y si\u0119 m.in. mordy w Rzepienniku Strzy\u017cowskim. W lesie &#8220;D\u0105bry&#8221; pod Rzepiennikiem zamordowano setki os\u00f3b pochodzacych m.in. z gett w Bieczu i Bobowej. W nocy z 12 na 13 sierpnia dosz\u0142o do faktycznej likwidacji getta w Gorlicach. Niedo\u0142\u0119\u017cnych i starych mordowano w lesie Garbacz w Str\u00f3\u017c\u00f3wce, pozosta\u0142ych wywiseiono do obozu zag\u0142\u0105dy w Be\u0142\u017ccu. Szacuje si\u0119, \u017ce w samym gorlickim getcie, szczeg\u00f3lnie latem 1942 zgine\u0142o ok. 3500 \u017byd\u00f3w. 14 sierpnia dosz\u0142o do pacyfikacji Biecza. Dokonywano brutalnej selekcji. Wed\u0142ug r\u00f3\u017cnych szacunk\u00f3w zgine\u0142o na miejscu nawet kilkaset os\u00f3b uznanych za nieprzydatne do pracy: dzieci, starc\u00f3w, niepe\u0142nosprawnych. W tych dniach dochodzi\u0142o te\u017c do egzekucji pojedy\u0144czych os\u00f3b na rynkach w Bieczu i Gorlicach. W\u015br\u00f3d zamordowanych byli r\u00f3wnie\u017c Polacy, kt\u00f3rzy albo pomagali albo byli podejrzani o pomoc \u017bydom. 17 sierpnia na cmentarzu w Gorlicach rozstrzelano cz\u0142onk\u00f3w miejscowego Judenratu. Na pocz\u0105tku 1943 roku w tym rejonie oficjalnie nie by\u0142o ju\u017c \u017byd\u00f3w. Pojedy\u0144czych ukrywaj\u0105cych si\u0119 wy\u0142apywano niemal do ko\u0144ca okupacji. Z tysi\u0119cy mieszka\u0144c\u00f3w wyznania moj\u017ceszowego z tych teren\u00f3w wojn\u0119 przetrwa\u0142y dziesi\u0105tki. Resztki \u017byd\u00f3w wyjecha\u0142y z tych teren\u00f3w na fali kampanii antysemickiej w 1968 roku.<\/span><\/p>\n<p style=\"text-align: right;\"><span style=\"color: #000080;\">Czytaj wiecej <span style=\"text-decoration: underline;\"><strong><a href=\"http:\/\/podkarpackahistoria.manifo.com\/zaglada-podkarpackich-zydow\" target=\"_blank\">TU<\/a><\/strong><\/span><\/span><\/p>\n<hr \/>\n","protected":false},"excerpt":{"rendered":"<p>&nbsp; &nbsp; Lato 1942 &#8211; &#8220;ostateczne rozwi\u0105zanie kwestii \u017cydowskiej&#8221; Latem 1942 roku represje wobec ludno\u015bci \u017cydowskiej na okupowanych terytoriach polskich wkroczy\u0142y w now\u0105 faz\u0119. O ile wcze\u015bniej masowe mordy te\u017c mia\u0142y miejsce, ale nie mia\u0142y dok\u0142adnie zaplanowanego przebiegu. Na styczniowej konferencji najwa\u017cniejszych dygnitarzy hitlerowskich w Wansee zdecydowano o &#8220;ostatecznym rozwi\u0105zaniu kwestii \u017cydowskiej&#8221;. Machina Zag\u0142ady ruszy\u0142a [&hellip;]<\/p>\n","protected":false},"author":1,"featured_media":0,"comment_status":"closed","ping_status":"closed","sticky":false,"template":"","format":"standard","meta":[],"categories":[4],"tags":[24],"_links":{"self":[{"href":"https:\/\/www.reunion68.se\/index.php?rest_route=\/wp\/v2\/posts\/3127"}],"collection":[{"href":"https:\/\/www.reunion68.se\/index.php?rest_route=\/wp\/v2\/posts"}],"about":[{"href":"https:\/\/www.reunion68.se\/index.php?rest_route=\/wp\/v2\/types\/post"}],"author":[{"embeddable":true,"href":"https:\/\/www.reunion68.se\/index.php?rest_route=\/wp\/v2\/users\/1"}],"replies":[{"embeddable":true,"href":"https:\/\/www.reunion68.se\/index.php?rest_route=%2Fwp%2Fv2%2Fcomments&post=3127"}],"version-history":[{"count":18,"href":"https:\/\/www.reunion68.se\/index.php?rest_route=\/wp\/v2\/posts\/3127\/revisions"}],"predecessor-version":[{"id":3179,"href":"https:\/\/www.reunion68.se\/index.php?rest_route=\/wp\/v2\/posts\/3127\/revisions\/3179"}],"wp:attachment":[{"href":"https:\/\/www.reunion68.se\/index.php?rest_route=%2Fwp%2Fv2%2Fmedia&parent=3127"}],"wp:term":[{"taxonomy":"category","embeddable":true,"href":"https:\/\/www.reunion68.se\/index.php?rest_route=%2Fwp%2Fv2%2Fcategories&post=3127"},{"taxonomy":"post_tag","embeddable":true,"href":"https:\/\/www.reunion68.se\/index.php?rest_route=%2Fwp%2Fv2%2Ftags&post=3127"}],"curies":[{"name":"wp","href":"https:\/\/api.w.org\/{rel}","templated":true}]}}