{"id":31293,"date":"2015-11-28T18:05:08","date_gmt":"2015-11-28T16:05:08","guid":{"rendered":"http:\/\/www.reunion68.se\/?p=31293"},"modified":"2015-11-27T11:04:32","modified_gmt":"2015-11-27T09:04:32","slug":"31293","status":"publish","type":"post","link":"https:\/\/www.reunion68.se\/?p=31293","title":{"rendered":"List do patriot\u00f3w."},"content":{"rendered":"<h5 style=\"text-align: center;\"><a href=\"http:\/\/wpolityce.pl\/\" target=\"_blank\"><img decoding=\"async\" class=\"center alignleft\" src=\"http:\/\/www.reunion68.com\/Biuletyn\/img\/wpolityce.png\" alt=\"\" width=\"35%\" \/><\/a><span style=\"text-decoration: underline; color: #000080;\"><strong><a style=\"color: #000080; text-decoration: underline;\" href=\"http:\/\/wpolityce.pl\/polityka\/273202-list-do-patriotow-ten-kto-pali-kukly-albo-niszczy-mury-antysemickimi-napisami-nie-moze-byc-uwazany-za-patriote\" target=\"_blank\">List do patriot\u00f3w. &#8220;Ten, kto pali kuk\u0142y albo niszczy mury antysemickimi napisami, nie mo\u017ce by\u0107 uwa\u017cany za patriot\u0119&#8221;<\/a><\/strong><\/span><\/h5>\n<hr style=\"height: 15px; background: #d0e6fa; width: 710px;\" \/>\n<p style=\"text-align: left;\"><span style=\"color: #808080;\"><em>Fot. wPolityce.pl<\/em><\/span><br \/>\n<img decoding=\"async\" class=\"aligncenter\" src=\"http:\/\/media.wplm.pl\/pictures\/835x460\/crop_center\/upscale_True\/path\/2015\/10\/26\/800\/400\/4041146553824e53a70234a1b338f347.jpg\" alt=\"Fot. wPolityce.pl\" width=\"100%\" \/><\/p>\n<p style=\"text-align: left;\"><span style=\"color: #333333;\"><strong>18 listopada we Wroc\u0142awiu, podczas antyimigracyjnej manifestacji, na oczach zgromadzonego t\u0142um spalona zosta\u0142a kuk\u0142a przedstawiaj\u0105ca \u017byda. Palenie wizerunku cz\u0142owieka musi by\u0107 rozumiane jako symboliczny akt agresji wobec bli\u017aniego, przez co jest radykalnym zerwaniem zar\u00f3wno z konstytucyjna zasad\u0105 ochrony godno\u015bci cz\u0142owieka, jak i chrze\u015bcija\u0144skim etosem naszego narodu.<\/strong><\/span><\/p>\n<p style=\"text-align: left;\"><span style=\"color: #000080;\">Palenie kuk\u0142y ludzkiej przebranej za \u017byda, musi si\u0119 kojarzy\u0107 z rasistowskimi zbrodniami niemieckimi dokonanymi na \u017bydach na okupowanym terytorium Polski w okresie II wojny \u015bwiatowej.<\/span><\/p>\n<p style=\"text-align: left;\"><span style=\"color: #000080;\">Nie mamy najmniejszych w\u0105tpliwo\u015bci, \u017ce zachowania antysemickie trzeba ca\u0142kowicie wyrugowa\u0107 z polskiego \u017cycia spo\u0142ecznego. Jak uczy\u0142 \u015bw. Jan Pawe\u0142 II \u201eAntysemityzm, jak r\u00f3wnie\u017c wszelkie inne formy rasizmu, s\u0105 \u2018grzechem Przeciwko Bogu i ludzko\u015bci\u2019 i jako takie musz\u0105 by\u0107 odrzucone i pot\u0119pione\u201d.<\/span><\/p>\n<p style=\"text-align: left;\"><span style=\"color: #000080;\">Antysemityzm i rasizm s\u0105 sprzeniewierzeniem si\u0119 nauczaniu Ko\u015bcio\u0142a, kt\u00f3ry wsp\u00f3\u0142tworzy oblicze moralne narodu polskiego od blisko 1050 lat, zaprzeczeniem tradycjom polskiej tolerancji oraz tradycji ruchu solidarno\u015bciowego.<\/span><\/p>\n<p style=\"text-align: left;\"><span style=\"color: #000080;\">Ten, kto pali kuk\u0142y albo niszczy mury antysemickimi napisami, nie mo\u017ce by\u0107 uwa\u017cany za patriot\u0119.<\/span><\/p>\n<p style=\"text-align: left;\"><span style=\"color: #000080;\">Warszawa, 25 listopada 2015<\/span><\/p>\n<ul>\n<li><span style=\"color: #333333;\"><em><strong>Dr hab. Dariusz Gawin, Muzeum Powstania Warszawskiego, Instytut Filozofii i Socjologii PAN<\/strong><\/em><\/span><\/li>\n<li><span style=\"color: #333333;\"><em><strong>Dr Dariusz Kar\u0142owicz, Teologia Polityczna<\/strong><\/em><\/span><\/li>\n<li><span style=\"color: #333333;\"><em><strong>Dr Jacek Kloczkowski, O\u015brodek My\u015bli Politycznej<\/strong><\/em><\/span><\/li>\n<li><span style=\"color: #333333;\"><em><strong>Robert Kostro, Muzeum Historii Polski<\/strong><\/em><\/span><\/li>\n<li><span style=\"color: #333333;\"><em><strong>Dr Pawe\u0142 Kowal, Instytut Studi\u00f3w Politycznych PAN<\/strong><\/em><\/span><\/li>\n<li><span style=\"color: #333333;\"><em><strong>Prof. dr hab. Mi\u0142owit Kuni\u0144ski, O\u015brodek My\u015bli Politycznej<\/strong><\/em><\/span><\/li>\n<li><span style=\"color: #333333;\"><em><strong>Dr Pawe\u0142 Milcarek, Christianitas<\/strong><\/em><\/span><\/li>\n<li><span style=\"color: #333333;\"><em><strong>Dr hab. Filip Musia\u0142, Akademia Ignatianum w Krakowie<\/strong><\/em><\/span><\/li>\n<li><span style=\"color: #333333;\"><em><strong>Prof. dr hab. Andrzej Nowak, IH Uniwersytetu Jagiello\u0144skiego, IH PAN<\/strong><\/em><\/span><\/li>\n<li><span style=\"color: #333333;\"><em><strong>Prof. dr hab. Wojciech Roszkowski, Instytut Studi\u00f3w Politycznych PAN<\/strong><\/em><\/span><\/li>\n<li><span style=\"color: #333333;\"><em><strong>Dr hab. Arkady Rzegocki, profesor UJ<\/strong><\/em><\/span><\/li>\n<li><span style=\"color: #333333;\"><em><strong>Piotr Semka, publicysta \u201eDo Rzeczy\u201d<\/strong><\/em><\/span><\/li>\n<li><span style=\"color: #333333;\"><em><strong>Dr hab. Zbigniew Stawrowski, Instytut My\u015bli J\u00f3zefa Tischnera<\/strong><\/em><\/span><\/li>\n<li><span style=\"color: #333333;\"><em><strong>Tomasz Terlikowski, publicysta, Telewizja Republika<\/strong><\/em><\/span><\/li>\n<li><span style=\"color: #333333;\"><em><strong>Prof. dr hab. Tadeusz Wolsza, Instytut Historii PAN Warszawa<\/strong><\/em><\/span><\/li>\n<li><span style=\"color: #333333;\"><em><strong>Piotr Zaremba, publicysta, redaktor \u201eW Sieci\u201d<\/strong><\/em><\/span><\/li>\n<li><span style=\"color: #333333;\"><em><strong>Prof. dr hab. Jan \u017baryn, Senator RP<\/strong><\/em><\/span><\/li>\n<li><span style=\"color: #333333;\"><em><strong>Andrzej Horuba\u0142a, publicysta, redaktor \u201eDo Rzeczy\u201d<\/strong><\/em><\/span><\/li>\n<\/ul>\n<hr style=\"height: 15px; background: #d0e6fa; width: 710px;\" \/>\n<div id=\"content\" class=\" content-alignment&lt;br \/&gt;&lt;br \/&gt; \">\n<div id=\"watch-description\" class=\"yt-uix-button-panel\">\n<div id=\"watch-description-text\">\n<p style=\"text-align: center;\"><span style=\"color: #808080;\"> twoje uwagi, linki, wlasne artykuly, lub wiadomosci przeslij do: <strong><span style=\"text-decoration: underline;\"><span style=\"color: #808080; text-decoration: underline;\"><a href=\"mailto:webmaster@reunion68.com\">webmaster@reunion68.com<\/a><\/span><\/span><\/strong><\/span><\/p>\n<\/div>\n<\/div>\n<\/div>\n<p>&nbsp;<\/p>\n<hr style=\"width: 710px;\" \/>\n","protected":false},"excerpt":{"rendered":"<p>List do patriot\u00f3w. &#8220;Ten, kto pali kuk\u0142y albo niszczy mury antysemickimi napisami, nie mo\u017ce by\u0107 uwa\u017cany za patriot\u0119&#8221; Fot. wPolityce.pl 18 listopada we Wroc\u0142awiu, podczas antyimigracyjnej manifestacji, na oczach zgromadzonego t\u0142um spalona zosta\u0142a kuk\u0142a przedstawiaj\u0105ca \u017byda. Palenie wizerunku cz\u0142owieka musi by\u0107 rozumiane jako symboliczny akt agresji wobec bli\u017aniego, przez co jest radykalnym zerwaniem zar\u00f3wno z [&hellip;]<\/p>\n","protected":false},"author":1,"featured_media":0,"comment_status":"closed","ping_status":"closed","sticky":false,"template":"","format":"standard","meta":[],"categories":[6],"tags":[26,24],"_links":{"self":[{"href":"https:\/\/www.reunion68.se\/index.php?rest_route=\/wp\/v2\/posts\/31293"}],"collection":[{"href":"https:\/\/www.reunion68.se\/index.php?rest_route=\/wp\/v2\/posts"}],"about":[{"href":"https:\/\/www.reunion68.se\/index.php?rest_route=\/wp\/v2\/types\/post"}],"author":[{"embeddable":true,"href":"https:\/\/www.reunion68.se\/index.php?rest_route=\/wp\/v2\/users\/1"}],"replies":[{"embeddable":true,"href":"https:\/\/www.reunion68.se\/index.php?rest_route=%2Fwp%2Fv2%2Fcomments&post=31293"}],"version-history":[{"count":17,"href":"https:\/\/www.reunion68.se\/index.php?rest_route=\/wp\/v2\/posts\/31293\/revisions"}],"predecessor-version":[{"id":31473,"href":"https:\/\/www.reunion68.se\/index.php?rest_route=\/wp\/v2\/posts\/31293\/revisions\/31473"}],"wp:attachment":[{"href":"https:\/\/www.reunion68.se\/index.php?rest_route=%2Fwp%2Fv2%2Fmedia&parent=31293"}],"wp:term":[{"taxonomy":"category","embeddable":true,"href":"https:\/\/www.reunion68.se\/index.php?rest_route=%2Fwp%2Fv2%2Fcategories&post=31293"},{"taxonomy":"post_tag","embeddable":true,"href":"https:\/\/www.reunion68.se\/index.php?rest_route=%2Fwp%2Fv2%2Ftags&post=31293"}],"curies":[{"name":"wp","href":"https:\/\/api.w.org\/{rel}","templated":true}]}}