{"id":3143,"date":"2014-07-29T09:31:40","date_gmt":"2014-07-29T07:31:40","guid":{"rendered":"http:\/\/www.reunion68.se\/?p=3143"},"modified":"2014-07-29T09:31:40","modified_gmt":"2014-07-29T07:31:40","slug":"zyd-polak-legionista-1914-1920","status":"publish","type":"post","link":"https:\/\/www.reunion68.se\/?p=3143","title":{"rendered":"\u017byd, Polak, legionista 1914\u20131920"},"content":{"rendered":"<h3 style=\"text-align: center;\"><img decoding=\"async\" class=\"alignleft\" src=\"http:\/\/www.reunion68.com\/Biuletyn\/img\/MHZP.jpg\" alt=\"\" \/><br \/>\n<span style=\"text-decoration: underline;\"><strong><span style=\"color: #000080; text-decoration: underline;\"><a href=\"http:\/\/www.jewishmuseum.org.pl\/pl\/wydarzenie\/zyd-polak-legionista-1914-1920\" target=\"_blank\"><span style=\"color: #000080; text-decoration: underline;\">\u017byd, Polak, legionista 1914\u20131920<\/span><\/a><\/span><\/strong><\/span><\/h3>\n<p style=\"text-align: right;\"><img decoding=\"async\" class=\"aligncenter\" src=\"http:\/\/www.jewishmuseum.org.pl\/sites\/default\/files\/styles\/isohead_8\/public\/pictures\/legiony.jpg?itok=74ID6T8r\" alt=\"\" width=\"700\" \/><br \/>\n<span style=\"color: #808080;\">fot. Muzeum Historii \u017byd\u00f3w Polskich<\/span><\/p>\n<p style=\"text-align: left;\"><span style=\"color: #000080;\"><strong>W dniach 24 lipca \u2013 3 pa\u017adziernika br. w Muzeum Historii \u017byd\u00f3w Polskich b\u0119dzie mo\u017cna ogl\u0105da\u0107 wystaw\u0119 zatytu\u0142owan\u0105 \u017byd, Polak, legionista 1914\u20131920. Otwarcie ekspozycji zbiega si\u0119 z 100. rocznic\u0105 wybuchu I wojny \u015bwiatowej oraz 100. rocznic\u0105 powstania Legion\u00f3w Polskich \u2013 legendarnej formacji, kt\u00f3ra przyczyni\u0142a si\u0119 do odzyskania przez Polsk\u0119 niepodleg\u0142o\u015bci.<br \/>\n<\/strong><\/span><\/p>\n<p><span style=\"color: #000080;\">Wystawa uka\u017ce losy, postawy i tw\u00f3rczo\u015b\u0107 \u017cydowskich legionist\u00f3w Pi\u0142sudskiego i losy \u017cydowskich cywil\u00f3w na ziemiach polskich pod r\u00f3\u017cnymi okupacjami. Przedstawi z\u0142o\u017cone relacje polsko-\u017cydowskie w czasie odzyskiwania przez Polsk\u0119 niepodleg\u0142o\u015bci: w okresie I wojny \u015bwiatowej, walk o granice i wojny polsko-bolszewickiej 1920 roku.<\/span><\/p>\n<p><span style=\"color: #000080;\">Na ekspozycj\u0119 z\u0142o\u017c\u0105 si\u0119 rze\u017aby, obrazy, rysunki i grafiki oraz przyk\u0142ady tw\u00f3rczo\u015bci na us\u0142ugach wojennej i wojskowej propagandy \u2013 plakaty, odezwy, poczt\u00f3wki i zestawione w prezentacje filmy propaguj\u0105ce polski czyn zbrojny. Widzowie zobacz\u0105 te\u017c ma\u0142o znane zdj\u0119cia niemieckich i austriackich fotograf\u00f3w frontowych, a tak\u017ce okoliczno\u015bciowe pier\u015bcienie legionowe i oryginalny mundur legionowy.<\/span><\/p>\n<p><span style=\"color: #000080;\">Jednym z bohater\u00f3w wystawy b\u0119dzie Leopold Gottlieb, jeden z najciekawszych artyst\u00f3w \u017cydowsko-polskich pierwszych dekad XX wieku, \u017co\u0142nierz Pierwszej Brygady, kt\u00f3ry przeszed\u0142 ca\u0142y szlak legionowy, a na prze\u0142omie 1918 i 1919 roku uczestniczy\u0142 w polsko-ukrai\u0144skich walkach o Lw\u00f3w. Wykona\u0142 on na linii frontu oraz na jego ty\u0142ach kilkaset rysunk\u00f3w, przedstawiaj\u0105cych wodz\u00f3w legionowych (w tym kilka portret\u00f3w brygadiera Pi\u0142sudskiego) i wsp\u00f3\u0142towarzyszy broni, uwieczni\u0142 tak\u017ce sceny z legionowego \u017cycia.<\/span><\/p>\n<p><span style=\"color: #000080;\">\u017bydowscy legioni\u015bci Pi\u0142sudskiego stoj\u0105 w jednej linii z innymi bohaterami walk o wolno\u015b\u0107 Polski: legendarnym oficerem okresu insurekcji ko\u015bciuszkowskiej Berkiem Joselewiczem, \u017cydowskimi powsta\u0144cami styczniowymi, wreszcie \u017bydami walcz\u0105cymi w powstaniu warszawskim. Tym samym wystawa s\u0142u\u017cy prze\u0142amaniu stereotypu \u017byda, rzekomo biernego wobec walki o Polsk\u0119, i niesie klarowny przekaz: \u017bydzi polscy wielokrotnie w swej historii opowiadali si\u0119 czynem za polsk\u0105 racj\u0105 stanu.<\/span><\/p>\n<p><span style=\"color: #000080;\">Kuratorem wystawy jest dr Artur Tanikowski, a kuratorem organizacyjnym \u2013 Ewa Witkowska. Ekspozycji b\u0119dzie towarzyszy\u0142 katalog w dw\u00f3ch wersjach j\u0119zykowych \u2013 polskiej i angielskiej.<\/span><\/p>\n<p><span style=\"color: #000080;\">Wystawa czynna od 25 lipca do 3 pa\u017adziernika, codziennie opr\u00f3cz wtorku, godz. 10.00\u201318.00,<\/span><\/p>\n<p style=\"text-align: left;\"><span style=\"color: #000080;\">bilety: 12 z\u0142 normalny, 8 z\u0142 ulgowy.<\/span><\/p>\n<p style=\"text-align: right;\"><span style=\"color: #000080;\">Czytaj wiecej<\/span> <strong><span style=\"color: #ff0000;\"><a href=\"http:\/\/www.jewishmuseum.org.pl\/pl\/wydarzenie\/zyd-polak-legionista-1914-1920\" target=\"_blank\"><span style=\"color: #ff0000;\">TU<\/span><\/a><\/span><\/strong><\/p>\n<hr>\n","protected":false},"excerpt":{"rendered":"<p>\u017byd, Polak, legionista 1914\u20131920 fot. Muzeum Historii \u017byd\u00f3w Polskich W dniach 24 lipca \u2013 3 pa\u017adziernika br. w Muzeum Historii \u017byd\u00f3w Polskich b\u0119dzie mo\u017cna ogl\u0105da\u0107 wystaw\u0119 zatytu\u0142owan\u0105 \u017byd, Polak, legionista 1914\u20131920. Otwarcie ekspozycji zbiega si\u0119 z 100. rocznic\u0105 wybuchu I wojny \u015bwiatowej oraz 100. rocznic\u0105 powstania Legion\u00f3w Polskich \u2013 legendarnej formacji, kt\u00f3ra przyczyni\u0142a si\u0119 do [&hellip;]<\/p>\n","protected":false},"author":1,"featured_media":0,"comment_status":"closed","ping_status":"closed","sticky":false,"template":"","format":"standard","meta":[],"categories":[4],"tags":[24],"_links":{"self":[{"href":"https:\/\/www.reunion68.se\/index.php?rest_route=\/wp\/v2\/posts\/3143"}],"collection":[{"href":"https:\/\/www.reunion68.se\/index.php?rest_route=\/wp\/v2\/posts"}],"about":[{"href":"https:\/\/www.reunion68.se\/index.php?rest_route=\/wp\/v2\/types\/post"}],"author":[{"embeddable":true,"href":"https:\/\/www.reunion68.se\/index.php?rest_route=\/wp\/v2\/users\/1"}],"replies":[{"embeddable":true,"href":"https:\/\/www.reunion68.se\/index.php?rest_route=%2Fwp%2Fv2%2Fcomments&post=3143"}],"version-history":[{"count":11,"href":"https:\/\/www.reunion68.se\/index.php?rest_route=\/wp\/v2\/posts\/3143\/revisions"}],"predecessor-version":[{"id":3154,"href":"https:\/\/www.reunion68.se\/index.php?rest_route=\/wp\/v2\/posts\/3143\/revisions\/3154"}],"wp:attachment":[{"href":"https:\/\/www.reunion68.se\/index.php?rest_route=%2Fwp%2Fv2%2Fmedia&parent=3143"}],"wp:term":[{"taxonomy":"category","embeddable":true,"href":"https:\/\/www.reunion68.se\/index.php?rest_route=%2Fwp%2Fv2%2Fcategories&post=3143"},{"taxonomy":"post_tag","embeddable":true,"href":"https:\/\/www.reunion68.se\/index.php?rest_route=%2Fwp%2Fv2%2Ftags&post=3143"}],"curies":[{"name":"wp","href":"https:\/\/api.w.org\/{rel}","templated":true}]}}