{"id":31441,"date":"2015-11-27T18:09:42","date_gmt":"2015-11-27T16:09:42","guid":{"rendered":"http:\/\/www.reunion68.se\/?p=31441"},"modified":"2015-11-27T10:43:12","modified_gmt":"2015-11-27T08:43:12","slug":"31441","status":"publish","type":"post","link":"https:\/\/www.reunion68.se\/?p=31441","title":{"rendered":"Leo Kantor : &#8220;Dialog nie ma sensu&#8221;"},"content":{"rendered":"<h5 style=\"text-align: center;\"><a href=\"http:\/\/wroclaw.wyborcza.pl\" target=\"_blank\"><img decoding=\"async\" class=\"center alignleft\" src=\"http:\/\/www.reunion68.com\/Biuletyn\/img\/wroclaw.png\" alt=\"\" width=\"35%\" \/><\/a><span style=\"text-decoration: underline; color: #000080;\"><span><strong><a style=\"color: #000080; text-decoration: underline;\" href=\"http:\/\/wroclaw.wyborcza.pl\/wroclaw\/1,35771,19235457,leo-kantor-o-spaleniu-kukly-zyda-w-rynku-dialog-nie-ma-sensu.html#ixzz3sPo4Xxvq\" target=\"_blank\">Leo Kantor o spaleniu kuk\u0142y \u017byda w Rynku: &#8220;Dialog nie ma sensu&#8221;<\/a><\/strong><\/span><\/span><\/h5>\n<p style=\"text-align: center;\"><span style=\"color: #000000;\"><strong>Leo Kantor<\/strong><\/span><\/p>\n<hr style=\"height: 15px; background: #d0e6fa; width: 710px;\" \/>\n<p style=\"text-align: left;\"><span style=\"color: #333333;\"><strong>Leszek Kantor, publicysta, przewodnicz\u0105cy Centralnej Federacji Imigrant\u00f3w w Szwecji, re\u017cyser film\u00f3w dokumentalnych o Dolnym \u015al\u0105sku<\/strong><\/span><\/p>\n<p><img decoding=\"async\" class=\"aligncenter\" title=\"Spalenie kuk\u0142y \u017byda na pikiecie ONR w \u015brod\u0119 18 listopada\" src=\"http:\/\/bi.gazeta.pl\/im\/27\/53\/12\/z19215399Q,Spalenie-kukly-Zyda-na-pikiecie-ONR-w-srode-18-lis.jpg\" alt=\"Spalenie kuk\u0142y \u017byda na pikiecie ONR w \u015brod\u0119 18 listopada\" width=\"100%\" border=\"0\" \/><\/p>\n<p style=\"text-align: left;\"><span style=\"color: #333333;\"><strong>Dialog z t\u0105 falang\u0105 na Rynku nie ma sensu, nie jest to ta Polska nadaj\u0105ca si\u0119 do jakiego\u015b dialogu. Nie jest to te\u017c partner nadaj\u0105cy si\u0119 do rozmowy, bo dobra rozmowa jest ludzkim dobrem. Dopiero wrzask, kt\u00f3ry uczynili, jest wynaturzeniem. To nie moja Polska. Nie jest to nawet margines &#8211; to raczej &#8220;element&#8221;.<br \/>\n<\/strong><\/span><br \/>\n<span style=\"color: #000080;\">Bliscy mi s\u0105 na tej ziemi inni ludzie. Ta grupa, kt\u00f3ra by\u0142a kilka dni temu na Rynku, nadaje si\u0119 tylko i wy\u0142\u0105cznie do os\u0105du przez w\u0142adze miasta, prokuratora oraz s\u0119dzi\u00f3w. Obawiam si\u0119 jednak, \u017ce sprawcy nie zostan\u0105 poci\u0105gni\u0119ci do odpowiedzialno\u015bci, gdy\u017c we Wroc\u0142awiu tak ju\u017c bywa\u0142o.<\/span><\/p>\n<p style=\"text-align: left;\"><span style=\"color: #000080;\">Nie wolno takim wrzaskiem i w taki spos\u00f3b jak 18 listopada na Rynku nawo\u0142ywa\u0107 do nienawi\u015bci do drugiego cz\u0142owieka &#8211; jakimkolwiek by by\u0142. Uchod\u017acy nie wybieraj\u0105 si\u0119 w swojej masie do Polski, a z tymi, kt\u00f3rzy by chcieli tu dojecha\u0107, te\u017c mo\u017cna by by\u0142o podzieli\u0107 si\u0119 chlebem.<\/span><\/p>\n<p style=\"text-align: left;\"><span style=\"color: #000080;\"><img decoding=\"async\" class=\"alignright\" src=\"http:\/\/bi.gazeta.pl\/im\/fe\/5b\/f5\/z16079870Q,Leszek-Leo-Kantor--dyrektor-Miedzynarodowego-Festi.jpg\" alt=\"Zdj\u0119cie numer 2 w galerii - Leo Kantor o spaleniu kuk\u0142y \u017byda w Rynku: \" width=\"30%\" \/><\/span><\/p>\n<p style=\"text-align: left;\"><span style=\"color: #000080;\">\u017byd\u00f3w polskich ju\u017c spalono wcze\u015bniej. Z tych, co cudem prze\u017cyli, pozosta\u0142o niewielu. Wed\u0142ug naukowc\u00f3w z Uniwersytetu Wroc\u0142awskiego jest ich w tym mie\u015bcie nie wi\u0119cej ni\u017c stu. Jest tu wi\u0119cej student\u00f3w i m\u0142odych wroc\u0142awian, kt\u00f3rzy interesuj\u0105 si\u0119 kultur\u0105, j\u0119zykiem i sprawami \u017cydowskimi, ni\u017c \u017byd\u00f3w.<\/span><\/p>\n<p style=\"text-align: left;\"><span style=\"color: #000080;\">Wroc\u0142aw b\u0119dzie si\u0119 zmienia\u0142 Melduje si\u0119 w tym mie\u015bcie coraz wi\u0119cej obcokrajowc\u00f3w. Wymagaj\u0105 tego r\u00f3wnie\u017c uwarunkowania wielkich mi\u0119dzynarodowych firm, kt\u00f3re dobrze czuj\u0105 si\u0119 we Wroc\u0142awiu. Korzystaj\u0105 z jego naukowego potencja\u0142u, kompetencji, uroku ulic, erudycji m\u0142odych, wykszta\u0142conych i coraz bardziej otwartych na \u015bwiat wroc\u0142awian.<\/span><\/p>\n<p style=\"text-align: left;\"><span style=\"color: #000080;\">Mam nadziej\u0119, \u017ce ich tam na Rynku wtedy nie by\u0142o. Mam te\u017c nadziej\u0119, \u017ce nawo\u0142ywanie do nienawi\u015bci w stosunku do ludzi o innym kolorze sk\u00f3ry, wyznaniu, sko\u015bnych oczach i tych, co nosz\u0105 kapelusze, nie stanie si\u0119 has\u0142em Europejskiej Stolicy Kultury, czyli Wroc\u0142awia 2016. Mam nadziej\u0119 i po prostu nic wi\u0119cej.<\/span><\/p>\n<hr style=\"height: 15px; background: #d0e6fa; width: 710px;\" \/>\n<div id=\"content\" class=\" content-alignment&lt;br \/&gt;&lt;br \/&gt; \">\n<div id=\"watch-description\" class=\"yt-uix-button-panel\">\n<div id=\"watch-description-text\">\n<p style=\"text-align: center;\"><span style=\"color: #808080;\"> twoje uwagi, linki, wlasne artykuly, lub wiadomosci przeslij do: <strong><span style=\"text-decoration: underline;\"><span style=\"color: #808080; text-decoration: underline;\"><a href=\"mailto:webmaster@reunion68.com\">webmaster@reunion68.com<\/a><\/span><\/span><\/strong><\/span><\/p>\n<\/div>\n<\/div>\n<\/div>\n<p>&nbsp;<\/p>\n<hr style=\"width: 710px;\" \/>\n","protected":false},"excerpt":{"rendered":"<p>Leo Kantor o spaleniu kuk\u0142y \u017byda w Rynku: &#8220;Dialog nie ma sensu&#8221; Leo Kantor Leszek Kantor, publicysta, przewodnicz\u0105cy Centralnej Federacji Imigrant\u00f3w w Szwecji, re\u017cyser film\u00f3w dokumentalnych o Dolnym \u015al\u0105sku Dialog z t\u0105 falang\u0105 na Rynku nie ma sensu, nie jest to ta Polska nadaj\u0105ca si\u0119 do jakiego\u015b dialogu. Nie jest to te\u017c partner nadaj\u0105cy si\u0119 [&hellip;]<\/p>\n","protected":false},"author":1,"featured_media":0,"comment_status":"closed","ping_status":"closed","sticky":false,"template":"","format":"standard","meta":[],"categories":[6],"tags":[26,24],"_links":{"self":[{"href":"https:\/\/www.reunion68.se\/index.php?rest_route=\/wp\/v2\/posts\/31441"}],"collection":[{"href":"https:\/\/www.reunion68.se\/index.php?rest_route=\/wp\/v2\/posts"}],"about":[{"href":"https:\/\/www.reunion68.se\/index.php?rest_route=\/wp\/v2\/types\/post"}],"author":[{"embeddable":true,"href":"https:\/\/www.reunion68.se\/index.php?rest_route=\/wp\/v2\/users\/1"}],"replies":[{"embeddable":true,"href":"https:\/\/www.reunion68.se\/index.php?rest_route=%2Fwp%2Fv2%2Fcomments&post=31441"}],"version-history":[{"count":15,"href":"https:\/\/www.reunion68.se\/index.php?rest_route=\/wp\/v2\/posts\/31441\/revisions"}],"predecessor-version":[{"id":31443,"href":"https:\/\/www.reunion68.se\/index.php?rest_route=\/wp\/v2\/posts\/31441\/revisions\/31443"}],"wp:attachment":[{"href":"https:\/\/www.reunion68.se\/index.php?rest_route=%2Fwp%2Fv2%2Fmedia&parent=31441"}],"wp:term":[{"taxonomy":"category","embeddable":true,"href":"https:\/\/www.reunion68.se\/index.php?rest_route=%2Fwp%2Fv2%2Fcategories&post=31441"},{"taxonomy":"post_tag","embeddable":true,"href":"https:\/\/www.reunion68.se\/index.php?rest_route=%2Fwp%2Fv2%2Ftags&post=31441"}],"curies":[{"name":"wp","href":"https:\/\/api.w.org\/{rel}","templated":true}]}}