{"id":32312,"date":"2015-12-13T18:09:04","date_gmt":"2015-12-13T16:09:04","guid":{"rendered":"http:\/\/www.reunion68.se\/?p=32312"},"modified":"2015-12-10T20:28:28","modified_gmt":"2015-12-10T18:28:28","slug":"113-09","status":"publish","type":"post","link":"https:\/\/www.reunion68.se\/?p=32312","title":{"rendered":"Do Europy jeszcze nic nie dotar\u0142o"},"content":{"rendered":"<h5 style=\"text-align: center;\"><a href=\"http:\/\/www.listyznaszegosadu.pl\/\" target=\"_blank\"><img decoding=\"async\" class=\"center alignleft\" src=\"http:\/\/www.reunion68.com\/Biuletyn\/img\/z-naszego.jpg\" alt=\"\" width=\"40%\" \/><\/a><span style=\"text-decoration: underline; color: #000080;\"><strong><a style=\"color: #000080; text-decoration: underline;\" href=\"http:\/\/www.listyznaszegosadu.pl\/notatki\/do-europy-jeszcze-nic-nie-dotarlo\" target=\"_blank\">Do Europy jeszcze nic nie dotar\u0142o<\/a><\/strong><\/span><\/h5>\n<p style=\"text-align: center;\"><span style=\"color: #000000;\"><strong>Ben-Dror Yemini<br \/>\n<\/strong>T\u0142umaczenie:<strong> Ma\u0142gorzata Koraszewska<\/strong><\/span><\/p>\n<hr style=\"height: 15px; background: #d0e6fa; width: 710px;\" \/>\n<p style=\"text-align: right;\"><span style=\"color: #808080;\"><em>Stan najwy\u017cszego pogotowia w centrum Brukseli. Terror\u00a0nie otwiera<br \/>\n<\/em><\/span><span style=\"color: #808080;\"><em>oczu elit, ale zamiast tego popycha je coraz \u00a0bardziej ku<br \/>\nsamooszukiwaniu\u00a0<\/em><\/span><span style=\"color: #808080;\"><em>si\u0119 (Zdj\u0119cie: Reuters)<\/em><\/span><\/p>\n<p style=\"text-align: left;\"><img decoding=\"async\" class=\"alignright\" src=\"http:\/\/www.listyznaszegosadu.pl\/upload\/article\/bild\/8437\/644632\/6647445099787640360no_s.jpg\" alt=\"Stan najwy\u017cszego pogotowia w centrum Brukseli. Terror nie otwiera oczu elit, ale zamiast tego popycha je coraz bardziej ku samooszukiwaniu si\u0119 (Zdj\u0119cie: Reuters)\" width=\"45%\" border=\"0\" \/><strong>Lata oskar\u017cania Izraela o traktowanie Palesty\u0144czyk\u00f3w tak jak nazi\u015bci traktowali \u017byd\u00f3w, lata ca\u0142kowitego zamykania oczu na odrzucanie przez Palesty\u0144czyk\u00f3w wszystkich propozycji pokojowych, doprowadzi\u0142y do u\u0142omno\u015bci intelektualnej elit europejskich og\u00f3lnie, a niemieckich w szczeg\u00f3lno\u015bci.<\/strong><\/p>\n<p style=\"text-align: left;\"><span style=\"color: #000080;\">W zesz\u0142ym tygodniu Europa by\u0142a rozgor\u0105czkowana po zamachach terrorystycznych w Pary\u017cu i informacji od wywiadu, \u017ce cz\u0142onkowie Pa\u0144stwa Islamskiego planuj\u0105 przeprowadzenie dalszych zamach\u00f3wprzeciwko Francji, Niemcom, Belgii i Szwecji.<\/span><\/p>\n<p style=\"text-align: left;\"><span style=\"color: #000080;\">Ale ta sama Europa, kt\u00f3ra jest w kompletnym chaosie, zaj\u0119ta jest realizacj\u0105 posuni\u0119\u0107 przygotowanych przez antyizraelsk\u0105 kampani\u0119 bojkotu, kt\u00f3ra zamieni\u0142a si\u0119 w skrzyd\u0142o propagandowe Hamasu. A m\u00f3wimy o tym samym Hamasie, kt\u00f3ry nawo\u0142uje do okupowania Rzymu, dok\u0142adnie tak samo jak przyw\u00f3dca Pa\u0144stwa Islamskiego.<\/span><\/p>\n<p style=\"text-align: left;\"><span style=\"color: #000080;\">Ale Europa odmawia s\u0142uchania. Tygodnik niemiecki \u201eDer Spiegel\u201d nigdy nie poinformowa\u0142, \u017ce dr Junis Al-Astal, jeden z pasterzy duchowych Hamasu i cz\u0142onek parlamentu z ramienia tego ruchu, wezwa\u0142 do \u201eokupowania Rzymu i obu Ameryk\u201d. Tygodnik ten nie poinformowa\u0142 te\u017c, \u017ce stacja telewizyjna Hamasu wzywa do zabicia nie tylko \u017byd\u00f3w, ale tak\u017ce \u201echrze\u015bcijan, do ostatniego z nich\u201d.<\/span><\/p>\n<p style=\"text-align: left;\"><span style=\"color: #000080;\">Ten o\u015bwiecony tygodnik nigdy nie zwr\u00f3ci\u0142 si\u0119 do rz\u0105du niemieckiego lub do Unii Europejskiej z pytaniem, dlaczego nadal finansuj\u0105 Autonomi\u0119 Palesty\u0144sk\u0105, chocia\u017c Autonomia Palesty\u0144ska finansuje terroryst\u00f3w, kt\u00f3rzy morduj\u0105 \u017byd\u00f3w. A m\u00f3wimy tutaj o terrorystach, kt\u00f3rzy \u2013 gdyby tylko mogli \u2013 przeprowadziliby tak\u017ce zamach na redakcj\u0119 tego tygodnika. Ten szacowny tygodnik troszczy si\u0119 jednak tylko o inicjatyw\u0119 poplecznik\u00f3w terroryst\u00f3w, kt\u00f3rzy propaguj\u0105 bojkot Izraela.<\/span><\/p>\n<p style=\"text-align: left;\"><span style=\"color: #000080;\">Je\u015bli ktokolwiek my\u015bla\u0142, \u017ce do Europy \u201eco\u015b dotar\u0142o\u201d, niech si\u0119 lepiej pozb\u0119dzie z\u0142udze\u0144. Terror nie powoduje otrze\u017awienia tych, kt\u00f3rzy s\u0105 w szponach na\u0142ogu iluzji. Lata powtarzania: \u201cje\u015bli tylko b\u0119dziemy dla nich mili, wszystko b\u0119dzie w porz\u0105dku\u201d, lata fa\u0142szywego oskar\u017cania \u017byd\u00f3w \u2013 innymi s\u0142owy, Izraela &#8211; o traktowanie Palesty\u0144czyk\u00f3w tak jak nazi\u015bci traktowali \u017byd\u00f3w, lata ca\u0142kowitego zamykania oczu na odrzucanie przez Palesty\u0144czyk\u00f3w wszystkich propozycji pokojowych, lata prania w\u0142asnych m\u00f3zg\u00f3w, doprowadzi\u0142y do u\u0142omno\u015bci intelektualnej elit europejskich og\u00f3lnie, a niemieckich w szczeg\u00f3lno\u015bci.<\/span><\/p>\n<p style=\"text-align: left;\"><span style=\"color: #000080;\">Powinni\u015bmy mie\u0107 nadziej\u0119 i modli\u0107 si\u0119, by Europie uda\u0142o si\u0119 rozprawi\u0107 z terrorem lepiej ni\u017c z konfliktem izraelsko-palesty\u0144skim. Powinni\u015bmy mie\u0107 nadziej\u0119, \u017ce terror nie uderzy w Europ\u0119 raz jeszcze. Terror nie otwiera oczu elit, ale zamiast tego popycha je coraz bardziej ku samooszukiwaniu si\u0119.<\/span><\/p>\n<p style=\"text-align: left;\"><span style=\"color: #000080;\">Problemem nie jest zam\u0119t stworzony przez edykt oznakowywania produkt\u00f3w*. Problem jest znacznie gorszy, poniewa\u017c to, co dzieje si\u0119 w Europie, dzieje si\u0119 tak\u017ce z niekt\u00f3rymi elitami w Stanach Zjednoczonych. A nie powinni\u015bmy lekcewa\u017cy\u0107 u\u0142omno\u015bci intelektualnej, bo wp\u0142ywa to na opini\u0119 publiczn\u0105, a p\u00f3\u017aniej tak\u017ce na elity polityczne. Nie umniejszajmy tego.<\/span><\/p>\n<p style=\"text-align: left;\"><span style=\"color: #000080;\">*Unia Europejska w\u0142a\u015bnie postanowi\u0142a, \u017ce produkty \u017byd\u00f3w z teren\u00f3w spornych maj\u0105 mie\u0107 specjalne nalepki. Produkty Arab\u00f3w z tych teren\u00f3w takich nalepek mie\u0107 nie musz\u0105 [przyp. t\u0142um.]<\/span><\/p>\n<hr \/>\n<p><img decoding=\"async\" class=\"alignleft\" src=\"http:\/\/www.listyznaszegosadu.pl\/upload\/article\/bild\/7976\/644633\/Ben-Dror_Yemini_s.jpg\" alt=\"\" width=\"20%\" border=\"0\" \/><\/p>\n<p><strong><span style=\"color: #808080;\"><em>Ben-Dror Jemini<\/em><\/span><\/strong><\/p>\n<p><span style=\"color: #808080;\"><em>(ur. 1954 w Tel Awiwie) jest prawnikiem, historykiem i publicyst\u0105 wielu izraelskich dziennik\u00f3w (m.in. Maariw, Jediot Achronot), a tak\u017ce wyk\u0142adowc\u0105, kt\u00f3ry zajmuje si\u0119 m.in. wp\u0142ywem antyizraelskiej propagandy.<\/em><\/span><\/p>\n<p><span style=\"color: #808080;\"><em>Pochodzi z rodziny \u017byd\u00f3w wyp\u0119dzonych z Jemenu.<\/em><\/span><\/p>\n<p><span style=\"color: #808080;\"><em>Ben-Dror Yemini jest zwolennikiem pog\u0142\u0119biania dialogu z Palesty\u0144czykami. Od wielu lat opowiada si\u0119 za niepodleg\u0142ym pa\u0144stwem palesty\u0144skim.<\/em><\/span><\/p>\n<hr style=\"height: 15px; background: #d0e6fa; width: 710px;\" \/>\n<div id=\"content\" class=\" content-alignment&lt;br \/&gt;&lt;br \/&gt; \">\n<div id=\"watch-description\" class=\"yt-uix-button-panel\">\n<div id=\"watch-description-text\">\n<p style=\"text-align: center;\"><span style=\"color: #808080;\"> twoje uwagi, linki, wlasne artykuly, lub wiadomosci przeslij do: <strong><span style=\"text-decoration: underline;\"><span style=\"color: #808080; text-decoration: underline;\"><a href=\"mailto:webmaster@reunion68.com\">webmaster@reunion68.com<\/a><\/span><\/span><\/strong><\/span><\/p>\n<\/div>\n<\/div>\n<\/div>\n<p>&nbsp;<\/p>\n<hr style=\"width: 710px;\" \/>\n","protected":false},"excerpt":{"rendered":"<p>Do Europy jeszcze nic nie dotar\u0142o Ben-Dror Yemini T\u0142umaczenie: Ma\u0142gorzata Koraszewska Stan najwy\u017cszego pogotowia w centrum Brukseli. Terror\u00a0nie otwiera oczu elit, ale zamiast tego popycha je coraz \u00a0bardziej ku samooszukiwaniu\u00a0si\u0119 (Zdj\u0119cie: Reuters) Lata oskar\u017cania Izraela o traktowanie Palesty\u0144czyk\u00f3w tak jak nazi\u015bci traktowali \u017byd\u00f3w, lata ca\u0142kowitego zamykania oczu na odrzucanie przez Palesty\u0144czyk\u00f3w wszystkich propozycji pokojowych, doprowadzi\u0142y [&hellip;]<\/p>\n","protected":false},"author":1,"featured_media":0,"comment_status":"closed","ping_status":"closed","sticky":false,"template":"","format":"standard","meta":[],"categories":[6],"tags":[26,24],"_links":{"self":[{"href":"https:\/\/www.reunion68.se\/index.php?rest_route=\/wp\/v2\/posts\/32312"}],"collection":[{"href":"https:\/\/www.reunion68.se\/index.php?rest_route=\/wp\/v2\/posts"}],"about":[{"href":"https:\/\/www.reunion68.se\/index.php?rest_route=\/wp\/v2\/types\/post"}],"author":[{"embeddable":true,"href":"https:\/\/www.reunion68.se\/index.php?rest_route=\/wp\/v2\/users\/1"}],"replies":[{"embeddable":true,"href":"https:\/\/www.reunion68.se\/index.php?rest_route=%2Fwp%2Fv2%2Fcomments&post=32312"}],"version-history":[{"count":19,"href":"https:\/\/www.reunion68.se\/index.php?rest_route=\/wp\/v2\/posts\/32312\/revisions"}],"predecessor-version":[{"id":32335,"href":"https:\/\/www.reunion68.se\/index.php?rest_route=\/wp\/v2\/posts\/32312\/revisions\/32335"}],"wp:attachment":[{"href":"https:\/\/www.reunion68.se\/index.php?rest_route=%2Fwp%2Fv2%2Fmedia&parent=32312"}],"wp:term":[{"taxonomy":"category","embeddable":true,"href":"https:\/\/www.reunion68.se\/index.php?rest_route=%2Fwp%2Fv2%2Fcategories&post=32312"},{"taxonomy":"post_tag","embeddable":true,"href":"https:\/\/www.reunion68.se\/index.php?rest_route=%2Fwp%2Fv2%2Ftags&post=32312"}],"curies":[{"name":"wp","href":"https:\/\/api.w.org\/{rel}","templated":true}]}}