{"id":32410,"date":"2015-12-14T18:00:47","date_gmt":"2015-12-14T16:00:47","guid":{"rendered":"http:\/\/www.reunion68.se\/?p=32410"},"modified":"2015-12-14T16:02:42","modified_gmt":"2015-12-14T14:02:42","slug":"15-09-2","status":"publish","type":"post","link":"https:\/\/www.reunion68.se\/?p=32410","title":{"rendered":"Prezydent Wroc\u0142awia Rafa\u0142 Dutkiewicz przeprosi\u0142 za spalenie kuk\u0142y \u017byda"},"content":{"rendered":"<h5 style=\"text-align: center;\"><a href=\"http:\/\/chidusz.com\/\" target=\"_blank\"><img decoding=\"async\" class=\"center alignleft\" src=\"http:\/\/www.reunion68.com\/Biuletyn\/img\/chidusz.png\" alt=\"\" width=\"20%\" \/><\/a><span style=\"text-decoration: underline; color: #000080;\"><span style=\"text-decoration: underline;\"><strong><a style=\"color: #000080; text-decoration: underline;\" href=\"http:\/\/chidusz.com\/prezydent-wroclawia-rafal-dutkiewicz-przeprosil-za-spalenie-kukly-zyda-wideo\/\" target=\"_blank\">Prezydent Wroc\u0142awia Rafa\u0142 Dutkiewicz przeprosi\u0142 za spalenie kuk\u0142y \u017byda<\/a><\/strong><\/span><\/span><\/h5>\n<hr style=\"height: 15px; background: #d0e6fa; width: 710px;\" \/>\n<p style=\"text-align: left;\"><strong>Podczas otwarcia ma\u0142ej synagogi we Wroc\u0142awiu, kt\u00f3rej remont by\u0142 mo\u017cliwy dzi\u0119ki dotacji Urz\u0119du Miasta Wroc\u0142awia, Rafa\u0142 Dutkiewicz przeprosi\u0142 spo\u0142eczno\u015b\u0107 \u017cydowsk\u0105 za spalenie kuk\u0142y \u017byda, do kt\u00f3rego dosz\u0142o na wroc\u0142awskim Rynku 18 listopada 2015 roku podczas manifestacji przeciwko przyjmowaniu uchod\u017ac\u00f3w do Polski. Prezydent powiedzia\u0142: \u201eBardzo, bardzo przepraszam za to, co si\u0119 zdarzy\u0142o we Wroc\u0142awiu i jeszcze raz podkre\u015blam, \u017ce by\u0142 to haniebny gest antysemityzmu, \u017ce nigdy tego rodzaju zdarzenie nie powinno w wolnym mie\u015bcie Wroc\u0142awiu mie\u0107 miejsca.\u201d\u00a0<\/strong><\/p>\n<div id=\"content\" class=\" content-alignment&lt;br \/&gt;&lt;br \/&gt; \">\n<div id=\"watch-description\" class=\"yt-uix-button-panel\">\n<div id=\"watch-description-text\"><iframe loading=\"lazy\" src=\"https:\/\/www.youtube.com\/embed\/0sCILCc-HBE\" width=\"680\" height=\"400\" frameborder=\"0\" allowfullscreen=\"allowfullscreen\"><\/iframe><\/div>\n<\/div>\n<\/div>\n<p>&nbsp;<\/p>\n<hr style=\"height: 15px; background: #d0e6fa; width: 710px;\" \/>\n<div id=\"content\" class=\" content-alignment&lt;br \/&gt;&lt;br \/&gt; \">\n<div id=\"watch-description\" class=\"yt-uix-button-panel\">\n<div id=\"watch-description-text\">\n<p style=\"text-align: center;\"><span style=\"color: #808080;\"> twoje uwagi, linki, wlasne artykuly, lub wiadomosci przeslij do: <strong><span style=\"text-decoration: underline;\"><span style=\"color: #808080; text-decoration: underline;\"><a href=\"mailto:webmaster@reunion68.com\">webmaster@reunion68.com<\/a><\/span><\/span><\/strong><\/span><\/p>\n<\/div>\n<\/div>\n<\/div>\n<p>&nbsp;<\/p>\n<hr style=\"width: 710px;\" \/>\n","protected":false},"excerpt":{"rendered":"<p>Prezydent Wroc\u0142awia Rafa\u0142 Dutkiewicz przeprosi\u0142 za spalenie kuk\u0142y \u017byda Podczas otwarcia ma\u0142ej synagogi we Wroc\u0142awiu, kt\u00f3rej remont by\u0142 mo\u017cliwy dzi\u0119ki dotacji Urz\u0119du Miasta Wroc\u0142awia, Rafa\u0142 Dutkiewicz przeprosi\u0142 spo\u0142eczno\u015b\u0107 \u017cydowsk\u0105 za spalenie kuk\u0142y \u017byda, do kt\u00f3rego dosz\u0142o na wroc\u0142awskim Rynku 18 listopada 2015 roku podczas manifestacji przeciwko przyjmowaniu uchod\u017ac\u00f3w do Polski. Prezydent powiedzia\u0142: \u201eBardzo, bardzo przepraszam [&hellip;]<\/p>\n","protected":false},"author":1,"featured_media":0,"comment_status":"closed","ping_status":"closed","sticky":false,"template":"","format":"standard","meta":[],"categories":[6],"tags":[26,24],"_links":{"self":[{"href":"https:\/\/www.reunion68.se\/index.php?rest_route=\/wp\/v2\/posts\/32410"}],"collection":[{"href":"https:\/\/www.reunion68.se\/index.php?rest_route=\/wp\/v2\/posts"}],"about":[{"href":"https:\/\/www.reunion68.se\/index.php?rest_route=\/wp\/v2\/types\/post"}],"author":[{"embeddable":true,"href":"https:\/\/www.reunion68.se\/index.php?rest_route=\/wp\/v2\/users\/1"}],"replies":[{"embeddable":true,"href":"https:\/\/www.reunion68.se\/index.php?rest_route=%2Fwp%2Fv2%2Fcomments&post=32410"}],"version-history":[{"count":8,"href":"https:\/\/www.reunion68.se\/index.php?rest_route=\/wp\/v2\/posts\/32410\/revisions"}],"predecessor-version":[{"id":32412,"href":"https:\/\/www.reunion68.se\/index.php?rest_route=\/wp\/v2\/posts\/32410\/revisions\/32412"}],"wp:attachment":[{"href":"https:\/\/www.reunion68.se\/index.php?rest_route=%2Fwp%2Fv2%2Fmedia&parent=32410"}],"wp:term":[{"taxonomy":"category","embeddable":true,"href":"https:\/\/www.reunion68.se\/index.php?rest_route=%2Fwp%2Fv2%2Fcategories&post=32410"},{"taxonomy":"post_tag","embeddable":true,"href":"https:\/\/www.reunion68.se\/index.php?rest_route=%2Fwp%2Fv2%2Ftags&post=32410"}],"curies":[{"name":"wp","href":"https:\/\/api.w.org\/{rel}","templated":true}]}}