{"id":3294,"date":"2014-08-03T06:39:05","date_gmt":"2014-08-03T04:39:05","guid":{"rendered":"http:\/\/www.reunion68.se\/?p=3294"},"modified":"2014-08-03T06:46:17","modified_gmt":"2014-08-03T04:46:17","slug":"stowarzyszenie-drugie-pokolenie-zawiadamia-2","status":"publish","type":"post","link":"https:\/\/www.reunion68.se\/?p=3294","title":{"rendered":"Stowarzyszenie Drugie Pokolenie &#8211; zawiadamia"},"content":{"rendered":"<p><a href=\"http:\/\/drugiepokolenie.org.pl\/\" target=\"_blank\"><img decoding=\"async\" class=\"aligncenter\" src=\"http:\/\/drugiepokolenie.org.pl\/wp-content\/themes\/stowarzyszeniedrugiepokolenie\/img\/top.png\" alt=\"\" width=\"700\" \/><\/a><br \/>\n<span style=\"color: #000080;\">Drodzy,<\/span><\/p>\n<p><span style=\"color: #000080;\"><strong>6 sierpnia<\/strong> \u015broda godz. 16.00-19.00 \u201eBia\u0142y budynek\u201d ul. Twarda 6, sprzeda\u017c \u201ecegie\u0142ek\u201d na koncert Teresy Mirgi, kt\u00f3ry odb\u0119dzie 16 sierpnia sobota godz. 18.00 w synagodze w Kazimierzu Dolnym; dla cz\u0142onk\u00f3w Stowarzyszenia &#8220;cegie\u0142ki&#8221; w cenie specjalnej!<\/span><br \/>\n<span style=\"color: #000080;\"> Stowarzyszenie Drugie Pokolenie organizuje koncert pie\u015bni w wykonaniu Teresy Mirgi, cyga\u0144skiej poetki, pie\u015bniarki, gitarzystki, za\u0142o\u017cycielki i liderki cyga\u0144skiego zespo\u0142u Ka\u0142e Ba\u0142a (Czarne W\u0142osy). Z gitar\u0105 lub a cappella wykonuje repertuar pie\u015bni cyga\u0144skich, przede wszystkim starych, cz\u0119sto zapomnianych pie\u015bni Cygan\u00f3w Karpackich, melodie nale\u017c\u0105ce do tradycji muzycznej Cygan\u00f3w na S\u0142owacji, W\u0119grzech oraz Ba\u0142kanach, a tak\u017ce utwory w\u0142asne. Artystka mieszka na Spiszu w Czarnej G\u00f3rze pod Bukowin\u0105 Tatrza\u0144sk\u0105.<\/span><br \/>\n<span style=\"color: #000080;\"> 2 sierpnia obchodzony jest Dzie\u0144 Pami\u0119ci o Zag\u0142adzie Rom\u00f3w, koncert dedykujemy Ich pami\u0119ci.<\/span><\/p>\n<p><span style=\"color: #000080;\"><strong>9 sierpnia,<\/strong> sobota godz. 20.30, Kibuc Warszawa, \u201edomek fi\u0144ski\u201d ul. Jazd\u00f3w 5a\/3; Przej\u015bcie, czyli Trzecie powie Pierwszemu i Drugiemu, film Jana Lorenza opowiada o do\u015bwiadczeniach tr\u00f3jki Wroc\u0142awian z &#8220;Trzeciego pokolenia&#8221;, o odradzaniu si\u0119 \u017cycia \u017cydowskiego, o stawaniu si\u0119 polskim \u017bydem i \u017cydowskim Polakiem. \u201ePrzej\u015bcie\u201d jest tak\u017ce refleksj\u0105 o do\u015bwiadczeniu inno\u015bci we wsp\u00f3\u0142czesnej Polsce. Po filmie dyskusja. Wiecz\u00f3r rozpocznie si\u0119 Hawdal\u0105. Wydarzenie organizowane wsp\u00f3lnie z \u017bydowsk\u0105 Og\u00f3lnopolsk\u0105 Organizacj\u0105 M\u0142odzie\u017cow\u0105 i Ec Chaim<\/span><\/p>\n<p><span style=\"color: #000080;\"><strong>23 sierpnia<\/strong> sobota godz. 14.00, Austriackie Forum Kultury, ul. Pr\u00f3\u017cna 7\/9, podczas Festiwalu Singera zapraszamy Warszawiak\u00f3w na rozmow\u0119 o nas, o naszych domach, o tym, dlaczego, po co i dla kogo za\u0142o\u017cyli\u015bmy stowarzyszenie, i o tym, czy i dlaczego jest ono potrzebne.<\/span><br \/>\n<span style=\"color: #000080;\"> Alina \u015awidowska przeczyta fragmenty esej\u00f3w nades\u0142anych na konkurs To\u017csamo\u015b\u0107? Ale jaka?<\/span><br \/>\n<span style=\"color: #000080;\"> Zapraszamy i zach\u0119camy cz\u0142onk\u00f3w i sympatyk\u00f3w Stowarzyszenia do uczestniczenia w spotkaniu.<\/span><br \/>\n<span style=\"color: #000080;\"> Wi\u0119cej o festiwalu http:\/\/www.festiwalsingera.pl\/, program w za\u0142\u0105czniku<\/span><\/p>\n<p><span style=\"color: #000080;\"><strong>30 sierpnia<\/strong> &#8211; dyrektor Dariusz Stola zaprasza Drugie Pokolenie do Muzeum Historii \u017byd\u00f3w Polskich, w programie m. in. zwiedzanie cz\u0119\u015bci wystawy g\u0142\u00f3wnej jeszcze przed jej otwarciem; wi\u0119cej wkr\u00f3tce<\/span><\/p>\n<p><span style=\"color: #000080;\"><strong>14 wrze\u015bnia,<\/strong> urz\u0105dzamy urodziny\u2026.. szczeg\u00f3\u0142y nied\u0142ugo<\/span><\/p>\n<p><span style=\"color: #000080;\">wszystkim obecnym 22 lipca na Umschlagplatz &#8211; dziekujemy!<\/span><\/p>\n<p style=\"text-align: right;\"><span style=\"color: #000080;\">Ufffff, gor\u0105co!<\/span><br \/>\n<span style=\"color: #000080;\"> w letni\u0105 noc<\/span><br \/>\n<span style=\"color: #000080;\"> gor\u0105co pozdrawiam<\/span><\/p>\n<p style=\"text-align: right;\"><strong><em><span style=\"color: #000080;\">Ela Magenheim<\/span><\/em><\/strong><\/p>\n<p><object class=\"vanilla-pdf-embed\" data=\"http:\/\/www.reunion68.com\/Biuletyn\/Plakat_bialy.pdf?attachment_id=1#page=1&view=FitH\" type=\"application\/pdf\" width=\"700px\" height=\"950em\">\n    <p><a href=\"http:\/\/www.reunion68.com\/Biuletyn\/Plakat_bialy.pdf?attachment_id=1\">Download the PDF file .<\/a><\/p>\n<\/object><br \/>\n<object class=\"vanilla-pdf-embed\" data=\"http:\/\/www.reunion68.com\/Biuletyn\/Singer.pdf?attachment_id=1#page=1&view=FitH\" type=\"application\/pdf\" width=\"700px\" height=\"950em\">\n    <p><a href=\"http:\/\/www.reunion68.com\/Biuletyn\/Singer.pdf?attachment_id=1\">Download the PDF file .<\/a><\/p>\n<\/object><\/p>\n<hr \/>\n","protected":false},"excerpt":{"rendered":"<p>Drodzy, 6 sierpnia \u015broda godz. 16.00-19.00 \u201eBia\u0142y budynek\u201d ul. Twarda 6, sprzeda\u017c \u201ecegie\u0142ek\u201d na koncert Teresy Mirgi, kt\u00f3ry odb\u0119dzie 16 sierpnia sobota godz. 18.00 w synagodze w Kazimierzu Dolnym; dla cz\u0142onk\u00f3w Stowarzyszenia &#8220;cegie\u0142ki&#8221; w cenie specjalnej! Stowarzyszenie Drugie Pokolenie organizuje koncert pie\u015bni w wykonaniu Teresy Mirgi, cyga\u0144skiej poetki, pie\u015bniarki, gitarzystki, za\u0142o\u017cycielki i liderki cyga\u0144skiego zespo\u0142u [&hellip;]<\/p>\n","protected":false},"author":1,"featured_media":0,"comment_status":"closed","ping_status":"closed","sticky":false,"template":"","format":"standard","meta":[],"categories":[4],"tags":[24],"_links":{"self":[{"href":"https:\/\/www.reunion68.se\/index.php?rest_route=\/wp\/v2\/posts\/3294"}],"collection":[{"href":"https:\/\/www.reunion68.se\/index.php?rest_route=\/wp\/v2\/posts"}],"about":[{"href":"https:\/\/www.reunion68.se\/index.php?rest_route=\/wp\/v2\/types\/post"}],"author":[{"embeddable":true,"href":"https:\/\/www.reunion68.se\/index.php?rest_route=\/wp\/v2\/users\/1"}],"replies":[{"embeddable":true,"href":"https:\/\/www.reunion68.se\/index.php?rest_route=%2Fwp%2Fv2%2Fcomments&post=3294"}],"version-history":[{"count":8,"href":"https:\/\/www.reunion68.se\/index.php?rest_route=\/wp\/v2\/posts\/3294\/revisions"}],"predecessor-version":[{"id":3304,"href":"https:\/\/www.reunion68.se\/index.php?rest_route=\/wp\/v2\/posts\/3294\/revisions\/3304"}],"wp:attachment":[{"href":"https:\/\/www.reunion68.se\/index.php?rest_route=%2Fwp%2Fv2%2Fmedia&parent=3294"}],"wp:term":[{"taxonomy":"category","embeddable":true,"href":"https:\/\/www.reunion68.se\/index.php?rest_route=%2Fwp%2Fv2%2Fcategories&post=3294"},{"taxonomy":"post_tag","embeddable":true,"href":"https:\/\/www.reunion68.se\/index.php?rest_route=%2Fwp%2Fv2%2Ftags&post=3294"}],"curies":[{"name":"wp","href":"https:\/\/api.w.org\/{rel}","templated":true}]}}