{"id":3306,"date":"2014-08-03T06:56:50","date_gmt":"2014-08-03T04:56:50","guid":{"rendered":"http:\/\/www.reunion68.se\/?p=3306"},"modified":"2014-08-03T06:58:22","modified_gmt":"2014-08-03T04:58:22","slug":"71-rocznica-wybuchu-powstania-w-obozie-zaglady-w-treblince","status":"publish","type":"post","link":"https:\/\/www.reunion68.se\/?p=3306","title":{"rendered":"71. rocznica wybuchu powstania w obozie zag\u0142ady w Treblince"},"content":{"rendered":"<h4 style=\"text-align: center;\"><a href=\"http:\/\/www.jhi.pl\" target=\"_&quot;blank&quot;\"><img decoding=\"async\" class=\"alignleft\" src=\"http:\/\/www.jhi.pl\/assets\/logo-1157612367e042cc1b4667332dd2cfd0.png\" alt=\"\" \/><\/a><span style=\"color: #000080; text-decoration: underline;\"><strong><a href=\"http:\/\/www.jhi.pl\/wydarzenia\/spotkania\/273\" target=\"_blank\">71. rocznica wybuchu powstania w obozie zag\u0142ady w Treblince<\/a><\/strong><\/span><\/h4>\n<p style=\"text-align: left;\"><span style=\"color: #000080;\"><br \/>\nW tegorocznych obchodach udzia\u0142 wezm\u0105 jedyny \u017cyj\u0105cy wi\u0119zie\u0144 Treblinki, uczestnik buntu \u2014\u00a0Samuel Willenberg wraz z\u00a0\u017con\u0105 oraz cz\u0142onkowie Stowarzyszenia Dzieci Holokaustu.\u00a0Zapraszamy wszystkich, kt\u00f3rzy czuj\u0105 potrzeb\u0119 oddania ho\u0142du 800 tysi\u0105com \u017byd\u00f3w zamordowanych w\u00a0Treblince.<\/span><\/p>\n<p style=\"text-align: left;\"><span style=\"color: #000080;\">Uroczysto\u015b\u0107 rozpocznie si\u0119 o\u00a010:30 w\u00a0Treblince.<\/span><\/p>\n<p><img decoding=\"async\" class=\"aligncenter\" src=\"http:\/\/www.jhi.pl\/uploads\/event\/image\/273\/full_hd__MGL6377.jpg\" alt=\"\" width=\"700\" \/><\/p>\n<p><img decoding=\"async\" class=\"aligncenter\" src=\"http:\/\/www.jhi.pl\/uploads\/image\/file\/4975\/layout_2__MGL6332.jpg\" alt=\"\" \/><\/p>\n<p>&nbsp;<\/p>\n<p style=\"text-align: right;\"><span style=\"color: #000080;\">Czytaj wiecej <span style=\"text-decoration: underline;\"><strong><a href=\"http:\/\/www.jhi.pl\/wydarzenia\/spotkania\/273\" target=\"_blank\"><span style=\"color: #000080; text-decoration: underline;\">\u017bydowski Instytut Historyczny<\/span><\/a><\/strong><\/span><\/span><\/p>\n<hr \/>\n","protected":false},"excerpt":{"rendered":"<p>71. rocznica wybuchu powstania w obozie zag\u0142ady w Treblince W tegorocznych obchodach udzia\u0142 wezm\u0105 jedyny \u017cyj\u0105cy wi\u0119zie\u0144 Treblinki, uczestnik buntu \u2014\u00a0Samuel Willenberg wraz z\u00a0\u017con\u0105 oraz cz\u0142onkowie Stowarzyszenia Dzieci Holokaustu.\u00a0Zapraszamy wszystkich, kt\u00f3rzy czuj\u0105 potrzeb\u0119 oddania ho\u0142du 800 tysi\u0105com \u017byd\u00f3w zamordowanych w\u00a0Treblince. Uroczysto\u015b\u0107 rozpocznie si\u0119 o\u00a010:30 w\u00a0Treblince. &nbsp; Czytaj wiecej \u017bydowski Instytut Historyczny<\/p>\n","protected":false},"author":1,"featured_media":0,"comment_status":"closed","ping_status":"closed","sticky":false,"template":"","format":"standard","meta":[],"categories":[4],"tags":[24],"_links":{"self":[{"href":"https:\/\/www.reunion68.se\/index.php?rest_route=\/wp\/v2\/posts\/3306"}],"collection":[{"href":"https:\/\/www.reunion68.se\/index.php?rest_route=\/wp\/v2\/posts"}],"about":[{"href":"https:\/\/www.reunion68.se\/index.php?rest_route=\/wp\/v2\/types\/post"}],"author":[{"embeddable":true,"href":"https:\/\/www.reunion68.se\/index.php?rest_route=\/wp\/v2\/users\/1"}],"replies":[{"embeddable":true,"href":"https:\/\/www.reunion68.se\/index.php?rest_route=%2Fwp%2Fv2%2Fcomments&post=3306"}],"version-history":[{"count":8,"href":"https:\/\/www.reunion68.se\/index.php?rest_route=\/wp\/v2\/posts\/3306\/revisions"}],"predecessor-version":[{"id":3314,"href":"https:\/\/www.reunion68.se\/index.php?rest_route=\/wp\/v2\/posts\/3306\/revisions\/3314"}],"wp:attachment":[{"href":"https:\/\/www.reunion68.se\/index.php?rest_route=%2Fwp%2Fv2%2Fmedia&parent=3306"}],"wp:term":[{"taxonomy":"category","embeddable":true,"href":"https:\/\/www.reunion68.se\/index.php?rest_route=%2Fwp%2Fv2%2Fcategories&post=3306"},{"taxonomy":"post_tag","embeddable":true,"href":"https:\/\/www.reunion68.se\/index.php?rest_route=%2Fwp%2Fv2%2Ftags&post=3306"}],"curies":[{"name":"wp","href":"https:\/\/api.w.org\/{rel}","templated":true}]}}