{"id":3387,"date":"2014-08-06T07:26:57","date_gmt":"2014-08-06T05:26:57","guid":{"rendered":"http:\/\/www.reunion68.se\/?p=3387"},"modified":"2014-08-06T07:27:48","modified_gmt":"2014-08-06T05:27:48","slug":"zydzi-w-powstanczej-warszawie","status":"publish","type":"post","link":"https:\/\/www.reunion68.se\/?p=3387","title":{"rendered":"\u017bydzi w powsta\u0144czej Warszawie"},"content":{"rendered":"<h4 style=\"text-align: center;\"><a href=\"http:\/\/www.holocaustresearch.pl\/\" target=\"_blank\"><img decoding=\"async\" class=\"alignleft\" src=\"http:\/\/www.reunion68.com\/Biuletyn\/img\/centrum.jpg\" alt=\"\" width=\"450\" \/><\/a><\/h4>\n<h4 style=\"text-align: center;\"><\/h4>\n<h4 style=\"text-align: center;\"><\/h4>\n<h4 style=\"text-align: center;\"><\/h4>\n<h4 style=\"text-align: center;\"><span style=\"color: #000080; text-decoration: underline;\"><strong><a href=\"http:\/\/www.holocaustresearch.pl\/index.php?show=434\" target=\"_blank\"><span style=\"color: #000080; text-decoration: underline;\">\u017bydzi w powsta\u0144czej Warszawie<\/span><\/a><\/strong><\/span><\/h4>\n<p style=\"text-align: center;\"><span style=\"color: #808080;\">\u017bydzi w powsta\u0144czej Warszawie<\/span><br \/>\n<span style=\"color: #808080;\"> Barbara Englking, Dariusz Libionka<\/span><br \/>\n<span style=\"color: #808080;\"> Stowarzyszenie Centrum Bada\u0144 nad Zag\u0142ad\u0105 \u017byd\u00f3w, Sierpie\u0144 2009<\/span><br \/>\n<span style=\"color: #808080;\"> ISBN: 978-83-926831-1-7<\/span><br \/>\n<span style=\"color: #808080;\"> liczba stron: 360 + fotografie 32 s. + mapa; wym.: 115X235 mm; ok\u0142. mi\u0119kka ze skrzyde\u0142kami<\/span><\/p>\n<p style=\"text-align: center;\"><span style=\"color: #808080;\"><img decoding=\"async\" class=\"alignright\" src=\"http:\/\/www.reunion68.com\/Biuletyn\/img\/Zydzi-PW.jpg\" alt=\"\" \/><\/span><\/p>\n<p style=\"text-align: left;\"><span style=\"color: #000080;\">Jak dot\u0105d tylko nieliczni historycy powstania upominali si\u0119 o pami\u0119\u0107 o wk\u0142adzie \u017byd\u00f3w w czyn zbrojny walcz\u0105cej Warszawy. Niewielu autor\u00f3w po\u015bwi\u0119ca\u0142o swoj\u0105 uwag\u0119 tym z nich, kt\u00f3rzy znale\u017ali si\u0119 w\u015br\u00f3d ludno\u015bci cywilnej. Niniejsza ksi\u0105\u017cka wype\u0142nia t\u0119 luk\u0119.<\/span><\/p>\n<p style=\"text-align: left;\"><span style=\"color: #000080;\">Sk\u0142ada si\u0119 ona z dw\u00f3ch zasadniczych cz\u0119\u015bci. Pierwsza dotyczy udzia\u0142u \u017byd\u00f3w w walce, druga za\u015b losu ludno\u015bci cywilnej w ogarni\u0119tej powstaniem Warszawie oraz tych, kt\u00f3rzy po kapitulacji zdecydowali si\u0119 pozosta\u0107 w gruzach miasta. Obie te perspektywy \u201ewojskowa\u201c i \u201ecywilna\u201c cho\u0107 w wielu miejscach krzy\u017cuj\u0105 si\u0119 ze sob\u0105, przynosz\u0105 odmienne problemy.<\/span><\/p>\n<p style=\"text-align: left;\"><span style=\"color: #000080;\">Aby mo\u017cliwie najwierniej odtworzy\u0107 losy \u017byd\u00f3w w powsta\u0144czej Warszawie autorzy wykorzystali wszelkie dost\u0119pne rodzaje \u017ar\u00f3de\u0142, zar\u00f3wno ze strony polskiej, jak i \u017cydowskiej, w wielu miejscach oddaj\u0105c g\u0142os swoim bohaterom, wykorzystuj\u0105c ich wspomnienia, pami\u0119tniki i relacje.<\/span><\/p>\n<p style=\"text-align: left;\"><span style=\"color: #000080;\"><em>Ksi\u0105\u017cka ta w istocie jest opowie\u015bci\u0105 nie tylko o zaanga\u017cowaniu si\u0119 \u017byd\u00f3w w wielkie narodowe Powstanie, ale w du\u017cej mierze, a mo\u017ce nawet przede wszystkim, o relacjach Polak\u00f3w i \u017byd\u00f3w w czasie dw\u00f3ch miesi\u0119cy lata 1944 r. Autorzy (&#8230;) starannie rekonstruuj\u0105 fakty, zbieraj\u0105c rozproszone relacje i dokumenty. Do racji podnoszonych dot\u0105d przez polsk\u0105 historiografi\u0119 odnosz\u0105 si\u0119 z szacunkiem, cho\u0107 wykazuj\u0105 te\u017c wielkie zrozumienie dla cierpienia \u017cydowskiego. Nie s\u0105 jednak niewolnikami jednej wizji, nie daj\u0105 si\u0119 uwie\u015b\u0107 opowie\u015bciom niekt\u00f3rych ocalonych, weryfikuj\u0105 relacje i zeznania zgodnie z warsztatem historyka i mo\u017cliwo\u015bciami chwili.<\/em><\/span><\/p>\n<p style=\"text-align: right;\"><span style=\"color: #000080;\"><strong>Janusz Marszalec<\/strong><\/span><\/p>\n<p>&nbsp;<\/p>\n<p style=\"text-align: left;\"><span style=\"color: #000080;\"><em>Stosunki polsko-\u017cydowskie nale\u017c\u0105 do tych temat\u00f3w, kt\u00f3re nieodmiennie budz\u0105 \u017cywe emocje. Przez lata pomijane milczeniem lub sprowadzane urz\u0119dowej wersji, dopiero po upadku komunizmu sta\u0142y si\u0119 przedmiotem intensywnych prac historyk\u00f3w. (&#8230;) Nale\u017cy do nich niew\u0105tpliwie kwestia los\u00f3w tych \u017byd\u00f3w, kt\u00f3rzy znajdowali si\u0119 w Warszawie podczas Powstania 1944 r. Temat z jednej strony niezwykle gor\u0105cy (wystarczy tu przypomnie\u0107 dyskusje wok\u00f3\u0142 artyku\u0142u Micha\u0142a Cichego), z drugiej natomiast jak dot\u0105d nie opracowany przez historyk6w. Dlatego z uznaniem nale\u017cy przyj\u0105\u0107 inicjatyw\u0119 dr hab. Barbary Engelking i dr Dariusza Libionki, aby temat ten &#8211; w ko\u0144cu! &#8211; rzetelnie opracowa\u0107. (&#8230;)<\/em><\/span><\/p>\n<p style=\"text-align: left;\"><span style=\"color: #000080;\"><em>\u2018\u017bydzi w powsta\u0144czej Warszawie\u2019 to rzetelne kompendium wiedzy, kt\u00f3re koniecznie trzeba udost\u0119pni\u0107 szerszemu gronu czytelnik\u00f3w.<\/em><\/span><\/p>\n<p style=\"text-align: right;\"><span style=\"color: #000080;\"><strong>Grzegorz Motyka<\/strong><\/span><\/p>\n<p style=\"text-align: right;\"><span style=\"color: #000080;\">Czytaj wiecej o <strong><span style=\"text-decoration: underline;\"><a href=\"http:\/\/www.holocaustresearch.pl\/index.php?show=434\" target=\"_blank\"><span style=\"color: #000080; text-decoration: underline;\">\u017bydzi w powsta\u0144czej Warszawie<\/span><\/a><\/span><\/strong><\/span><\/p>\n<hr>\n","protected":false},"excerpt":{"rendered":"<p>\u017bydzi w powsta\u0144czej Warszawie \u017bydzi w powsta\u0144czej Warszawie Barbara Englking, Dariusz Libionka Stowarzyszenie Centrum Bada\u0144 nad Zag\u0142ad\u0105 \u017byd\u00f3w, Sierpie\u0144 2009 ISBN: 978-83-926831-1-7 liczba stron: 360 + fotografie 32 s. + mapa; wym.: 115X235 mm; ok\u0142. mi\u0119kka ze skrzyde\u0142kami Jak dot\u0105d tylko nieliczni historycy powstania upominali si\u0119 o pami\u0119\u0107 o wk\u0142adzie \u017byd\u00f3w w czyn zbrojny walcz\u0105cej [&hellip;]<\/p>\n","protected":false},"author":1,"featured_media":0,"comment_status":"closed","ping_status":"closed","sticky":false,"template":"","format":"standard","meta":[],"categories":[4],"tags":[24],"_links":{"self":[{"href":"https:\/\/www.reunion68.se\/index.php?rest_route=\/wp\/v2\/posts\/3387"}],"collection":[{"href":"https:\/\/www.reunion68.se\/index.php?rest_route=\/wp\/v2\/posts"}],"about":[{"href":"https:\/\/www.reunion68.se\/index.php?rest_route=\/wp\/v2\/types\/post"}],"author":[{"embeddable":true,"href":"https:\/\/www.reunion68.se\/index.php?rest_route=\/wp\/v2\/users\/1"}],"replies":[{"embeddable":true,"href":"https:\/\/www.reunion68.se\/index.php?rest_route=%2Fwp%2Fv2%2Fcomments&post=3387"}],"version-history":[{"count":25,"href":"https:\/\/www.reunion68.se\/index.php?rest_route=\/wp\/v2\/posts\/3387\/revisions"}],"predecessor-version":[{"id":3412,"href":"https:\/\/www.reunion68.se\/index.php?rest_route=\/wp\/v2\/posts\/3387\/revisions\/3412"}],"wp:attachment":[{"href":"https:\/\/www.reunion68.se\/index.php?rest_route=%2Fwp%2Fv2%2Fmedia&parent=3387"}],"wp:term":[{"taxonomy":"category","embeddable":true,"href":"https:\/\/www.reunion68.se\/index.php?rest_route=%2Fwp%2Fv2%2Fcategories&post=3387"},{"taxonomy":"post_tag","embeddable":true,"href":"https:\/\/www.reunion68.se\/index.php?rest_route=%2Fwp%2Fv2%2Ftags&post=3387"}],"curies":[{"name":"wp","href":"https:\/\/api.w.org\/{rel}","templated":true}]}}