{"id":3413,"date":"2014-08-07T07:25:03","date_gmt":"2014-08-07T05:25:03","guid":{"rendered":"http:\/\/www.reunion68.se\/?p=3413"},"modified":"2014-08-07T07:25:58","modified_gmt":"2014-08-07T05:25:58","slug":"klip-memri-tv-przedstawiajacy-szejka-we-wloskim-meczecie-ktory-wzywa-allaha-do-zabicia-zydow","status":"publish","type":"post","link":"https:\/\/www.reunion68.se\/?p=3413","title":{"rendered":"Klip MEMRI TV przedstawiaj\u0105cy szejka we w\u0142oskim meczecie, kt\u00f3ry wzywa Allaha do zabicia \u017byd\u00f3w \u201c"},"content":{"rendered":"<p>&nbsp;<\/p>\n<p style=\"text-align: center;\"><a href=\"http:\/\/www2.memri.org\/\" target=\"_blank\"><img decoding=\"async\" loading=\"lazy\" class=\"aligncenter\" src=\"http:\/\/www2.memri.org\/polish\/images\/logo.jpg\" alt=\"THE MIDDLE EAST MEDIA RESEARCH INSTITUTE\" width=\"207\" height=\"60\" border=\"0\" \/><\/a><span style=\"text-decoration: underline;\"><span style=\"color: #808080; text-decoration: underline;\">Seria Specjalnych Komunikat\u00f3w &#8211; Nr 5816<\/span><\/span><\/p>\n<h4 style=\"text-align: center;\"><strong><span style=\"text-decoration: underline;\"><a href=\"http:\/\/www2.memri.org\/bin\/polish\/latestnews.cgi?ID=SD581614\" target=\"_blank\">Klip MEMRI TV przedstawiaj\u0105cy szejka we w\u0142oskim meczecie, kt\u00f3ry wzywa Allaha do zabicia \u017byd\u00f3w \u201cdo ostatniego\u201d, doprowadzi\u0142 do jego wydalenia przez w\u0142oskie ministerstwo spraw wewn\u0119trznych<\/a><\/span><\/strong><\/h4>\n<p style=\"text-align: left;\"><span style=\"color: #000080;\">Klip MEMRI TV opublikowany 4sierpnia 2014 r. pokazywa\u0142 szejka Abd Al-Barra Al-Rawdhiego podczas kazania pi\u0105tkowego w meczecie Al-Rahma w San Don\u00e0 di Piave, pod Wenecj\u0105 we W\u0142oszech, wzywaj\u0105cego Allaha, by &#8220;policzy\u0142 [\u017byd\u00f3w] jednego za drugim i zabi\u0142 ich do ostatniego&#8221;. Nast\u0119pnie wezwa\u0142 on Allaha, by \u201czamieni\u0142 ich \u017cywno\u015b\u0107 w trucizn\u0119 i uczyni\u0142 powietrze, kt\u00f3rym oddychaj\u0105 piekielnie gor\u0105cym\u201d. Kazanie zosta\u0142o zamieszczone w Internecie 29 lipca 2014 r. (obejrzyj klip w MEMRI TV tutaj ).<\/span><\/p>\n<p><iframe loading=\"lazy\" src=\"\/\/www.youtube.com\/embed\/QvDXpaeS5os?feature=player_embedded\" width=\"640\" height=\"360\" frameborder=\"0\" allowfullscreen=\"allowfullscreen\"><\/iframe><\/p>\n<p style=\"text-align: left;\"><span style=\"color: #000080;\">5 sierpnia 2014 r. w\u0142oskie ministerstwo spraw wewn\u0119trznych o\u015bwiadczy\u0142o, \u017ce wydala szejka [1] pisz\u0105c w o\u015bwiadczeniu, \u017ce powodem wydalenia by\u0142y s\u0142owa szejka, kt\u00f3re \u201cpowa\u017cnie zak\u0142\u00f3caj\u0105 pok\u00f3j, nara\u017caj\u0105 bezpiecze\u0144stwo narodowe i [stanowi\u0105] dyskryminacj\u0119 religijn\u0105\u201d. W\u0142oski minister spraw wewn\u0119trznych Angelino Alfano, powiedzia\u0142: \u201eWyg\u0142aszanie kaza\u0144 antysemickich, kt\u00f3re wyra\u017anie pod\u017cegaj\u0105 do przemocy i nienawi\u015bci sekciarskiej nie jest do zaakceptowania. Niech moja decyzja w tym wypadku b\u0119dzie ostrze\u017ceniem dla tych, kt\u00f3rzy s\u0105dz\u0105, \u017ce mo\u017cna naucza\u0107 nienawi\u015bci we W\u0142oszech\u201d.<\/span><\/p>\n<p style=\"text-align: left;\"><span style=\"color: #000080;\">Gazeta w\u0142oska \u201cIl Fatto Quotidiano\u201d donios\u0142a o wydaleniu szejka i napisa\u0142a, \u017ce klip wideo z kazaniem zosta\u0142 opublikowany przez MEMRI. Doniesienie zawiera\u0142o tak\u017ce fragment klipu MEMRI TV [2] . Podobne informacje pojawi\u0142y si\u0119 w wi\u0119kszo\u015bci medi\u00f3w w\u0142oskich.<\/span><\/p>\n<p style=\"text-align: left;\"><span style=\"color: #000080;\">Poinformowano, \u017ce spo\u0142eczno\u015b\u0107 muzu\u0142ma\u0144ska w regionie Veneto zaaprobowa\u0142a decyzj\u0119 ministra. Bouchaib Tanji, przewodnicz\u0105cy Federacji Islamskiej Veneto oraz stowarzyszenia Assalam (Pok\u00f3j), powiedzia\u0142: &#8220;Islam jest religi\u0105 pokoju. Nie wolno pozwoli\u0107 tym, kt\u00f3rzy g\u0142osz\u0105 \u015bmier\u0107, na wchodzenie do meczet\u00f3w\u201d [3] .<\/span><\/p>\n<p style=\"text-align: left;\"><span style=\"color: #808080;\">Przypisy:<\/span><\/p>\n<p style=\"text-align: left;\"><span style=\"color: #808080;\">[1] Interno.gov.it\/mininterno\/export\/sites\/default\/it\/sezioni\/sala_stampa\/<\/span><br \/>\n<span style=\"color: #808080;\"> notizie\/sicurezza\/2014_08_05_espulsione_imam_Albdelbar.html<\/span><\/p>\n<p style=\"text-align: left;\"><span style=\"color: #808080;\">[2] Ilfattoquotidiano.it, 5 sierpnia 2014. [3] Ansa.it\/english\/news, 5 sierpnia 2014.<\/span><\/p>\n<hr \/>\n","protected":false},"excerpt":{"rendered":"<p>&nbsp; Seria Specjalnych Komunikat\u00f3w &#8211; Nr 5816 Klip MEMRI TV przedstawiaj\u0105cy szejka we w\u0142oskim meczecie, kt\u00f3ry wzywa Allaha do zabicia \u017byd\u00f3w \u201cdo ostatniego\u201d, doprowadzi\u0142 do jego wydalenia przez w\u0142oskie ministerstwo spraw wewn\u0119trznych Klip MEMRI TV opublikowany 4sierpnia 2014 r. pokazywa\u0142 szejka Abd Al-Barra Al-Rawdhiego podczas kazania pi\u0105tkowego w meczecie Al-Rahma w San Don\u00e0 di Piave, [&hellip;]<\/p>\n","protected":false},"author":1,"featured_media":0,"comment_status":"closed","ping_status":"closed","sticky":false,"template":"","format":"standard","meta":[],"categories":[6],"tags":[24],"_links":{"self":[{"href":"https:\/\/www.reunion68.se\/index.php?rest_route=\/wp\/v2\/posts\/3413"}],"collection":[{"href":"https:\/\/www.reunion68.se\/index.php?rest_route=\/wp\/v2\/posts"}],"about":[{"href":"https:\/\/www.reunion68.se\/index.php?rest_route=\/wp\/v2\/types\/post"}],"author":[{"embeddable":true,"href":"https:\/\/www.reunion68.se\/index.php?rest_route=\/wp\/v2\/users\/1"}],"replies":[{"embeddable":true,"href":"https:\/\/www.reunion68.se\/index.php?rest_route=%2Fwp%2Fv2%2Fcomments&post=3413"}],"version-history":[{"count":11,"href":"https:\/\/www.reunion68.se\/index.php?rest_route=\/wp\/v2\/posts\/3413\/revisions"}],"predecessor-version":[{"id":3423,"href":"https:\/\/www.reunion68.se\/index.php?rest_route=\/wp\/v2\/posts\/3413\/revisions\/3423"}],"wp:attachment":[{"href":"https:\/\/www.reunion68.se\/index.php?rest_route=%2Fwp%2Fv2%2Fmedia&parent=3413"}],"wp:term":[{"taxonomy":"category","embeddable":true,"href":"https:\/\/www.reunion68.se\/index.php?rest_route=%2Fwp%2Fv2%2Fcategories&post=3413"},{"taxonomy":"post_tag","embeddable":true,"href":"https:\/\/www.reunion68.se\/index.php?rest_route=%2Fwp%2Fv2%2Ftags&post=3413"}],"curies":[{"name":"wp","href":"https:\/\/api.w.org\/{rel}","templated":true}]}}