{"id":3437,"date":"2014-08-08T00:52:24","date_gmt":"2014-08-07T22:52:24","guid":{"rendered":"http:\/\/www.reunion68.se\/?p=3437"},"modified":"2014-08-07T17:53:06","modified_gmt":"2014-08-07T15:53:06","slug":"mezinarodni-krestanske-velvyslanectvi-jeruzalem","status":"publish","type":"post","link":"https:\/\/www.reunion68.se\/?p=3437","title":{"rendered":"Mezin\u00e1rodn\u00ed k\u0159es\u0165ansk\u00e9 velvyslanectv\u00ed Jeruzal\u00e9m"},"content":{"rendered":"<p><a href=\"http:\/\/www.prazsky-zpravodaj.cz\/\" target=\"_blank\"><img decoding=\"async\" class=\"alignleft\" src=\"http:\/\/www.reunion68.com\/Biuletyn\/img\/praski.jpg\" alt=\"\" width=\"150\" \/><\/a><\/p>\n<h4 style=\"text-align: center;\"><span style=\"color: #000080; text-decoration: underline;\"><strong><span style=\"text-decoration: underline;\"><a href=\"https:\/\/www.facebook.com\/wieslaw.kochanski.5\/posts\/742275759144758:49\" target=\"_blank\">Z Facbook&#8217;a dzieki uprzejmosci Marleny A. Hubiczkowitz<\/a><\/span><\/strong><\/span><\/h4>\n<h4 style=\"text-align: center;\"><img decoding=\"async\" class=\"alignright\" src=\"https:\/\/fbcdn-sphotos-a-a.akamaihd.net\/hphotos-ak-xfa1\/t1.0-9\/10530721_737982012933594_283434501244816471_n.jpg\" alt=\"\" width=\"450\" \/><\/h4>\n<p style=\"text-align: left;\"><span style=\"color: #000080;\">Wiec popierajacy Izrael w jego prawie na obrone i przeciw szerzacemu sie antysmityzmu na swiecie zorganizowalo ICEJ (www.icej.cz ) 06.VIII&#8217;14. Na Placu sw.Waclawa zgromadzilo sie ponad 500 os\u00f3b, w tym przedstawiciele wielu ko\u015bcio\u0142\u00f3w chrze\u015bcija\u0144skich oraz wspolnot zydowskich . Celem tego wydarzenia bylo podkreslenie wzrostu antysemityzmu, ktory coraz bardziej widac na ulicach europejskich miast w zwiazku z konfliktem w Strefie Gazy . Na zaproszenie organizatorow udzial wziely czeskie elity intelektualne oraz osoby publicznie, ktore potepily jednoznacznie rasizm i nienawisc wobec Zydow i Izraela.<\/span><\/p>\n<p style=\"text-align: left;\"><span style=\"color: #000080;\">Przewodniczacy ICEJ Mojmir Kallus, ktory moderowal spotkanie na poczatek zilustrowal sytuacje w Europie mowiac o zachowaniu agencji informacyjnych i srodkach masowego przekazu informujacych o konflikcie np. ze brytyjska London Times odmowila opublikowania oswiadczenie laureata Pokojowej Nagrody Nobla, Elie Wiesela, ktory wezwal Hamas do rezygnacji z wykorzystywania ludzkich tarcz . &#8220;Wyrazona opinia jest zbyt mocna i moze w wielu czytelnikach budzic obawy,&#8221; bylo uzasadnienie redakcji. Elie Wiesel, miedzy innymi powiedzia\u0142: &#8221; to nie jest walka miedzy Zydami i Arabami czy miedzy Izraelczykami i Palestynczykami. To jest walka miedzy tymi, ktorzy kochaja zycie, a tymi ktorzy promuja smierc. To walka cywilizacji z barbarzynstwem. &#8221; Stwierdzil rowniez, ze w przeszlosci chrzescijanie zrobili wiele zlego Zydom i teraz jest ich moralnym obowiazkiem pomoc &#8221;<\/span><br \/>\n<span style=\"color: #000080;\"> Kdo, kdy\u017e ne my? Kdy, kdy\u017e ne te\u010f?<\/span><\/p>\n<p style=\"text-align: left;\">\u00a0<span style=\"color: #000080;\"><img decoding=\"async\" class=\"alignright\" src=\"https:\/\/scontent-b-ams.xx.fbcdn.net\/hphotos-xfp1\/t1.0-9\/10530897_737982432933552_680626675610552038_n.jpg\" alt=\"\" width=\"450\" \/><\/span><\/p>\n<p style=\"text-align: left;\"><span style=\"color: #000080;\">\u00a0<\/span><\/p>\n<p style=\"text-align: left;\"><span style=\"color: #000080;\">&#8220;Jednym z powodow dlaczego zebralismy sie dzisiaj jest to, \u017ce nie jestesmy w stanie dalej patrzec na relatywizacje dobra i zla. Gdy zwolennik terroryzmu dostaje w mediach tyle samo miejsca jako obronca zycia,&#8221; powiedzia\u0142 znany psychiatra i profesor uniwersytecki Cyril H\u00f6schl.<\/span><br \/>\n<span style=\"color: #000080;\"> Nastepnie zabral glos socjolog Fedor G\u00e1l, ktory urodzi\u0142 si\u0119 w terezinskim getcie m.in stwierdzil : &#8220;Obecna atmosfera w Europie przypomina mi lata trzydzieste. Nie chce aby moje wnuki urodzily sie w Terezinie jak ja &#8220;.<\/span><\/p>\n<p style=\"text-align: left;\"><span style=\"color: #000080;\">W imieniu zebranych chrzescijan przemowil rowniez dyrektor Centrum Sion z Hradec Kralowe Denis Doksansky &#8221; Wyrazamy ubolewanie nad ofiarami ze strony palestynskiej ale to nie moze nam bronic mowienia, ze dobre jest dobrem a zlo jest zlem&#8221;. Zostal rowniez odczytany list ambasadora Izraela Gary Korena informujacy m.in, \u017ce Izrael przyjal egipska propozycje zawieszenia broni i bedzie przestrzegac zawieszenia broni tak dlugo jak bedzie go rowniez dotrzymywac Hamas. Tom\u00e1\u0161 Kraus przewodniczacy Federacji Gmin Zydowskich zwrocil uwage, ze obecny konflikt nie jest lokalny ale globalny. &#8220;Dlaczego Zydzi, ktorzy przezyli Holokaust mieszkajacy obecnie w Berlinie i Paryzu znowu musza sie bac o swoje zycie&#8221;.<span style=\"color: #000080;\"><img decoding=\"async\" class=\"alignright\" src=\"https:\/\/scontent-b-ams.xx.fbcdn.net\/hphotos-xpf1\/t31.0-8\/10553878_737981739600288_5226821809320010445_o.jpg\" alt=\"\" width=\"450\" \/><\/span><\/span><\/p>\n<p style=\"text-align: right;\"><span style=\"color: #000080;\">\u00a0<\/span><\/p>\n<p style=\"text-align: left;\"><span style=\"color: #000080;\">Na koniec zabral glos Izraelczyk David Bohbot, ktory jest konserwatywnym rabinem gminy Bnei Israel w Pradze &#8220;Walczylem w Gazie i chce potwierdzic jak bardzo trudno jest bojowac w srodowisku, w ktorym ludnosc cywilna jest wykorzystywana jako zywe tarcze.&#8221; Nastepnie zostala odczytana deklaracja ICEJ, ktora podpisalo wiele znanych osobistosci z kregow kultury, uniwersyteckich srodowisk, koscielnych, zydowskich , politycznych: poslancow i senatorow. Na zakonczenie w przyjacielskiej atmosferze zaspiewano izraelski hymn<\/span><\/p>\n<p><img decoding=\"async\" class=\"alignright\" src=\"https:\/\/fbcdn-sphotos-f-a.akamaihd.net\/hphotos-ak-xap1\/t31.0-8\/10496253_737982832933512_1769200000948311620_o.jpg\" alt=\"\" width=\"450\" \/><\/p>\n<hr \/>\n","protected":false},"excerpt":{"rendered":"<p>Z Facbook&#8217;a dzieki uprzejmosci Marleny A. Hubiczkowitz Wiec popierajacy Izrael w jego prawie na obrone i przeciw szerzacemu sie antysmityzmu na swiecie zorganizowalo ICEJ (www.icej.cz ) 06.VIII&#8217;14. Na Placu sw.Waclawa zgromadzilo sie ponad 500 os\u00f3b, w tym przedstawiciele wielu ko\u015bcio\u0142\u00f3w chrze\u015bcija\u0144skich oraz wspolnot zydowskich . Celem tego wydarzenia bylo podkreslenie wzrostu antysemityzmu, ktory coraz bardziej [&hellip;]<\/p>\n","protected":false},"author":1,"featured_media":0,"comment_status":"closed","ping_status":"closed","sticky":false,"template":"","format":"standard","meta":[],"categories":[6],"tags":[24],"_links":{"self":[{"href":"https:\/\/www.reunion68.se\/index.php?rest_route=\/wp\/v2\/posts\/3437"}],"collection":[{"href":"https:\/\/www.reunion68.se\/index.php?rest_route=\/wp\/v2\/posts"}],"about":[{"href":"https:\/\/www.reunion68.se\/index.php?rest_route=\/wp\/v2\/types\/post"}],"author":[{"embeddable":true,"href":"https:\/\/www.reunion68.se\/index.php?rest_route=\/wp\/v2\/users\/1"}],"replies":[{"embeddable":true,"href":"https:\/\/www.reunion68.se\/index.php?rest_route=%2Fwp%2Fv2%2Fcomments&post=3437"}],"version-history":[{"count":32,"href":"https:\/\/www.reunion68.se\/index.php?rest_route=\/wp\/v2\/posts\/3437\/revisions"}],"predecessor-version":[{"id":3470,"href":"https:\/\/www.reunion68.se\/index.php?rest_route=\/wp\/v2\/posts\/3437\/revisions\/3470"}],"wp:attachment":[{"href":"https:\/\/www.reunion68.se\/index.php?rest_route=%2Fwp%2Fv2%2Fmedia&parent=3437"}],"wp:term":[{"taxonomy":"category","embeddable":true,"href":"https:\/\/www.reunion68.se\/index.php?rest_route=%2Fwp%2Fv2%2Fcategories&post=3437"},{"taxonomy":"post_tag","embeddable":true,"href":"https:\/\/www.reunion68.se\/index.php?rest_route=%2Fwp%2Fv2%2Ftags&post=3437"}],"curies":[{"name":"wp","href":"https:\/\/api.w.org\/{rel}","templated":true}]}}