{"id":3471,"date":"2014-08-08T00:52:36","date_gmt":"2014-08-07T22:52:36","guid":{"rendered":"http:\/\/www.reunion68.se\/?p=3471"},"modified":"2014-08-10T17:27:54","modified_gmt":"2014-08-10T15:27:54","slug":"var-ar-ni-nu-antirasister","status":"publish","type":"post","link":"https:\/\/www.reunion68.se\/?p=3471","title":{"rendered":"Var \u00e4r ni nu, antirasister?"},"content":{"rendered":"<p>&nbsp;<\/p>\n<h4 style=\"text-align: center;\"><a href=\"http:\/\/www.magasinetparagraf.se\" target=\"_blank\"><img decoding=\"async\" class=\"logotype alignleft\" title=\"Kriminal- och r\u00e4ttsmagasinet Paragraf\" src=\"http:\/\/www.magasinetparagraf.se\/files\/logotype\/logo.jpg\" alt=\"\" width=\"250\" \/><\/a><br \/>\n<strong><span style=\"color: #000080; text-decoration: underline;\"><a href=\"http:\/\/www.magasinetparagraf.se\/kronikor\/var-ar-ni-nu-antirasister\" target=\"_blank\"><span style=\"color: #000080; text-decoration: underline;\">Var \u00e4r ni nu, antirasister?<\/span><\/a><\/span><\/strong><\/h4>\n<h4 style=\"text-align: center;\"><\/h4>\n<p>&nbsp;<\/p>\n<p style=\"text-align: left;\"><span style=\"color: #808080;\">[ Drodzy czytelnicy <strong>Isabel Sommerfeld<\/strong> ktora jest corka naszej szwedzkiej pary Reunczykow &#8211; <strong>Beatrice i Viktora Sommerfeld<\/strong> napisala swietny artykul na temat wzrastajacego z powodu obecnej sytuacji w Izraelu antysemityzmu. Artykul nawiazuje do emigracji rodzicow Isabeli\u00a0(i naszej)\u00a0z Polski. Niestety jest on po szwedzku ale jest tak dobry ze postanowilem go mimo wszystko zamiesic. Jezeli uda mi sie jednak zdobyc tlumaczenie artykulu na polski lub angielski natychmiast zamieszcze\u00a0artykul ponownie. ]<\/span><\/p>\n<p style=\"text-align: left;\"><span style=\"color: #808080;\"><img decoding=\"async\" class=\"alignright\" src=\"http:\/\/www.magasinetparagraf.se\/system\/html\/IsabelLiggandejpg-5e1afee6.jpg\" alt=\"Isabel Sommerfeld\" width=\"450\" \/><br \/>\n<\/span><strong><span style=\"color: #000080;\">\u00c5ret var 1967. Efter 6-dagarskriget mellan Israel och de omkringliggande arabiska grannstaterna <\/span><span style=\"color: #000080;\">Egypten, Jordanien och Syrien, blev livet outh\u00e4rdligt f\u00f6r m\u00e5nga av Europas \u00f6st-och centraleuropeiska judar. Inom de n\u00e4rmsta \u00e5ren tvingades \u00e5tminstone 15 000 polska judar fly sitt hemland, p\u00e5 grund av polska regeringens antisemitiska kampanj (d\u00e5 kallad \u201danti-zionistisk kampanj\u201d).<\/span><\/strong><\/p>\n<p>&nbsp;<\/p>\n<p><span style=\"color: #000080;\">Bland dem fanns mina f\u00f6r\u00e4ldrar, min farmor &#8211; som bara drygt 20 \u00e5r tidigare \u00f6verlevt f\u00f6rintelsel\u00e4gret Auschwitz-Birkenau, och min farfar \u2013 vars hela familj utpl\u00e5nades under F\u00f6rintelsen. Den antisemitiska kampanjen i Polen skapades inte av h\u00e4ndelserna i Mellan\u00f6stern, d\u00e4remot aktiverades en redan existerande och djupt rotad antisemitism.\u00a0<\/span><\/p>\n<p><span style=\"color: #000080;\"><strong>\u00a0\u00a0 Mina f\u00f6r\u00e4ldrars historia och<\/strong> flykt till Sverige har alltid pr\u00e4glat mig. Hur sorgligt det \u00e4n l\u00e5ter s\u00e5 \u00e4r jag p\u00e5 n\u00e5got vis f\u00f6dd med en packad resv\u00e4ska vid min sida. N\u00e4r n\u00e5gon fr\u00e5gar mig om jag k\u00e4nner mig mest svensk eller polsk, svarar jag att jag \u00e4r en v\u00e4rldsmedborgare. Det har aldrig varit landet, utan snarare m\u00e4nniskorna omkring mig, som f\u00e5tt mig att k\u00e4nna mig hemma. N\u00e5gonstans i mitt undermedvetna har jag varit tryggare med denna inst\u00e4llning till min nationalitet, f\u00f6r min sl\u00e4kt har ju faktiskt alltid tvingats fly.<\/span><\/p>\n<p style=\"text-align: left;\"><span style=\"color: #000080;\"><strong>\u00a0\u00a0 Jag trodde aldrig att jag<\/strong> skulle beh\u00f6va uppleva de k\u00e4nslor av r\u00e4dsla som mina f\u00f6r\u00e4ldrar fick uppleva i sina unga \u00e5r, n\u00e4r de p\u00e5 grund av att de var judar tvingades l\u00e4mna sina studier, arbeten och allt de \u00e4gde. Men, \u00e4ven om det g\u00f6r ont att s\u00e4ga det, m\u00e5ste jag erk\u00e4nna att den trygghetsbubbla som jag levt i hittills nu har spruckit. Anledningen till detta \u00e4r bland annat v\u00e5ra politikers och s\u00e5 kallade antirasisters tystnad, medan en ny v\u00e5g av antisemitism svept in \u00f6ver Europa. Sverige \u00e4r inget undantag fr\u00e5n den v\u00e4xande hotbilden mot judar. P\u00e5 mina tv\u00e5 h\u00e4nder kan jag r\u00e4kna upp ett antal judiska familjer som under de senaste \u00e5ren tvingats flytta fr\u00e5n Malm\u00f6, p\u00e5 grund av att deras barn inte kunnat promenera tryggt till skolan, utan att bli spottade p\u00e5 eller kallas f\u00f6r \u201djudesvin\u201d. Det m\u00e5 l\u00e5ta osannolikt, men 2014 \u00e4r Malm\u00f6 faktiskt en av Europas mest os\u00e4kra st\u00e4der f\u00f6r judar att leva i.<\/span><\/p>\n<p style=\"text-align: right;\"><span style=\"color: #000080;\"><br \/>\n<\/span><span style=\"color: #000080;\">Ni\u00a0kan l\u00e4sa resten av artikel h\u00e4r:<\/span><span style=\"text-decoration: underline;\"><strong><a href=\"http:\/\/www.magasinetparagraf.se\/kronikor\/var-ar-ni-nu-antirasister\" target=\"_blank\">PARAGRAF<\/a><\/strong><\/span><\/p>\n<hr \/>\n","protected":false},"excerpt":{"rendered":"<p>&nbsp; Var \u00e4r ni nu, antirasister? &nbsp; [ Drodzy czytelnicy Isabel Sommerfeld ktora jest corka naszej szwedzkiej pary Reunczykow &#8211; Beatrice i Viktora Sommerfeld napisala swietny artykul na temat wzrastajacego z powodu obecnej sytuacji w Izraelu antysemityzmu. Artykul nawiazuje do emigracji rodzicow Isabeli\u00a0(i naszej)\u00a0z Polski. Niestety jest on po szwedzku ale jest tak dobry ze [&hellip;]<\/p>\n","protected":false},"author":1,"featured_media":0,"comment_status":"closed","ping_status":"closed","sticky":false,"template":"","format":"standard","meta":[],"categories":[6],"tags":[24],"_links":{"self":[{"href":"https:\/\/www.reunion68.se\/index.php?rest_route=\/wp\/v2\/posts\/3471"}],"collection":[{"href":"https:\/\/www.reunion68.se\/index.php?rest_route=\/wp\/v2\/posts"}],"about":[{"href":"https:\/\/www.reunion68.se\/index.php?rest_route=\/wp\/v2\/types\/post"}],"author":[{"embeddable":true,"href":"https:\/\/www.reunion68.se\/index.php?rest_route=\/wp\/v2\/users\/1"}],"replies":[{"embeddable":true,"href":"https:\/\/www.reunion68.se\/index.php?rest_route=%2Fwp%2Fv2%2Fcomments&post=3471"}],"version-history":[{"count":22,"href":"https:\/\/www.reunion68.se\/index.php?rest_route=\/wp\/v2\/posts\/3471\/revisions"}],"predecessor-version":[{"id":3617,"href":"https:\/\/www.reunion68.se\/index.php?rest_route=\/wp\/v2\/posts\/3471\/revisions\/3617"}],"wp:attachment":[{"href":"https:\/\/www.reunion68.se\/index.php?rest_route=%2Fwp%2Fv2%2Fmedia&parent=3471"}],"wp:term":[{"taxonomy":"category","embeddable":true,"href":"https:\/\/www.reunion68.se\/index.php?rest_route=%2Fwp%2Fv2%2Fcategories&post=3471"},{"taxonomy":"post_tag","embeddable":true,"href":"https:\/\/www.reunion68.se\/index.php?rest_route=%2Fwp%2Fv2%2Ftags&post=3471"}],"curies":[{"name":"wp","href":"https:\/\/api.w.org\/{rel}","templated":true}]}}