{"id":3518,"date":"2014-08-09T06:19:44","date_gmt":"2014-08-09T04:19:44","guid":{"rendered":"http:\/\/www.reunion68.se\/?p=3518"},"modified":"2014-08-09T07:06:55","modified_gmt":"2014-08-09T05:06:55","slug":"3518","status":"publish","type":"post","link":"https:\/\/www.reunion68.se\/?p=3518","title":{"rendered":"Arabowie nie dadz\u0105 si\u0119 wci\u0105gn\u0105\u0107 w wojn\u0119, kt\u00f3rej termin zosta\u0142 wybrany"},"content":{"rendered":"<p><a href=\"http:\/\/www2.memri.org\/\" target=\"_blank\"><img decoding=\"async\" loading=\"lazy\" class=\"aligncenter\" src=\"http:\/\/www2.memri.org\/polish\/images\/logo.jpg\" alt=\"THE MIDDLE EAST MEDIA RESEARCH INSTITUTE\" width=\"207\" height=\"60\" border=\"0\" \/><\/a><\/p>\n<h4 style=\"text-align: center;\"><span style=\"color: #000080; text-decoration: underline;\"><strong><a href=\"http:\/\/www2.memri.org\/bin\/polish\/articles.cgi?Page=archives&amp;Area=sd&amp;ID=SP581514\" target=\"_blank\"><span style=\"color: #000080; text-decoration: underline;\">Dziennikarka liba\u0144ska:<br \/>\nArabowie nie dadz\u0105 si\u0119 wci\u0105gn\u0105\u0107 w wojn\u0119, kt\u00f3rej termin zosta\u0142 wybrany<br \/>\nprzez militarne skrzyd\u0142o Hamasu<\/span><\/a><\/strong><\/span><\/h4>\n<h4 style=\"text-align: center;\"><i><!-- MEMRI DOC. -->\u00a0<span style=\"color: #808080;\">Seria Specjalnych Komunikat\u00f3w &#8211; Nr 5815\u00a0 &#8211; \u00a0<strong>4 sierpnia 2014<\/strong><\/span><\/i><\/h4>\n<p style=\"text-align: left;\"><span style=\"color: #000080;\"><em>W artykule z 24 lipca w wychodz\u0105cej w Londynie gazety saudyjskiej \u201eAl-Sharq Al-Awsat\u201d, dziennikarka liba\u0144ska Huda Al-Husseini skrytykowa\u0142a zachowanie Hamasu w walce z Izraelem w Gazie. Napisa\u0142a, \u017ce militarne skrzyd\u0142o Hamasu rozpocz\u0119\u0142o wojn\u0119 w terminie, kt\u00f3ry samo wybra\u0142o, i zrobi\u0142o to po tym, jak Hamas zosta\u0142 izolowany i przesuni\u0119ty na boczny tor przez o\u015b oporu, sk\u0142adaj\u0105c\u0105 si\u0119 z Iranu, Syrii i Hezbollahu. Doda\u0142a, \u017ce walcz\u0105c z Izraelem, Hamas stara\u0142 si\u0119 postawi\u0107 w trudnym po\u0142o\u017ceniu Egipt i inne kraje arabskie przez wci\u0105gni\u0119cie je w konflikt \u2013 ale Arabowie nie po\u0142kn\u0119li przyn\u0119ty.<\/em><\/span><\/p>\n<p style=\"text-align: left;\"><span style=\"color: #000080;\"><em>Polityka Hamasu wyrz\u0105dza wielk\u0105 szkod\u0119 populacji palesty\u0144skiej, m\u00f3wi ona, z powodu katastrofalnej sytuacji w Gazie i pisze, \u017ce populacja jest bezbronna, poniewa\u017c Hamas skupi\u0142 si\u0119 na kopaniu tuneli do atakowania Izraela zamiast na budowie schron\u00f3w dla ludno\u015bci.<\/em><\/span><\/p>\n<p style=\"text-align: left;\"><span style=\"color: #000080;\"><em>Poni\u017cej podajemy fragment jej artyku\u0142u<\/em><\/span><\/p>\n<p style=\"text-align: right;\"><span style=\"color: #808080;\"><em>Huda Al-Husseini (Zdj\u0119cie: aawsat.com)<\/em><\/span><\/p>\n<p style=\"text-align: left;\"><span style=\"color: #000080;\"><strong>Polityka Hamasu jest ustalana przez jego skrzyd\u0142o polityczne<\/strong><img decoding=\"async\" class=\"alignright\" src=\"http:\/\/www.memri.org\/image\/20272.JPG\" alt=\"\" border=\"0\" \/><\/span><\/p>\n<p style=\"text-align: left;\"><span style=\"color: #000080;\">Jak d\u0142ugo istniej\u0105 m\u0119\u017cczy\u017ani, tak d\u0142ugo b\u0119d\u0105 istnie\u0107 wojny. Jak d\u0142ugo istniej\u0105 Izrael, Hamas, [Brygady] Izz Al-Din Al-Kassam i Islamski D\u017cihad, dzieci Gazy b\u0119d\u0105 gin\u0105\u0107. [Hamsowski premier Gazy] Ismail Hanija powiedzia\u0142: \u201eNie mamy niczego do stracenia\u201d. Cz\u0119\u015bci cia\u0142 dzieci i ich zw\u0142oki [rozrzucone s\u0105 w Gazie], ale \u201enie mamy niczego do stracenia\u201d. Kobiety powiewaj\u0105 bia\u0142ymi flagami, ale \u201enie mamy niczego do stracenia\u201d. Domy s\u0105 burzone nad g\u0142owami ich mieszka\u0144c\u00f3w, ale \u201enie mamy niczego do stracenia\u201d. Sytuacja humanitarna jest katastrofalna, ale \u201enie mamy niczego do stracenia\u201d.<\/span><\/p>\n<p style=\"text-align: left;\"><span style=\"color: #000080;\">W ka\u017cdym wywiadzie rzecznik Benjamina Netanjahu, Mark Regev, m\u00f3wi: \u201cPozw\u00f3lcie wyja\u015bni\u0107\u201d. Ale nie wyja\u015bnia swojego j\u0105kania w \u015bwietle zabijania dzieci. Izrael oskar\u017ca Hamas o umieszczanie rakiet w\u015br\u00f3d cywil\u00f3w i m\u00f3wi, \u017ce humanitarnie prosi\u0142 mieszka\u0144c\u00f3w, \u017ceby opu\u015bcili [swoje domy przed ich zbombardowaniem] \u2013 ale dok\u0105d mog\u0105 p\u00f3j\u015b\u0107?&#8230;<\/span><\/p>\n<p style=\"text-align: right;\"><span style=\"color: #808080;\"><em>\u00a0<\/em><\/span><\/p>\n<p style=\"text-align: right;\"><span style=\"color: #000080;\">Czytaj dalej tu: <strong><a href=\"http:\/\/www2.memri.org\/bin\/polish\/articles.cgi?Page=archives&amp;Area=sd&amp;ID=SP581514\" target=\"_blank\"><span style=\"color: #000080;\">MEMRI<\/span><\/a><\/strong><\/span><\/p>\n<hr \/>\n","protected":false},"excerpt":{"rendered":"<p>Dziennikarka liba\u0144ska: Arabowie nie dadz\u0105 si\u0119 wci\u0105gn\u0105\u0107 w wojn\u0119, kt\u00f3rej termin zosta\u0142 wybrany przez militarne skrzyd\u0142o Hamasu \u00a0Seria Specjalnych Komunikat\u00f3w &#8211; Nr 5815\u00a0 &#8211; \u00a04 sierpnia 2014 W artykule z 24 lipca w wychodz\u0105cej w Londynie gazety saudyjskiej \u201eAl-Sharq Al-Awsat\u201d, dziennikarka liba\u0144ska Huda Al-Husseini skrytykowa\u0142a zachowanie Hamasu w walce z Izraelem w Gazie. Napisa\u0142a, \u017ce [&hellip;]<\/p>\n","protected":false},"author":1,"featured_media":0,"comment_status":"closed","ping_status":"closed","sticky":false,"template":"","format":"standard","meta":[],"categories":[6],"tags":[24],"_links":{"self":[{"href":"https:\/\/www.reunion68.se\/index.php?rest_route=\/wp\/v2\/posts\/3518"}],"collection":[{"href":"https:\/\/www.reunion68.se\/index.php?rest_route=\/wp\/v2\/posts"}],"about":[{"href":"https:\/\/www.reunion68.se\/index.php?rest_route=\/wp\/v2\/types\/post"}],"author":[{"embeddable":true,"href":"https:\/\/www.reunion68.se\/index.php?rest_route=\/wp\/v2\/users\/1"}],"replies":[{"embeddable":true,"href":"https:\/\/www.reunion68.se\/index.php?rest_route=%2Fwp%2Fv2%2Fcomments&post=3518"}],"version-history":[{"count":23,"href":"https:\/\/www.reunion68.se\/index.php?rest_route=\/wp\/v2\/posts\/3518\/revisions"}],"predecessor-version":[{"id":3567,"href":"https:\/\/www.reunion68.se\/index.php?rest_route=\/wp\/v2\/posts\/3518\/revisions\/3567"}],"wp:attachment":[{"href":"https:\/\/www.reunion68.se\/index.php?rest_route=%2Fwp%2Fv2%2Fmedia&parent=3518"}],"wp:term":[{"taxonomy":"category","embeddable":true,"href":"https:\/\/www.reunion68.se\/index.php?rest_route=%2Fwp%2Fv2%2Fcategories&post=3518"},{"taxonomy":"post_tag","embeddable":true,"href":"https:\/\/www.reunion68.se\/index.php?rest_route=%2Fwp%2Fv2%2Ftags&post=3518"}],"curies":[{"name":"wp","href":"https:\/\/api.w.org\/{rel}","templated":true}]}}