{"id":353,"date":"2014-05-07T07:18:55","date_gmt":"2014-05-07T05:18:55","guid":{"rendered":"http:\/\/reunion68blog.wordpress.com\/?p=353"},"modified":"2018-07-07T07:55:02","modified_gmt":"2018-07-07T05:55:02","slug":"polscy-zydzi-w-lagrach-sowieckich","status":"publish","type":"post","link":"https:\/\/www.reunion68.se\/?p=353","title":{"rendered":"Polscy \u017bydzi w \u0142agrach sowieckich"},"content":{"rendered":"<p><img decoding=\"async\" class=\"alignleft\" src=\"http:\/\/swieccyzydzi.pl\/sites\/default\/files\/n2469\/sz_logo_3_180_shorter_z_napisem.png\" alt=\"Swieccy Zydzi\" height=\"50\" border=\"0\" \/><\/p>\n<p>&nbsp;<\/p>\n<p>&nbsp;<\/p>\n<p>&nbsp;<\/p>\n<p>&nbsp;<\/p>\n<h5 style=\"text-align: center;\"><a href=\"http:\/\/swieccyzydzi.pl\/polscy-zydzi-w-sowieckich-lagrach\"><span style=\"color: #000080;\">Polscy \u017bydzi w \u0142agrach sowieckich<\/span><\/a><\/h5>\n<h3 style=\"text-align: center;\"><span style=\"color: #000080;\"><strong>Agata Sagan<\/strong><\/span><\/h3>\n<p><span style=\"color: #000080;\">Przegl\u0105dam listy os\u00f3b wi\u0119zionych w republice Komi sporz\u0105dzone przez Fundacj\u0119 \u201e<em>\u041f\u043e\u043a\u0430\u044f\u043d\u0438\u0435<\/em>\u201d:<\/span><\/p>\n<p><span style=\"color: #000080;\">\u0411\u041b\u042f\u0419\u0425\u041c\u0410\u041d \u0413\u0415\u0420\u041c\u0410\u041d \u0425\u0418\u041b\u0415\u0412\u0418\u0427, 1920 \u0433.\u0440., \u0435\u0432\u0440\u0435\u0439, \u043c.\u0440. \u0433. \u0412\u0430\u0440\u0448\u0430\u0432\u0430&#8230; <\/span><br \/>\n<span style=\"color: #000080;\">\u0413\u0420\u042e\u041d\u041c\u0410\u041d \u042e\u041b\u0418\u0419 \u0418\u041e\u0421\u0418\u0424\u041e\u0412\u0418\u0427, 1907 \u0433.\u0440., \u0435\u0432\u0440\u0435\u0439, \u043c.\u0440. \u0433. \u0412\u0430\u0440\u0448\u0430\u0432\u0430&#8230;<\/span><br \/>\n<span style=\"color: #000080;\">\u0414\u0410\u041d\u0426\u0418\u0413\u0415\u0420 \u0410\u0414\u0415\u041b\u042f \u0412\u041e\u041b\u042c\u0424\u041e\u0412\u041d\u0410, 1897 \u0433.\u0440., \u0435\u0432\u0440\u0435\u0439\u043a\u0430, \u043c.\u0440. \u0433. \u0412\u0430\u0440\u0448\u0430\u0432\u0430\u2026<\/span><br \/>\n<span style=\"color: #000080;\">\u0417\u0418\u041b\u042c\u0411\u0415\u0420\u0428\u0422\u0415\u0419\u041d \u0428\u041c\u0423\u041b\u042f \u0421\u0420\u0423\u041b\u0415\u0412\u0418\u0427, 1904 \u0433.\u0440., \u0435\u0432\u0440\u0435\u0439, \u043c.\u0440. \u0433. \u0412\u0430\u0440\u0448\u0430\u0432\u0430\u2026<\/span><\/p>\n<p style=\"text-align: left;\"><span style=\"color: #000080;\">Z danych zebranych przez O\u015brodek \u201eKarta\u201d dla Workuty i okolic wynika, \u017ce prawie 18% Polak\u00f3w, kt\u00f3rzy trafili do <\/span><span style=\"color: #000080;\">tamtejszych \u0142agr\u00f3w w latach 1939 \u20131944 by\u0142o pochodzenia \u017cydowskiego. To dwa razy wi\u0119cej ni\u017c by\u0142o ich w przedwojennej <\/span><span style=\"color: #000080;\">populacji Polski.<\/span><\/p>\n<p style=\"text-align: left;\"><span style=\"color: #000080;\">S\u0105 i polscy \u017bydzi z innych miast: z Bielska, Brod, Kocka, Lublina, \u0141odzi, Pu\u0142tuska, Radomia, Tomaszowa Mazowieckiego, Wilna i najprzer\u00f3\u017cniejszych wsi \u2013 niekt\u00f3rych przyznam, \u017ce nie rozpoznaj\u0119 z nazwy lub nie mog\u0119 znale\u017a\u0107 na mapie. By\u0107 mo\u017ce ju\u017c ich nie ma, jak na przyk\u0142ad ma to miejsce na terenie dzisiejszej zachodniej Bia\u0142orusi. Czasem te\u017c nie s\u0105 po prostu wymienione z nazwy. Z danych zebranych przez O\u015brodek \u201eKarta\u201d dla Workuty i okolic (najbardziej znanych \u0142agr\u00f3w Komi i jednych z najbardziej znanych w ca\u0142ym Zwi\u0105zku Radzieckim) wynika, \u017ce prawie 18% Polak\u00f3w, kt\u00f3rzy trafili do tamtejszych \u0142agr\u00f3w w latach 1939\u20131944 by\u0142o pochodzenia \u017cydowskiego. To dwa razy wi\u0119cej ni\u017c by\u0142o ich w przedwojennej populacji Polski. Po 1944 roku z oczywistych wzgl\u0119d\u00f3w by\u0142 to znacznie mniejszy procent, ale poniewa\u017c Polak\u00f3w trafia\u0142o kilkakrotnie wi\u0119cej, liczbowo by\u0142o to wci\u0105\u017c do\u015b\u0107 du\u017co os\u00f3b. Workuckie \u0142agry nie by\u0142y jakim\u015b wyj\u0105tkiem. W innych miejscach, a przynajmniej w wielu z nich, by\u0142o podobnie.<br \/>\n<\/span><br \/>\n<img decoding=\"async\" loading=\"lazy\" class=\"aligncenter\" src=\"http:\/\/swieccyzydzi.pl\/sites\/default\/files\/imagecache\/w540\/n2469\/pogrzeb_w-soldingera.jpg\" alt=\"\" width=\"540\" height=\"368\" \/><span style=\"color: #000080;\">Pogrzeb Wiktora Soldingera, Workuta, 1955 r. Zdj\u0119cie ze zbior\u00f3w rodzinnych autorki<\/span><\/p>\n<p><span style=\"color: #000080;\">czytaj wiecej tu .. <span style=\"text-decoration: underline;\"><strong><a href=\"http:\/\/swieccyzydzi.pl\/polscy-zydzi-w-sowieckich-lagrach\" target=\"_blank\" rel=\"noopener\"><span style=\"color: #000080; text-decoration: underline;\">Polscy \u017bydzi w \u0142agrach sowieckich<\/span><\/a><\/strong><\/span><\/span><\/p>\n","protected":false},"excerpt":{"rendered":"<p>&nbsp; &nbsp; &nbsp; &nbsp; Polscy \u017bydzi w \u0142agrach sowieckich Agata Sagan Przegl\u0105dam listy os\u00f3b wi\u0119zionych w republice Komi sporz\u0105dzone przez Fundacj\u0119 \u201e\u041f\u043e\u043a\u0430\u044f\u043d\u0438\u0435\u201d: \u0411\u041b\u042f\u0419\u0425\u041c\u0410\u041d \u0413\u0415\u0420\u041c\u0410\u041d \u0425\u0418\u041b\u0415\u0412\u0418\u0427, 1920 \u0433.\u0440., \u0435\u0432\u0440\u0435\u0439, \u043c.\u0440. \u0433. \u0412\u0430\u0440\u0448\u0430\u0432\u0430&#8230; \u0413\u0420\u042e\u041d\u041c\u0410\u041d \u042e\u041b\u0418\u0419 \u0418\u041e\u0421\u0418\u0424\u041e\u0412\u0418\u0427, 1907 \u0433.\u0440., \u0435\u0432\u0440\u0435\u0439, \u043c.\u0440. \u0433. \u0412\u0430\u0440\u0448\u0430\u0432\u0430&#8230; \u0414\u0410\u041d\u0426\u0418\u0413\u0415\u0420 \u0410\u0414\u0415\u041b\u042f \u0412\u041e\u041b\u042c\u0424\u041e\u0412\u041d\u0410, 1897 \u0433.\u0440., \u0435\u0432\u0440\u0435\u0439\u043a\u0430, \u043c.\u0440. \u0433. \u0412\u0430\u0440\u0448\u0430\u0432\u0430\u2026 \u0417\u0418\u041b\u042c\u0411\u0415\u0420\u0428\u0422\u0415\u0419\u041d \u0428\u041c\u0423\u041b\u042f \u0421\u0420\u0423\u041b\u0415\u0412\u0418\u0427, 1904 \u0433.\u0440., \u0435\u0432\u0440\u0435\u0439, [&hellip;]<\/p>\n","protected":false},"author":1,"featured_media":0,"comment_status":"closed","ping_status":"open","sticky":false,"template":"","format":"standard","meta":[],"categories":[4],"tags":[26,24],"_links":{"self":[{"href":"https:\/\/www.reunion68.se\/index.php?rest_route=\/wp\/v2\/posts\/353"}],"collection":[{"href":"https:\/\/www.reunion68.se\/index.php?rest_route=\/wp\/v2\/posts"}],"about":[{"href":"https:\/\/www.reunion68.se\/index.php?rest_route=\/wp\/v2\/types\/post"}],"author":[{"embeddable":true,"href":"https:\/\/www.reunion68.se\/index.php?rest_route=\/wp\/v2\/users\/1"}],"replies":[{"embeddable":true,"href":"https:\/\/www.reunion68.se\/index.php?rest_route=%2Fwp%2Fv2%2Fcomments&post=353"}],"version-history":[{"count":3,"href":"https:\/\/www.reunion68.se\/index.php?rest_route=\/wp\/v2\/posts\/353\/revisions"}],"predecessor-version":[{"id":62579,"href":"https:\/\/www.reunion68.se\/index.php?rest_route=\/wp\/v2\/posts\/353\/revisions\/62579"}],"wp:attachment":[{"href":"https:\/\/www.reunion68.se\/index.php?rest_route=%2Fwp%2Fv2%2Fmedia&parent=353"}],"wp:term":[{"taxonomy":"category","embeddable":true,"href":"https:\/\/www.reunion68.se\/index.php?rest_route=%2Fwp%2Fv2%2Fcategories&post=353"},{"taxonomy":"post_tag","embeddable":true,"href":"https:\/\/www.reunion68.se\/index.php?rest_route=%2Fwp%2Fv2%2Ftags&post=353"}],"curies":[{"name":"wp","href":"https:\/\/api.w.org\/{rel}","templated":true}]}}