{"id":3618,"date":"2014-08-11T14:07:24","date_gmt":"2014-08-11T12:07:24","guid":{"rendered":"http:\/\/www.reunion68.se\/?p=3618"},"modified":"2014-08-12T14:12:55","modified_gmt":"2014-08-12T12:12:55","slug":"muzeum-historii-zydow-polskich-walczy-o-miano-cudu-polski","status":"publish","type":"post","link":"https:\/\/www.reunion68.se\/?p=3618","title":{"rendered":"Muzeum Historii \u017byd\u00f3w Polskich walczy o miano Cudu Polski"},"content":{"rendered":"<p><img decoding=\"async\" class=\"alignleft\" src=\"http:\/\/www.reunion68.com\/Biuletyn\/img\/w-sz.jpg\" alt=\"\" \/><\/p>\n<h4 style=\"text-align: center;\"><span style=\"color: #000080; text-decoration: underline;\"><strong><a target=\"_blank\"><span style=\"color: #000080; text-decoration: underline;\">Muzeum Historii \u017byd\u00f3w Polskich walczy o miano Cudu Polski<\/span><\/a><\/strong><\/span><\/h4>\n<h4 style=\"text-align: center;\"><\/h4>\n<p>&nbsp;<\/p>\n<p>&nbsp;<\/p>\n<p><img decoding=\"async\" class=\"alignright\" src=\"http:\/\/www.sztetl.org.pl\/getimage.php?c=OBRAZY&amp;x=440&amp;y=440&amp;file=obraz_5496.jpg\" alt=\"\" \/><\/p>\n<p><span style=\"color: #000080;\">Muzeum Historii \u017byd\u00f3w Polskich zosta\u0142o nominowane w\u00a0konkursie \u201e7 Nowych Cud\u00f3w Polski\u201d, kt\u00f3ry jest organizowany przez miesi\u0119cznik \u201eNational Geographic Traveler\u201d. O\u00a0miano Cudu Polski ubiega si\u0119 a\u017c 16 miejsc. W\u00a0szranki z\u00a0muzeum staj\u0105 m.in. klasztor Cysters\u00f3w w\u00a0Lubi\u0105\u017cu, gr\u00f3d rycerski w\u00a0Byczynie czy Muzeum Pa\u0144stwa Krzy\u017cackiego w\u00a0Dzia\u0142dowie.<\/span><\/p>\n<p><strong><span style=\"text-decoration: underline;\"><span style=\"color: #000080; text-decoration: underline;\"><a href=\"http:\/\/www.7cudow.national-geographic.pl\/glosowanie\/\" target=\"_blank\"><span style=\"color: #000080; text-decoration: underline;\">G\u0142osowa\u0107 mo\u017cna pod linkiem<\/span><\/a><\/span><\/span><\/strong><\/p>\n<p><img decoding=\"async\" class=\"alignleft\" src=\"http:\/\/www.sztetl.org.pl\/getimage.php?c=OBRAZY&amp;x=440&amp;y=440&amp;file=obraz_5495.jpg\" alt=\"\" \/><\/p>\n<p>&nbsp;<\/p>\n<p>&nbsp;<\/p>\n<p>&nbsp;<\/p>\n<p>&nbsp;<\/p>\n<p>&nbsp;<\/p>\n<p>&nbsp;<\/p>\n<p>&nbsp;<\/p>\n<p style=\"text-align: right;\">Foto: Wojciech Kry\u0144ski<\/p>\n<p>\u00a0Autor: Maksymilian Rosochacki<\/p>\n<p>&nbsp;<\/p>\n<hr \/>\n<p style=\"text-align: center;\"><span style=\"color: #808080;\">twoje uwagi, linki, wlasne artykuly, lub wiadomosci  przeslij do: <strong><span style=\"text-decoration: underline;\"><span style=\"color: #808080; text-decoration: underline;\"><a href=\"mailto:webmaster@reunion68.com\">webmaster@reunion68.com<\/span><\/a><\/span><\/strong><\/span><\/p>\n","protected":false},"excerpt":{"rendered":"<p>Muzeum Historii \u017byd\u00f3w Polskich walczy o miano Cudu Polski &nbsp; &nbsp; Muzeum Historii \u017byd\u00f3w Polskich zosta\u0142o nominowane w\u00a0konkursie \u201e7 Nowych Cud\u00f3w Polski\u201d, kt\u00f3ry jest organizowany przez miesi\u0119cznik \u201eNational Geographic Traveler\u201d. O\u00a0miano Cudu Polski ubiega si\u0119 a\u017c 16 miejsc. W\u00a0szranki z\u00a0muzeum staj\u0105 m.in. klasztor Cysters\u00f3w w\u00a0Lubi\u0105\u017cu, gr\u00f3d rycerski w\u00a0Byczynie czy Muzeum Pa\u0144stwa Krzy\u017cackiego w\u00a0Dzia\u0142dowie. G\u0142osowa\u0107 mo\u017cna [&hellip;]<\/p>\n","protected":false},"author":1,"featured_media":0,"comment_status":"closed","ping_status":"closed","sticky":false,"template":"","format":"standard","meta":[],"categories":[4],"tags":[24],"_links":{"self":[{"href":"https:\/\/www.reunion68.se\/index.php?rest_route=\/wp\/v2\/posts\/3618"}],"collection":[{"href":"https:\/\/www.reunion68.se\/index.php?rest_route=\/wp\/v2\/posts"}],"about":[{"href":"https:\/\/www.reunion68.se\/index.php?rest_route=\/wp\/v2\/types\/post"}],"author":[{"embeddable":true,"href":"https:\/\/www.reunion68.se\/index.php?rest_route=\/wp\/v2\/users\/1"}],"replies":[{"embeddable":true,"href":"https:\/\/www.reunion68.se\/index.php?rest_route=%2Fwp%2Fv2%2Fcomments&post=3618"}],"version-history":[{"count":17,"href":"https:\/\/www.reunion68.se\/index.php?rest_route=\/wp\/v2\/posts\/3618\/revisions"}],"predecessor-version":[{"id":3716,"href":"https:\/\/www.reunion68.se\/index.php?rest_route=\/wp\/v2\/posts\/3618\/revisions\/3716"}],"wp:attachment":[{"href":"https:\/\/www.reunion68.se\/index.php?rest_route=%2Fwp%2Fv2%2Fmedia&parent=3618"}],"wp:term":[{"taxonomy":"category","embeddable":true,"href":"https:\/\/www.reunion68.se\/index.php?rest_route=%2Fwp%2Fv2%2Fcategories&post=3618"},{"taxonomy":"post_tag","embeddable":true,"href":"https:\/\/www.reunion68.se\/index.php?rest_route=%2Fwp%2Fv2%2Ftags&post=3618"}],"curies":[{"name":"wp","href":"https:\/\/api.w.org\/{rel}","templated":true}]}}