{"id":36215,"date":"2016-02-18T18:09:19","date_gmt":"2016-02-18T16:09:19","guid":{"rendered":"http:\/\/www.reunion68.se\/?p=36215"},"modified":"2016-02-18T14:40:28","modified_gmt":"2016-02-18T12:40:28","slug":"19-09-2","status":"publish","type":"post","link":"https:\/\/www.reunion68.se\/?p=36215","title":{"rendered":"Zbi\u00f3rka \u015brodk\u00f3w na upami\u0119tnienie zamordowanych z Gniewczyny i Ka\u0144czugi"},"content":{"rendered":"<h5 style=\"text-align: center;\"><a href=\"http:\/\/www.holocaustresearch.pl\/\" target=\"_blank\"><img decoding=\"async\" class=\"center aligncenter\" src=\"http:\/\/www.reunion68.com\/Biuletyn\/img\/centrum.jpg\" alt=\"\" width=\"65%%\" \/><\/a><\/h5>\n<h5 style=\"text-align: center;\"><span style=\"text-decoration: underline; color: #000080;\"><strong><a style=\"color: #000080; text-decoration: underline;\" href=\"http:\/\/www.holocaustresearch.pl\/index.php?mod=news&amp;show=312\" target=\"_blank\">Zbi\u00f3rka \u015brodk\u00f3w na upami\u0119tnienie zamordowanych z Gniewczyny i Ka\u0144czugi<\/a><\/strong><\/span><\/h5>\n<hr style=\"height: 15px; background: #d0e6fa; width: 710px;\" \/>\n<p style=\"text-align: center;\"><span style=\"color: #000000;\"><strong>Apel o finansowe wsparcie naszej inicjatywy upami\u0119tnienia miejsca poch\u00f3wku \u017byd\u00f3w zamordowanych w Gniewczynie \u0141a\u0144cuckiej i Ka\u0144czudze w latach 1942 \u2013 1945<\/strong><\/span><\/p>\n<hr \/>\n<p style=\"text-align: left;\"><strong><span style=\"color: #000000;\">Drodzy Przyjaciele, Wsp\u00f3\u0142pracownicy, Seminarzy\u015bci, Czytelnicy,<\/span><\/strong><\/p>\n<p style=\"text-align: left;\"><span style=\"color: #000080;\">Zwracamy si\u0119 do Was z gor\u0105c\u0105 pro\u015bb\u0105 o finansowe wsparcie naszej inicjatywy upami\u0119tnienia miejsca poch\u00f3wku \u017byd\u00f3w zamordowanych w Gniewczynie \u0141a\u0144cuckiej i Ka\u0144czudze w latach 1942 \u2013 1945. Ich szcz\u0105tki ekshumowano po wojnie i przeniesiono na cmentarz wojenny w Jagiele \u2013 Niechcia\u0142ce k. Jaros\u0142awia, gdzie spoczywaj\u0105 w zbiorowych mogi\u0142ach oznaczonych jedynie zardzewia\u0142ymi tabliczkami z numerami protoko\u0142\u00f3w ekshumacyjnych. W toku bada\u0144 uda\u0142o nam si\u0119 odnale\u017a\u0107 te protoko\u0142y i zidentyfikowa\u0107 cz\u0119\u015b\u0107 ofiar z imienia i nazwiska. Chcemy, aby znalaz\u0142y si\u0119 na macewach, wyryte dla potomnych w kamieniu. Napisy zaczyna\u0107 si\u0119 b\u0119d\u0105 cytatem z ks. Hioba \u2013 Ziemio, nie kryj mojej krwi, aby m\u00f3j krzyk nie ustawa\u0142. S\u0142owa te, wyryte na zapomnianych dot\u0105d mogi\u0142ach zyskaj\u0105 jeszcze g\u0142\u0119bsz\u0105, dramatyczna wymow\u0119.<\/span><\/p>\n<p><a href=\"http:\/\/www.holocaustresearch.pl\/nowy\/photo\/14.jpg\"><img decoding=\"async\" style=\"border: 1px solid black;\" src=\"http:\/\/www.holocaustresearch.pl\/nowy\/photo\/14.jpg\" alt=\"\" width=\"33%\" \/><\/a><a href=\"http:\/\/www.holocaustresearch.pl\/nowy\/photo\/15.jpg\"><img decoding=\"async\" style=\"border: 1px solid black;\" src=\"http:\/\/www.holocaustresearch.pl\/nowy\/photo\/15.jpg\" alt=\"\" width=\"33%\" \/><\/a><a href=\"http:\/\/www.holocaustresearch.pl\/nowy\/photo\/16.jpg\"><img decoding=\"async\" style=\"border: 1px solid black;\" src=\"http:\/\/www.holocaustresearch.pl\/nowy\/photo\/16.jpg\" alt=\"\" width=\"33%\" \/><\/a><\/p>\n<p style=\"text-align: left;\"><span style=\"color: #000080;\">Na tym cmentarzu pochowano r\u00f3wnie\u017c ofiary mord\u00f3w dokonanych w innych miejscowo\u015bciach dawnego powiatu przeworskiego. Postanowili\u015bmy upami\u0119tni\u0107 w pierwszej kolejno\u015bci te ofiary, kt\u00f3rych losy poznali\u015bmy najlepiej dzi\u0119ki publikacjom i pracy nad dokumentami \u017ar\u00f3d\u0142owymi oraz relacjami \u015bwiadk\u00f3w. Mord w Gniewczynie \u0141a\u0144cuckiej zosta\u0142 opisany we wspomnieniach Tadeusza Markiela opracowanych przez Alin\u0119 Skibi\u0144sk\u0105 i opublikowanych przez nas w 2011 roku pt. &#8220;Jakie to ma znaczenie, czy zrobili to z chciwo\u015bci?&#8221;Zag\u0142ada domu Trynczer\u00f3w. Natomiast o wydarzeniach w Ka\u0144czudze z 1945 roku mo\u017cna przeczyta\u0107 w artyku\u0142ach prasowych Witolda Piecucha &#8220;Wielka noc w Ka\u0144czudze&#8221;i Piotra Lipi\u0144skiego &#8220;Nikt ich nie tyka\u0142&#8221;. Znacie zapewne te publikacje i by\u0107 mo\u017ce wstrz\u0105sn\u0119\u0142y Wami podobnie jak nami.<\/span><\/p>\n<p style=\"text-align: left; padding-left: 90px;\"><strong><span style=\"color: #000000;\">Nasza inicjatywa uzyska\u0142a w\u0142a\u015bnie urz\u0119dow\u0105 zgod\u0119. Koszt obu upami\u0119tnie\u0144 nie powinien przekroczy\u0107 sumy 18 tys. z\u0142otych.<\/span><\/strong><\/p>\n<p style=\"text-align: left; padding-left: 90px;\"><strong><span style=\"color: #000000;\">Ka\u017cda z\u0142\u00f3t\u00f3wka jest dla nas wa\u017cna. Zapraszamy do wspierania naszej inicjatywy wp\u0142atami z dopiskiem &#8220;Gniewczyna i Ka\u0144czuga&#8221;<\/span><\/strong><\/p>\n<p style=\"padding-left: 90px;\"><span style=\"color: #000000;\"><strong>konto: Stowarzyszenie Centrum Bada\u0144 nad Zag\u0142ad\u0105 \u017byd\u00f3w, Warszawa<\/strong><\/span><br \/>\n<span style=\"color: #000000;\"><strong> Alior Bank: PL 37 2490 0005 0000 4520 8799 8529 \u2028SWIFT: ALBPPLPW<\/strong><\/span><\/p>\n<p style=\"text-align: left;\"><span style=\"color: #000080;\">Wp\u0142aty, kt\u00f3re przekrocz\u0105 koszty obu planowanych upami\u0119tnie\u0144 zostan\u0105 przeznaczone na sfinansowanie kolejnych macew na tym cmentarzu. O planowanej uroczysto\u015bci ods\u0142oni\u0119cia macew z pewno\u015bci\u0105 Was poinformujemy.<\/span><br \/>\n<span style=\"color: #000080;\"> Nie chcemy, by imiona zamordowanych pozosta\u0142y nieznane i pogrzebane w niepami\u0119ci, tak jak ich szcz\u0105tki, kt\u00f3re le\u017c\u0105 tam przysypane ziemi\u0105. Od nas zale\u017cy czy pozwolimy im zgin\u0105\u0107 po raz wt\u00f3ry, zgin\u0105\u0107 w zapomnieniu.<\/span><\/p>\n<p style=\"text-align: left;\"><span style=\"color: #000080;\">Przywr\u00f3\u0107my imi\u0119 ofiarom! Mamy szans\u0119 aby wsp\u00f3lnie zrobi\u0107 co\u015b dobrego, liczymy na Was!<\/span><\/p>\n<p style=\"text-align: left;\"><span style=\"color: #000080;\">Projekt napisu Ka\u0144czuga:<\/span><\/p>\n<p style=\"text-align: center;\"><em><strong>Ziemio nie kryj mojej krwi,<\/strong><\/em><br \/>\n<em><strong> i\u017cby krzyk m\u00f3j nie ustawa\u0142<\/strong><\/em><br \/>\n<em><strong> \/Hiob 16,18\/<\/strong><\/em><\/p>\n<p style=\"text-align: center;\">[tu Gwiazda Dawida]<\/p>\n<p style=\"text-align: center;\"><em><strong>Pami\u0119ci<\/strong><\/em><br \/>\n<em><strong> \u017byd\u00f3w zamordowanych<\/strong><\/em><br \/>\n<em><strong> w Ka\u0144czudze<\/strong><\/em><br \/>\n<em><strong> ekshumowanych i przeniesionych<\/strong><\/em><br \/>\n<em><strong> na tutejszy cmentarz w 1947 r.<\/strong><\/em><br \/>\n<em><strong> Tu spoczywaj\u0105:<\/strong><\/em><br \/>\n<em><strong> Izrael Ejzig, lat 35<\/strong><\/em><br \/>\n<em><strong> Chana Krieger, lat 20<\/strong><\/em><br \/>\n<em><strong> i jej nienarodzone dziecko<\/strong><\/em><br \/>\n<em><strong> Sima Krieger, lat16<\/strong><\/em><br \/>\n<em><strong> Dawid Krieger<\/strong><\/em><br \/>\n<em><strong> Pinia Krieger, lat10<\/strong><\/em><br \/>\n<em><strong> Jankiel Krieger, lat 12<\/strong><\/em><br \/>\n<em><strong> Fejwel Jakubes, lat 33<\/strong><\/em><br \/>\n<em><strong> Dora Bergman, lat 32<\/strong><\/em><br \/>\n<em><strong> Mindla Saltzman, lat 55<\/strong><\/em><br \/>\n<em><strong> Bernard (Berek) Zwanziger, lat 26<\/strong><\/em><br \/>\n<em><strong> Izydor (Azri) Reitzfeld<\/strong><\/em><br \/>\n<em><strong> Debora Risman<\/strong><\/em><br \/>\n<em><strong> zamordowani 31 marca 1945 r.<\/strong><\/em><br \/>\n<em><strong> oraz 72 osoby<\/strong><\/em><br \/>\n<em><strong> nieznane z imienia i nazwiska<\/strong><\/em><br \/>\n<em><strong> zamordowane w 1942 r.<\/strong><\/em><\/p>\n<p style=\"text-align: left;\"><span style=\"color: #000080;\">Projekt napisu Gniewczyna:<\/span><\/p>\n<p style=\"text-align: center;\"><em><strong>Ziemio nie kryj mojej krwi,<\/strong><\/em><br \/>\n<em><strong> i\u017cby krzyk m\u00f3j nie ustawa\u0142<\/strong><\/em><br \/>\n<em><strong> \/Hiob 16,18\/<\/strong><\/em><\/p>\n<p style=\"text-align: center;\">[tu Gwiazda Dawida]<\/p>\n<p style=\"text-align: center;\"><em><strong>Pami\u0119ci<\/strong><\/em><br \/>\n<em><strong> \u017byd\u00f3w zamordowanych<\/strong><\/em><br \/>\n<em><strong> jesieni\u0105 1942 r.<\/strong><\/em><br \/>\n<em><strong> w Gniewczynie \u0141a\u0144cuckiej<\/strong><\/em><br \/>\n<em><strong> ekshumowanych i przeniesionych<\/strong><\/em><br \/>\n<em><strong> na tutejszy cmentarz w 1947 r.<\/strong><\/em><br \/>\n<em><strong> Tu spoczywaj\u0105:<\/strong><\/em><br \/>\n<em><strong> Lejb Trynczer, jego \u017cona Szeindla,<\/strong><\/em><br \/>\n<em><strong> ich synowie \u2013 Lejb, lat 3 i Lejzor, 1 rok<\/strong><\/em><br \/>\n<em><strong> Symcha Adler,<\/strong><\/em><br \/>\n<em><strong> jego \u017cona Gitla z Sandman\u00f3w, lat 38<\/strong><\/em><br \/>\n<em><strong> ich nienarodzone sze\u015bciomiesi\u0119czne dziecko<\/strong><\/em><br \/>\n<em><strong> oraz dzieci &#8211; Szymon J\u00f3zef, lat 19, Nuchem, lat 15<\/strong><\/em><br \/>\n<em><strong> i Aron zwany Urysiem , lat 12<\/strong><\/em><br \/>\n<em><strong> oraz dwie<\/strong><\/em><br \/>\n<em><strong> nieznane z nazwiska osoby<\/strong><\/em><\/p>\n<hr style=\"height: 15px; background: #d0e6fa; width: 710px;\" \/>\n<div id=\"content\" class=\" content-alignment&lt;br \/&gt;&lt;br \/&gt; \">\n<div id=\"watch-description\" class=\"yt-uix-button-panel\">\n<div id=\"watch-description-text\">\n<p style=\"text-align: center;\"><span style=\"color: #808080;\"> twoje uwagi, linki, wlasne artykuly, lub wiadomosci przeslij do: <span style=\"color: #000080;\"><strong><span style=\"text-decoration: underline;\"><a style=\"color: #000080; text-decoration: underline;\" href=\"mailto:webmaster@reunion68.com\">webmaster@reunion68.com<\/a><\/span><\/strong><\/span><\/span><\/p>\n<\/div>\n<\/div>\n<\/div>\n<p>&nbsp;<\/p>\n<hr style=\"width: 710px;\" \/>\n","protected":false},"excerpt":{"rendered":"<p>Zbi\u00f3rka \u015brodk\u00f3w na upami\u0119tnienie zamordowanych z Gniewczyny i Ka\u0144czugi Apel o finansowe wsparcie naszej inicjatywy upami\u0119tnienia miejsca poch\u00f3wku \u017byd\u00f3w zamordowanych w Gniewczynie \u0141a\u0144cuckiej i Ka\u0144czudze w latach 1942 \u2013 1945 Drodzy Przyjaciele, Wsp\u00f3\u0142pracownicy, Seminarzy\u015bci, Czytelnicy, Zwracamy si\u0119 do Was z gor\u0105c\u0105 pro\u015bb\u0105 o finansowe wsparcie naszej inicjatywy upami\u0119tnienia miejsca poch\u00f3wku \u017byd\u00f3w zamordowanych w Gniewczynie \u0141a\u0144cuckiej [&hellip;]<\/p>\n","protected":false},"author":1,"featured_media":0,"comment_status":"closed","ping_status":"closed","sticky":false,"template":"","format":"standard","meta":[],"categories":[6],"tags":[26,24],"_links":{"self":[{"href":"https:\/\/www.reunion68.se\/index.php?rest_route=\/wp\/v2\/posts\/36215"}],"collection":[{"href":"https:\/\/www.reunion68.se\/index.php?rest_route=\/wp\/v2\/posts"}],"about":[{"href":"https:\/\/www.reunion68.se\/index.php?rest_route=\/wp\/v2\/types\/post"}],"author":[{"embeddable":true,"href":"https:\/\/www.reunion68.se\/index.php?rest_route=\/wp\/v2\/users\/1"}],"replies":[{"embeddable":true,"href":"https:\/\/www.reunion68.se\/index.php?rest_route=%2Fwp%2Fv2%2Fcomments&post=36215"}],"version-history":[{"count":31,"href":"https:\/\/www.reunion68.se\/index.php?rest_route=\/wp\/v2\/posts\/36215\/revisions"}],"predecessor-version":[{"id":36253,"href":"https:\/\/www.reunion68.se\/index.php?rest_route=\/wp\/v2\/posts\/36215\/revisions\/36253"}],"wp:attachment":[{"href":"https:\/\/www.reunion68.se\/index.php?rest_route=%2Fwp%2Fv2%2Fmedia&parent=36215"}],"wp:term":[{"taxonomy":"category","embeddable":true,"href":"https:\/\/www.reunion68.se\/index.php?rest_route=%2Fwp%2Fv2%2Fcategories&post=36215"},{"taxonomy":"post_tag","embeddable":true,"href":"https:\/\/www.reunion68.se\/index.php?rest_route=%2Fwp%2Fv2%2Ftags&post=36215"}],"curies":[{"name":"wp","href":"https:\/\/api.w.org\/{rel}","templated":true}]}}