{"id":36707,"date":"2016-02-29T18:09:18","date_gmt":"2016-02-29T16:09:18","guid":{"rendered":"http:\/\/www.reunion68.se\/?p=36707"},"modified":"2016-02-26T14:15:47","modified_gmt":"2016-02-26T12:15:47","slug":"26-09-3","status":"publish","type":"post","link":"https:\/\/www.reunion68.se\/?p=36707","title":{"rendered":"Konferencja o \u017cydowskim dziedzictwie kulturowym"},"content":{"rendered":"<h5 style=\"text-align: center;\"><a href=\"http:\/\/www.sztetl.org.pl\/\" target=\"_blank\"><img decoding=\"async\" class=\"center alignleft\" src=\"http:\/\/www.reunion68.com\/Biuletyn\/img\/w-sz.jpg\" alt=\"\" width=\"20%\" \/><\/a><span style=\"text-decoration: underline; color: #000080;\"><strong><a style=\"color: #000080; text-decoration: underline;\" href=\"http:\/\/www.sztetl.org.pl\/pl\/cms\/aktualnosci\/5069,konferencja-o-zydowskim-dziedzictwie-kulturowym\/\" target=\"_blank\">Konferencja o \u017cydowskim dziedzictwie kulturowym<\/a><\/strong><\/span><\/h5>\n<hr style=\"height: 15px; background: #d0e6fa; width: 710px;\" \/>\n<p style=\"text-align: left;\"><strong><span style=\"color: #000000;\">Od 8 do 10 czerwca 2016 r. w Warszawie odb\u0119dzie si\u0119 konferencja \u201e\u017bydowskie dziedzictwo kulturowe. Projekty, metody, inspiracje\u201d.<\/span><\/strong><\/p>\n<p style=\"text-align: left;\"><strong><span style=\"color: #000000;\">Muzeum Historii \u017byd\u00f3w Polskich POLIN i HL-Senteret zapraszaj\u0105 do nadsy\u0142ania zg\u0142osze\u0144 prezentacji, film\u00f3w i udzia\u0142u w Parku Projekt\u00f3w, kt\u00f3re z\u0142o\u017c\u0105 si\u0119 na program konferencji i wydarze\u0144 jej towarzysz\u0105cych. Na materia\u0142y czekamy do 31 marca 2016 r. do godz. 23:45.<\/span><\/strong><\/p>\n<p><a href=\"http:\/\/www.sztetl.org.pl\/getimage.php?c=OBRAZY&amp;x=800&amp;y=500&amp;file=obraz_6769.jpg\"><img decoding=\"async\" class=\"alignright\" src=\"http:\/\/www.sztetl.org.pl\/getimage.php?c=OBRAZY&amp;x=800&amp;y=500&amp;file=obraz_6769.jpg\" alt=\"\" width=\"40%\" \/><\/a><\/p>\n<p style=\"text-align: left;\"><span style=\"color: #000080;\"><strong>Podczas konferencji zadamy pytania o rol\u0119 i r\u00f3\u017cnorodne aspekty ochrony i popularyzacji \u017cydowskiego dziedzictwa kulturowego we wsp\u00f3\u0142czesnej Europie.<\/strong> Z jakich powod\u00f3w i w jaki spos\u00f3b \u017cydowskie dziedzictwo kulturowe jest w\u0142\u0105czane w rozmaite dyskursy i praktyki spo\u0142eczne? Co, jak i dla kogo podlega odbudowie, jest popularyzowane, rewitalizowane, staje si\u0119 przedmiotem edukacji, czy program\u00f3w spo\u0142ecznych? Jakie znaczenie dla rozmaitych spo\u0142eczno\u015bci maj\u0105 podejmowane dzia\u0142ania w r\u00f3\u017cnorodnych europejskich kontekstach? Popatrzymy na te zagadnienia z perspektywy realizacji projekt\u00f3w i inicjatyw zwi\u0105zanych z \u017cydowskim dziedzictwem kulturowym. W szczeg\u00f3lno\u015bci b\u0119dziemy porusza\u0107 si\u0119 po obszarach zwi\u0105zanych z renowacj\u0105, edukacj\u0105, popularyzatorstwem i wystawiennictwem.<\/span><\/p>\n<p style=\"text-align: left;\"><span style=\"color: #000080;\"><strong>B\u0119dzie to okazja do zaprezentowania najciekawszych przedsi\u0119wzi\u0119\u0107, wymienienia si\u0119 innowacyjnymi metodami pracy, czy dobrymi praktykami.<\/strong> Mamy nadziej\u0119, \u017ce uda si\u0119 wsp\u00f3lnie znale\u017a\u0107 inspiracje dla przysz\u0142ych inicjatyw i stworzy\u0107 warunki do nawi\u0105zania mi\u0119dzynarodowej wsp\u00f3\u0142pracy. B\u0119dziemy \u0142\u0105czy\u0107 dyskusj\u0119 z narz\u0119dziami sieciowania. Dlatego te\u017c proponujemy 2 dni konferencyjne oraz trzeci dzie\u0144 po\u015bwi\u0119cony jedynie budowaniu relacji pomi\u0119dzy uczestnikami.<\/span><\/p>\n<p style=\"text-align: left;\"><strong><span style=\"color: #000080;\">Sesje dyskusyjne, do kt\u00f3rych mo\u017cna zg\u0142asza\u0107 wyst\u0105pienia:<\/span><\/strong><\/p>\n<p style=\"text-align: left;\"><strong><span style=\"color: #000080;\">8 czerwca 2016 r. (\u015broda)<\/span><\/strong><\/p>\n<ul>\n<li><span style=\"color: #000000;\">dr <strong>Orit Stieglitz,<\/strong> <em>Restoration and Preservation: Meaning and Roles.<\/em><\/span><\/li>\n<li><span style=\"color: #000000;\"><strong>Assumpci\u00f3 Hosta Reb\u00e9s<\/strong>, <em>Heritage routes \u2013 memory, commercialization and popularization.<\/em><\/span><\/li>\n<li><span style=\"color: #000000;\">dr<strong> Dobrochna Ka\u0142wa<\/strong>, <em>Value and uses for oral history. Studying the past relationships of neighbors.<\/em><\/span><\/li>\n<li><span style=\"color: #000000;\">prof.<strong> Barbara Kirshenblatt-Gimblett<\/strong>, <em>Exhibition Narratives: Museums and Memorials.<\/em><\/span><\/li>\n<\/ul>\n<p style=\"text-align: left;\"><strong><span style=\"color: #000080;\">9 czerwca 2016 r. (czwartek)<\/span><\/strong><\/p>\n<ul>\n<li><strong>Michael Peter Edson<\/strong>, <em>New Media in Jewish heritage education.<\/em><\/li>\n<li><strong>Arnaud Dechelle<\/strong>, <em>Medium, object, story. Using multimedia in narrative exhibitions.<\/em><\/li>\n<li>prof.<strong> Tor Einar Fagerland<\/strong>, <em>Creative approaches to cultural memory and education.<\/em><\/li>\n<li><strong>Emil Majuk<\/strong>, <em>Working with local communities in the field of the Jewish cultural sphere and memory.<\/em><\/li>\n<li><em>Social engagement \u2013 heritage of diversity or burden of xenophobia? Programs promoting open attitudes and a diverse society.<\/em> Sesja przygotowywana przez Stowarzyszenie \u201e<strong>Nigdy Wi\u0119cej<\/strong>\u201d.<\/li>\n<li>dr <strong>Erica Lehrer<\/strong>, <em>Artistic practices as a medium for memory and social change.<\/em><\/li>\n<\/ul>\n<p><span style=\"color: #000080;\">Formularz rejestracji i szczeg\u00f3\u0142owy program dost\u0119pne s\u0105 na stronie <span style=\"text-decoration: underline;\"><strong><a style=\"color: #000080; text-decoration: underline;\" href=\"http:\/\/www.polin.pl\/pl\/konferencja-zydowskie-dziedzictwo-kulturowe\" target=\"_blank\">www.polin.pl\/pl\/konferencja-zydowskie-dziedzictwo-kulturowe<\/a><\/strong><\/span><\/span><\/p>\n<p><img decoding=\"async\" class=\"aligncenter\" src=\"http:\/\/www.sztetl.org.pl\/getimage.php?c=OBRAZY&amp;x=800&amp;y=500&amp;file=obraz_6768.jpg\" alt=\"\" width=\"80%\" \/><\/p>\n<hr style=\"height: 15px; background: #d0e6fa; width: 710px;\" \/>\n<div id=\"content\" class=\" content-alignment&lt;br \/&gt;&lt;br \/&gt; \">\n<div id=\"watch-description\" class=\"yt-uix-button-panel\">\n<div id=\"watch-description-text\">\n<p style=\"text-align: center;\"><span style=\"color: #808080;\"> twoje uwagi, linki, wlasne artykuly, lub wiadomosci przeslij do: <span style=\"color: #000080;\"><strong><span style=\"text-decoration: underline;\"><a style=\"color: #000080; text-decoration: underline;\" href=\"mailto:webmaster@reunion68.com\">webmaster@reunion68.com<\/a><\/span><\/strong><\/span><\/span><\/p>\n<\/div>\n<\/div>\n<\/div>\n<p>&nbsp;<\/p>\n<hr style=\"width: 710px;\" \/>\n","protected":false},"excerpt":{"rendered":"<p>Konferencja o \u017cydowskim dziedzictwie kulturowym Od 8 do 10 czerwca 2016 r. w Warszawie odb\u0119dzie si\u0119 konferencja \u201e\u017bydowskie dziedzictwo kulturowe. Projekty, metody, inspiracje\u201d. Muzeum Historii \u017byd\u00f3w Polskich POLIN i HL-Senteret zapraszaj\u0105 do nadsy\u0142ania zg\u0142osze\u0144 prezentacji, film\u00f3w i udzia\u0142u w Parku Projekt\u00f3w, kt\u00f3re z\u0142o\u017c\u0105 si\u0119 na program konferencji i wydarze\u0144 jej towarzysz\u0105cych. Na materia\u0142y czekamy do [&hellip;]<\/p>\n","protected":false},"author":1,"featured_media":0,"comment_status":"closed","ping_status":"closed","sticky":false,"template":"","format":"standard","meta":[],"categories":[6],"tags":[26,24],"_links":{"self":[{"href":"https:\/\/www.reunion68.se\/index.php?rest_route=\/wp\/v2\/posts\/36707"}],"collection":[{"href":"https:\/\/www.reunion68.se\/index.php?rest_route=\/wp\/v2\/posts"}],"about":[{"href":"https:\/\/www.reunion68.se\/index.php?rest_route=\/wp\/v2\/types\/post"}],"author":[{"embeddable":true,"href":"https:\/\/www.reunion68.se\/index.php?rest_route=\/wp\/v2\/users\/1"}],"replies":[{"embeddable":true,"href":"https:\/\/www.reunion68.se\/index.php?rest_route=%2Fwp%2Fv2%2Fcomments&post=36707"}],"version-history":[{"count":22,"href":"https:\/\/www.reunion68.se\/index.php?rest_route=\/wp\/v2\/posts\/36707\/revisions"}],"predecessor-version":[{"id":36731,"href":"https:\/\/www.reunion68.se\/index.php?rest_route=\/wp\/v2\/posts\/36707\/revisions\/36731"}],"wp:attachment":[{"href":"https:\/\/www.reunion68.se\/index.php?rest_route=%2Fwp%2Fv2%2Fmedia&parent=36707"}],"wp:term":[{"taxonomy":"category","embeddable":true,"href":"https:\/\/www.reunion68.se\/index.php?rest_route=%2Fwp%2Fv2%2Fcategories&post=36707"},{"taxonomy":"post_tag","embeddable":true,"href":"https:\/\/www.reunion68.se\/index.php?rest_route=%2Fwp%2Fv2%2Ftags&post=36707"}],"curies":[{"name":"wp","href":"https:\/\/api.w.org\/{rel}","templated":true}]}}